{"id":5153,"date":"2020-12-31T17:35:38","date_gmt":"2020-12-31T16:35:38","guid":{"rendered":"https:\/\/dom-glina.hr\/?p=5153"},"modified":"2021-04-11T17:37:38","modified_gmt":"2021-04-11T15:37:38","slug":"aladrovic-evakuirali-smo-domove-za-starije-koji-su-bili-u-potrebi","status":"publish","type":"post","link":"https:\/\/dom-glina.hr\/?p=5153","title":{"rendered":"Aladrovi\u0107: Evakuirali smo domove za starije koji su bili u potrebi"},"content":{"rendered":"<p style=\"text-align: left;\">Dana 29.12.2020. godine Dom za starije osobe Glina odmah nakon potresa posjetio je ministar Josip Aladrovi\u0107 kojem se od sveg srca zahvaljujem na pomo\u0107i oko organizacije smje\u0161taja na\u0161ih korisnika.<br \/>\nDok nismo zbrinuli sve do zadnjeg korisnika nije oti\u0161ao iz na\u0161eg Doma.<br \/>\nZahvaljujem se tako\u0111er \u0161efici Kriznog sto\u017eera Ministarstva zdravstva Maji Grba- Bujevi\u0107 koja nam je poslala sanitetski prijevoz za korisnike.<br \/>\nZahvaljujem se svim prijateljima na svakoj pomo\u0107i, svima volonterima koji su stigli sa kombi prijevozom kako bi prevezli korisnike za Zagreb, te autoprijevozniku Pavleni\u0107 .<br \/>\nZahvaljujem se ravnateljicama Domova za starije u Zagrebu, te ravnatelju lje\u010dili\u0161ta Topusko Domagoju Mosleru koji su dobro zbrinuli na\u0161e korisnike.<br \/>\nRavnateljica<br \/>\nRenata Tominovi\u0107- Cekovi\u0107- mag.educ.rehab.<\/p>\n<p>Preuzeto sa:<\/p>\n<p><a href=\"https:\/\/vijesti.hrt.hr\/hrvatska\/aladrovic-evakuirali-smo-domove-za-starije-koji-su-bili-u-potrebi-678676\"><span style=\"text-decoration: underline; color: #3366ff;\"><em>https:\/\/vijesti.hrt.hr\/hrvatska\/aladrovic-evakuirali-smo-domove-za-starije-koji-su-bili-u-potrebi-678676<\/em><\/span><\/a><\/p>\n<p>&nbsp;<\/p>\n<p>&nbsp;<\/p>\n<p>&nbsp;<\/p>\n","protected":false},"excerpt":{"rendered":"<p>Dana 29.12.2020. godine Dom za starije osobe Glina odmah nakon potresa posjetio je ministar Josip Aladrovi\u0107 kojem se od sveg srca zahvaljujem na pomo\u0107i oko organizacije smje\u0161taja na\u0161ih korisnika. Dok nismo zbrinuli sve do zadnjeg korisnika nije oti\u0161ao iz na\u0161eg Doma. Zahvaljujem se tako\u0111er \u0161efici Kriznog sto\u017eera Ministarstva zdravstva Maji Grba- Bujevi\u0107 koja nam je&hellip;<\/p>\n","protected":false},"author":1,"featured_media":5154,"comment_status":"closed","ping_status":"closed","sticky":false,"template":"","format":"standard","meta":{"_monsterinsights_skip_tracking":false,"_monsterinsights_sitenote_active":false,"_monsterinsights_sitenote_note":"","_monsterinsights_sitenote_category":0,"ngg_post_thumbnail":0,"footnotes":""},"categories":[2],"tags":[],"aioseo_notices":[],"_links":{"self":[{"href":"https:\/\/dom-glina.hr\/index.php?rest_route=\/wp\/v2\/posts\/5153"}],"collection":[{"href":"https:\/\/dom-glina.hr\/index.php?rest_route=\/wp\/v2\/posts"}],"about":[{"href":"https:\/\/dom-glina.hr\/index.php?rest_route=\/wp\/v2\/types\/post"}],"author":[{"embeddable":true,"href":"https:\/\/dom-glina.hr\/index.php?rest_route=\/wp\/v2\/users\/1"}],"replies":[{"embeddable":true,"href":"https:\/\/dom-glina.hr\/index.php?rest_route=%2Fwp%2Fv2%2Fcomments&post=5153"}],"version-history":[{"count":3,"href":"https:\/\/dom-glina.hr\/index.php?rest_route=\/wp\/v2\/posts\/5153\/revisions"}],"predecessor-version":[{"id":5157,"href":"https:\/\/dom-glina.hr\/index.php?rest_route=\/wp\/v2\/posts\/5153\/revisions\/5157"}],"wp:featuredmedia":[{"embeddable":true,"href":"https:\/\/dom-glina.hr\/index.php?rest_route=\/wp\/v2\/media\/5154"}],"wp:attachment":[{"href":"https:\/\/dom-glina.hr\/index.php?rest_route=%2Fwp%2Fv2%2Fmedia&parent=5153"}],"wp:term":[{"taxonomy":"category","embeddable":true,"href":"https:\/\/dom-glina.hr\/index.php?rest_route=%2Fwp%2Fv2%2Fcategories&post=5153"},{"taxonomy":"post_tag","embeddable":true,"href":"https:\/\/dom-glina.hr\/index.php?rest_route=%2Fwp%2Fv2%2Ftags&post=5153"}],"curies":[{"name":"wp","href":"https:\/\/api.w.org\/{rel}","templated":true}]}}