{"id":5097,"date":"2020-12-18T17:05:12","date_gmt":"2020-12-18T16:05:12","guid":{"rendered":"https:\/\/dom-glina.hr\/?p=5097"},"modified":"2020-12-22T17:06:18","modified_gmt":"2020-12-22T16:06:18","slug":"demencija-i-covid-19","status":"publish","type":"post","link":"https:\/\/dom-glina.hr\/?p=5097","title":{"rendered":"Demencija i Covid-19"},"content":{"rendered":"<p>Ravnateljica Doma Renata Tominovi\u0107- Cekovi\u0107, socijalna radnica Marija \u0160aki\u0107 i voditeljica Odjela njege i brige o zdravlju medicinska sestra Sanela Pezi\u0107 sudjelovale su online na 6.edukativnoj konferenciji o Alzheimerovoj bolesti HUAB- a i 3. regionalnoj konferenciji PS\u017d o Alzheimerovoj bolesti dana 18.12. 2020.godine na temu \u201cDemencija i Covid- 19.<\/p>\n<p>&nbsp;<\/p>\n<!-- default-view.php -->\n<div\n\tclass=\"ngg-galleryoverview default-view \n\t ngg-ajax-pagination-none\t\"\n\tid=\"ngg-gallery-d242ba99457178e9629f273fa93d473b-1\">\n\n\t\t<!-- Thumbnails -->\n\t\t\t\t<div id=\"ngg-image-0\" class=\"ngg-gallery-thumbnail-box \n\t\t\t\t\t\t\t\t\t\t\t\" \n\t\t\t>\n\t\t\t\t\t\t<div class=\"ngg-gallery-thumbnail\">\n\t\t\t<a href=\"https:\/\/dom-glina.hr\/wp-content\/gallery\/demencija-i-covid-19-18122020\/131663870_867064557437529_4712391462767238828_n.jpg\"\n\t\t\t\ttitle=\"\"\n\t\t\t\tdata-src=\"https:\/\/dom-glina.hr\/wp-content\/gallery\/demencija-i-covid-19-18122020\/131663870_867064557437529_4712391462767238828_n.jpg\"\n\t\t\t\tdata-thumbnail=\"https:\/\/dom-glina.hr\/wp-content\/gallery\/demencija-i-covid-19-18122020\/thumbs\/thumbs_131663870_867064557437529_4712391462767238828_n.jpg\"\n\t\t\t\tdata-image-id=\"1453\"\n\t\t\t\tdata-title=\"131663870_867064557437529_4712391462767238828_n\"\n\t\t\t\tdata-description=\"\"\n\t\t\t\tdata-image-slug=\"131663870_867064557437529_4712391462767238828_n\"\n\t\t\t\tclass=\"ngg-fancybox\" rel=\"d242ba99457178e9629f273fa93d473b\">\n\t\t\t\t<img\n\t\t\t\t\ttitle=\"131663870_867064557437529_4712391462767238828_n\"\n\t\t\t\t\talt=\"131663870_867064557437529_4712391462767238828_n\"\n\t\t\t\t\tsrc=\"https:\/\/dom-glina.hr\/wp-content\/gallery\/demencija-i-covid-19-18122020\/thumbs\/thumbs_131663870_867064557437529_4712391462767238828_n.jpg\"\n\t\t\t\t\twidth=\"240\"\n\t\t\t\t\theight=\"160\"\n\t\t\t\t\tstyle=\"max-width:100%;\"\n\t\t\t\t\/>\n\t\t\t<\/a>\n\t\t<\/div>\n\t\t\t\t\t\t\t<\/div> \n\t\t\t\n\t\t\t\t<div id=\"ngg-image-1\" class=\"ngg-gallery-thumbnail-box \n\t\t\t\t\t\t\t\t\t\t\t\" \n\t\t\t>\n\t\t\t\t\t\t<div class=\"ngg-gallery-thumbnail\">\n\t\t\t<a href=\"https:\/\/dom-glina.hr\/wp-content\/gallery\/demencija-i-covid-19-18122020\/131664310_867064467437538_4068295371713557389_n.jpg\"\n\t\t\t\ttitle=\"\"\n\t\t\t\tdata-src=\"https:\/\/dom-glina.hr\/wp-content\/gallery\/demencija-i-covid-19-18122020\/131664310_867064467437538_4068295371713557389_n.jpg\"\n\t\t\t\tdata-thumbnail=\"https:\/\/dom-glina.hr\/wp-content\/gallery\/demencija-i-covid-19-18122020\/thumbs\/thumbs_131664310_867064467437538_4068295371713557389_n.jpg\"\n\t\t\t\tdata-image-id=\"1454\"\n\t\t\t\tdata-title=\"131664310_867064467437538_4068295371713557389_n\"\n\t\t\t\tdata-description=\"\"\n\t\t\t\tdata-image-slug=\"131664310_867064467437538_4068295371713557389_n\"\n\t\t\t\tclass=\"ngg-fancybox\" rel=\"d242ba99457178e9629f273fa93d473b\">\n\t\t\t\t<img\n\t\t\t\t\ttitle=\"131664310_867064467437538_4068295371713557389_n\"\n\t\t\t\t\talt=\"131664310_867064467437538_4068295371713557389_n\"\n\t\t\t\t\tsrc=\"https:\/\/dom-glina.hr\/wp-content\/gallery\/demencija-i-covid-19-18122020\/thumbs\/thumbs_131664310_867064467437538_4068295371713557389_n.jpg\"\n\t\t\t\t\twidth=\"240\"\n\t\t\t\t\theight=\"160\"\n\t\t\t\t\tstyle=\"max-width:100%;\"\n\t\t\t\t\/>\n\t\t\t<\/a>\n\t\t<\/div>\n\t\t\t\t\t\t\t<\/div> \n\t\t\t\n\t\t\t\t<div id=\"ngg-image-2\" class=\"ngg-gallery-thumbnail-box \n\t\t\t\t\t\t\t\t\t\t\t\" \n\t\t\t>\n\t\t\t\t\t\t<div class=\"ngg-gallery-thumbnail\">\n\t\t\t<a href=\"https:\/\/dom-glina.hr\/wp-content\/gallery\/demencija-i-covid-19-18122020\/131919422_867064507437534_6263733381853870621_n.jpg\"\n\t\t\t\ttitle=\"\"\n\t\t\t\tdata-src=\"https:\/\/dom-glina.hr\/wp-content\/gallery\/demencija-i-covid-19-18122020\/131919422_867064507437534_6263733381853870621_n.jpg\"\n\t\t\t\tdata-thumbnail=\"https:\/\/dom-glina.hr\/wp-content\/gallery\/demencija-i-covid-19-18122020\/thumbs\/thumbs_131919422_867064507437534_6263733381853870621_n.jpg\"\n\t\t\t\tdata-image-id=\"1455\"\n\t\t\t\tdata-title=\"131919422_867064507437534_6263733381853870621_n\"\n\t\t\t\tdata-description=\"\"\n\t\t\t\tdata-image-slug=\"131919422_867064507437534_6263733381853870621_n\"\n\t\t\t\tclass=\"ngg-fancybox\" rel=\"d242ba99457178e9629f273fa93d473b\">\n\t\t\t\t<img\n\t\t\t\t\ttitle=\"131919422_867064507437534_6263733381853870621_n\"\n\t\t\t\t\talt=\"131919422_867064507437534_6263733381853870621_n\"\n\t\t\t\t\tsrc=\"https:\/\/dom-glina.hr\/wp-content\/gallery\/demencija-i-covid-19-18122020\/thumbs\/thumbs_131919422_867064507437534_6263733381853870621_n.jpg\"\n\t\t\t\t\twidth=\"240\"\n\t\t\t\t\theight=\"160\"\n\t\t\t\t\tstyle=\"max-width:100%;\"\n\t\t\t\t\/>\n\t\t\t<\/a>\n\t\t<\/div>\n\t\t\t\t\t\t\t<\/div> \n\t\t\t\n\t\n\t<br style=\"clear: both\" \/>\n\n\t\n\t\t<!-- Pagination -->\n\t\t<div class='ngg-clear'><\/div>\t<\/div>\n\n","protected":false},"excerpt":{"rendered":"<p>Ravnateljica Doma Renata Tominovi\u0107- Cekovi\u0107, socijalna radnica Marija \u0160aki\u0107 i voditeljica Odjela njege i brige o zdravlju medicinska sestra Sanela Pezi\u0107 sudjelovale su online na 6.edukativnoj konferenciji o Alzheimerovoj bolesti HUAB- a i 3. regionalnoj konferenciji PS\u017d o Alzheimerovoj bolesti dana 18.12. 2020.godine na temu \u201cDemencija i Covid- 19. &nbsp; &#8221; order_by=&#8221;sortorder&#8221; order_direction=&#8221;ASC&#8221; returns=&#8221;included&#8221; maximum_entity_count=&#8221;500&#8243;]<\/p>\n","protected":false},"author":1,"featured_media":5098,"comment_status":"closed","ping_status":"closed","sticky":false,"template":"","format":"standard","meta":{"_monsterinsights_skip_tracking":false,"_monsterinsights_sitenote_active":false,"_monsterinsights_sitenote_note":"","_monsterinsights_sitenote_category":0,"ngg_post_thumbnail":0,"footnotes":""},"categories":[2],"tags":[],"aioseo_notices":[],"_links":{"self":[{"href":"https:\/\/dom-glina.hr\/index.php?rest_route=\/wp\/v2\/posts\/5097"}],"collection":[{"href":"https:\/\/dom-glina.hr\/index.php?rest_route=\/wp\/v2\/posts"}],"about":[{"href":"https:\/\/dom-glina.hr\/index.php?rest_route=\/wp\/v2\/types\/post"}],"author":[{"embeddable":true,"href":"https:\/\/dom-glina.hr\/index.php?rest_route=\/wp\/v2\/users\/1"}],"replies":[{"embeddable":true,"href":"https:\/\/dom-glina.hr\/index.php?rest_route=%2Fwp%2Fv2%2Fcomments&post=5097"}],"version-history":[{"count":1,"href":"https:\/\/dom-glina.hr\/index.php?rest_route=\/wp\/v2\/posts\/5097\/revisions"}],"predecessor-version":[{"id":5099,"href":"https:\/\/dom-glina.hr\/index.php?rest_route=\/wp\/v2\/posts\/5097\/revisions\/5099"}],"wp:featuredmedia":[{"embeddable":true,"href":"https:\/\/dom-glina.hr\/index.php?rest_route=\/wp\/v2\/media\/5098"}],"wp:attachment":[{"href":"https:\/\/dom-glina.hr\/index.php?rest_route=%2Fwp%2Fv2%2Fmedia&parent=5097"}],"wp:term":[{"taxonomy":"category","embeddable":true,"href":"https:\/\/dom-glina.hr\/index.php?rest_route=%2Fwp%2Fv2%2Fcategories&post=5097"},{"taxonomy":"post_tag","embeddable":true,"href":"https:\/\/dom-glina.hr\/index.php?rest_route=%2Fwp%2Fv2%2Ftags&post=5097"}],"curies":[{"name":"wp","href":"https:\/\/api.w.org\/{rel}","templated":true}]}}