{"id":4931,"date":"2020-11-19T14:50:00","date_gmt":"2020-11-19T13:50:00","guid":{"rendered":"https:\/\/dom-glina.hr\/?p=4931"},"modified":"2020-12-22T14:54:03","modified_gmt":"2020-12-22T13:54:03","slug":"ruza-i-anto-70-godina-braka","status":"publish","type":"post","link":"https:\/\/dom-glina.hr\/?p=4931","title":{"rendered":"Ru\u017ea I Anto &#8211; 70 godina braka"},"content":{"rendered":"<p>Rijetko koji par se mo\u017ee pohvaliti da je zajedno proslavio \u010dak 70 godina braka.<\/p>\n<p>No, na\u0161i supru\u017enici Ru\u017ea, ro\u0111ena 1932. godine i Anto , ro\u0111en 1933. godine , prije to\u010dno toliko godina izrekli su svoje sudbonosno da.<\/p>\n<p>Proslavili su zlatni, dijamantni , a u na\u0161em domu i platinasti pir.<\/p>\n<p>Rekli su nam da su ljubav, razumijevanje i tolerancija recept za uspje\u0161an zajedni\u010dki \u017eivot.<\/p>\n<p>\u010cestitamo i \u017eelimo im puno zdravlja i dug \u017eivot.<\/p>\n<p>&nbsp;<\/p>\n<!-- default-view.php -->\n<div\n\tclass=\"ngg-galleryoverview default-view \n\t ngg-ajax-pagination-none\t\"\n\tid=\"ngg-gallery-21504639a5e4ffebcc3247104c27efcf-1\">\n\n\t\t<!-- Thumbnails -->\n\t\t\t\t<div id=\"ngg-image-0\" class=\"ngg-gallery-thumbnail-box \n\t\t\t\t\t\t\t\t\t\t\t\" \n\t\t\t>\n\t\t\t\t\t\t<div class=\"ngg-gallery-thumbnail\">\n\t\t\t<a href=\"https:\/\/dom-glina.hr\/wp-content\/gallery\/ruza-i-anto-19112020\/126181066_846397772837541_2140635648935514766_n.jpg\"\n\t\t\t\ttitle=\"\"\n\t\t\t\tdata-src=\"https:\/\/dom-glina.hr\/wp-content\/gallery\/ruza-i-anto-19112020\/126181066_846397772837541_2140635648935514766_n.jpg\"\n\t\t\t\tdata-thumbnail=\"https:\/\/dom-glina.hr\/wp-content\/gallery\/ruza-i-anto-19112020\/thumbs\/thumbs_126181066_846397772837541_2140635648935514766_n.jpg\"\n\t\t\t\tdata-image-id=\"1397\"\n\t\t\t\tdata-title=\"126181066_846397772837541_2140635648935514766_n\"\n\t\t\t\tdata-description=\"\"\n\t\t\t\tdata-image-slug=\"126181066_846397772837541_2140635648935514766_n\"\n\t\t\t\tclass=\"ngg-fancybox\" rel=\"21504639a5e4ffebcc3247104c27efcf\">\n\t\t\t\t<img\n\t\t\t\t\ttitle=\"126181066_846397772837541_2140635648935514766_n\"\n\t\t\t\t\talt=\"126181066_846397772837541_2140635648935514766_n\"\n\t\t\t\t\tsrc=\"https:\/\/dom-glina.hr\/wp-content\/gallery\/ruza-i-anto-19112020\/thumbs\/thumbs_126181066_846397772837541_2140635648935514766_n.jpg\"\n\t\t\t\t\twidth=\"240\"\n\t\t\t\t\theight=\"160\"\n\t\t\t\t\tstyle=\"max-width:100%;\"\n\t\t\t\t\/>\n\t\t\t<\/a>\n\t\t<\/div>\n\t\t\t\t\t\t\t<\/div> \n\t\t\t\n\t\t\t\t<div id=\"ngg-image-1\" class=\"ngg-gallery-thumbnail-box \n\t\t\t\t\t\t\t\t\t\t\t\" \n\t\t\t>\n\t\t\t\t\t\t<div class=\"ngg-gallery-thumbnail\">\n\t\t\t<a href=\"https:\/\/dom-glina.hr\/wp-content\/gallery\/ruza-i-anto-19112020\/126445169_846397752837543_8495097334395569626_n.jpg\"\n\t\t\t\ttitle=\"\"\n\t\t\t\tdata-src=\"https:\/\/dom-glina.hr\/wp-content\/gallery\/ruza-i-anto-19112020\/126445169_846397752837543_8495097334395569626_n.jpg\"\n\t\t\t\tdata-thumbnail=\"https:\/\/dom-glina.hr\/wp-content\/gallery\/ruza-i-anto-19112020\/thumbs\/thumbs_126445169_846397752837543_8495097334395569626_n.jpg\"\n\t\t\t\tdata-image-id=\"1398\"\n\t\t\t\tdata-title=\"126445169_846397752837543_8495097334395569626_n\"\n\t\t\t\tdata-description=\"\"\n\t\t\t\tdata-image-slug=\"126445169_846397752837543_8495097334395569626_n\"\n\t\t\t\tclass=\"ngg-fancybox\" rel=\"21504639a5e4ffebcc3247104c27efcf\">\n\t\t\t\t<img\n\t\t\t\t\ttitle=\"126445169_846397752837543_8495097334395569626_n\"\n\t\t\t\t\talt=\"126445169_846397752837543_8495097334395569626_n\"\n\t\t\t\t\tsrc=\"https:\/\/dom-glina.hr\/wp-content\/gallery\/ruza-i-anto-19112020\/thumbs\/thumbs_126445169_846397752837543_8495097334395569626_n.jpg\"\n\t\t\t\t\twidth=\"240\"\n\t\t\t\t\theight=\"160\"\n\t\t\t\t\tstyle=\"max-width:100%;\"\n\t\t\t\t\/>\n\t\t\t<\/a>\n\t\t<\/div>\n\t\t\t\t\t\t\t<\/div> \n\t\t\t\n\t\t\t\t<div id=\"ngg-image-2\" class=\"ngg-gallery-thumbnail-box \n\t\t\t\t\t\t\t\t\t\t\t\" \n\t\t\t>\n\t\t\t\t\t\t<div class=\"ngg-gallery-thumbnail\">\n\t\t\t<a href=\"https:\/\/dom-glina.hr\/wp-content\/gallery\/ruza-i-anto-19112020\/126452807_846397722837546_1266380545161962420_n.jpg\"\n\t\t\t\ttitle=\"\"\n\t\t\t\tdata-src=\"https:\/\/dom-glina.hr\/wp-content\/gallery\/ruza-i-anto-19112020\/126452807_846397722837546_1266380545161962420_n.jpg\"\n\t\t\t\tdata-thumbnail=\"https:\/\/dom-glina.hr\/wp-content\/gallery\/ruza-i-anto-19112020\/thumbs\/thumbs_126452807_846397722837546_1266380545161962420_n.jpg\"\n\t\t\t\tdata-image-id=\"1399\"\n\t\t\t\tdata-title=\"126452807_846397722837546_1266380545161962420_n\"\n\t\t\t\tdata-description=\"\"\n\t\t\t\tdata-image-slug=\"126452807_846397722837546_1266380545161962420_n\"\n\t\t\t\tclass=\"ngg-fancybox\" rel=\"21504639a5e4ffebcc3247104c27efcf\">\n\t\t\t\t<img\n\t\t\t\t\ttitle=\"126452807_846397722837546_1266380545161962420_n\"\n\t\t\t\t\talt=\"126452807_846397722837546_1266380545161962420_n\"\n\t\t\t\t\tsrc=\"https:\/\/dom-glina.hr\/wp-content\/gallery\/ruza-i-anto-19112020\/thumbs\/thumbs_126452807_846397722837546_1266380545161962420_n.jpg\"\n\t\t\t\t\twidth=\"240\"\n\t\t\t\t\theight=\"160\"\n\t\t\t\t\tstyle=\"max-width:100%;\"\n\t\t\t\t\/>\n\t\t\t<\/a>\n\t\t<\/div>\n\t\t\t\t\t\t\t<\/div> \n\t\t\t\n\t\n\t<br style=\"clear: both\" \/>\n\n\t\n\t\t<!-- Pagination -->\n\t\t<div class='ngg-clear'><\/div>\t<\/div>\n\n<p>&nbsp;<\/p>\n<blockquote class=\"wp-embedded-content\" data-secret=\"XgNgZcdwgu\"><p><a href=\"https:\/\/www.radio-banovina.hr\/glina-ruza-i-anto-proslavili-70-godina-braka\/\">GLINA Ru\u017ea i Anto proslavili 70 godina braka<\/a><\/p><\/blockquote>\n<p><iframe class=\"wp-embedded-content\" sandbox=\"allow-scripts\" security=\"restricted\" style=\"position: absolute; clip: rect(1px, 1px, 1px, 1px);\" src=\"https:\/\/www.radio-banovina.hr\/glina-ruza-i-anto-proslavili-70-godina-braka\/embed\/#?secret=XgNgZcdwgu\" data-secret=\"XgNgZcdwgu\" width=\"600\" height=\"338\" title=\"&#8220;GLINA Ru\u017ea i Anto proslavili 70 godina braka&#8221; &#8212; Radio Banovina\" frameborder=\"0\" marginwidth=\"0\" marginheight=\"0\" scrolling=\"no\"><\/iframe><\/p>\n<p>&nbsp;<\/p>\n","protected":false},"excerpt":{"rendered":"<p>Rijetko koji par se mo\u017ee pohvaliti da je zajedno proslavio \u010dak 70 godina braka. No, na\u0161i supru\u017enici Ru\u017ea, ro\u0111ena 1932. godine i Anto , ro\u0111en 1933. godine , prije to\u010dno toliko godina izrekli su svoje sudbonosno da. Proslavili su zlatni, dijamantni , a u na\u0161em domu i platinasti pir. Rekli su nam da su ljubav,&hellip;<\/p>\n","protected":false},"author":1,"featured_media":4940,"comment_status":"closed","ping_status":"closed","sticky":false,"template":"","format":"standard","meta":{"_monsterinsights_skip_tracking":false,"_monsterinsights_sitenote_active":false,"_monsterinsights_sitenote_note":"","_monsterinsights_sitenote_category":0,"ngg_post_thumbnail":0,"footnotes":""},"categories":[2],"tags":[],"aioseo_notices":[],"_links":{"self":[{"href":"https:\/\/dom-glina.hr\/index.php?rest_route=\/wp\/v2\/posts\/4931"}],"collection":[{"href":"https:\/\/dom-glina.hr\/index.php?rest_route=\/wp\/v2\/posts"}],"about":[{"href":"https:\/\/dom-glina.hr\/index.php?rest_route=\/wp\/v2\/types\/post"}],"author":[{"embeddable":true,"href":"https:\/\/dom-glina.hr\/index.php?rest_route=\/wp\/v2\/users\/1"}],"replies":[{"embeddable":true,"href":"https:\/\/dom-glina.hr\/index.php?rest_route=%2Fwp%2Fv2%2Fcomments&post=4931"}],"version-history":[{"count":2,"href":"https:\/\/dom-glina.hr\/index.php?rest_route=\/wp\/v2\/posts\/4931\/revisions"}],"predecessor-version":[{"id":4942,"href":"https:\/\/dom-glina.hr\/index.php?rest_route=\/wp\/v2\/posts\/4931\/revisions\/4942"}],"wp:featuredmedia":[{"embeddable":true,"href":"https:\/\/dom-glina.hr\/index.php?rest_route=\/wp\/v2\/media\/4940"}],"wp:attachment":[{"href":"https:\/\/dom-glina.hr\/index.php?rest_route=%2Fwp%2Fv2%2Fmedia&parent=4931"}],"wp:term":[{"taxonomy":"category","embeddable":true,"href":"https:\/\/dom-glina.hr\/index.php?rest_route=%2Fwp%2Fv2%2Fcategories&post=4931"},{"taxonomy":"post_tag","embeddable":true,"href":"https:\/\/dom-glina.hr\/index.php?rest_route=%2Fwp%2Fv2%2Ftags&post=4931"}],"curies":[{"name":"wp","href":"https:\/\/api.w.org\/{rel}","templated":true}]}}