{"id":4883,"date":"2020-11-13T14:44:18","date_gmt":"2020-11-13T13:44:18","guid":{"rendered":"https:\/\/dom-glina.hr\/?p=4883"},"modified":"2020-12-22T14:46:07","modified_gmt":"2020-12-22T13:46:07","slug":"godisnjice-smrti-nase-pokojne-rajife","status":"publish","type":"post","link":"https:\/\/dom-glina.hr\/?p=4883","title":{"rendered":"Godi\u0161njice smrti na\u0161e pokojne Rajife"},"content":{"rendered":"<p>Paljenjem lampiona sjetili smo se godi\u0161njice smrti na\u0161e pokojne Rajife.<\/p>\n<p>Iako slijepa, \u010desto je bila o\u010di, a pogotovo u\u0161i na\u0161eg Doma. Hvala ti Rajifa za sve lijepe trenutke koje smo zajedno pro\u017eivjeli.<\/p>\n<p>&nbsp;<\/p>\n<!-- default-view.php -->\n<div\n\tclass=\"ngg-galleryoverview default-view \n\t ngg-ajax-pagination-none\t\"\n\tid=\"ngg-gallery-230ace6fbccb4a01c93e2908af568830-1\">\n\n\t\t<!-- Thumbnails -->\n\t\t\t\t<div id=\"ngg-image-0\" class=\"ngg-gallery-thumbnail-box \n\t\t\t\t\t\t\t\t\t\t\t\" \n\t\t\t>\n\t\t\t\t\t\t<div class=\"ngg-gallery-thumbnail\">\n\t\t\t<a href=\"https:\/\/dom-glina.hr\/wp-content\/gallery\/godisnjice-smrti-nase-pokojne-rajife\/125220751_841219976688654_3435033232620660080_n.jpg\"\n\t\t\t\ttitle=\"\"\n\t\t\t\tdata-src=\"https:\/\/dom-glina.hr\/wp-content\/gallery\/godisnjice-smrti-nase-pokojne-rajife\/125220751_841219976688654_3435033232620660080_n.jpg\"\n\t\t\t\tdata-thumbnail=\"https:\/\/dom-glina.hr\/wp-content\/gallery\/godisnjice-smrti-nase-pokojne-rajife\/thumbs\/thumbs_125220751_841219976688654_3435033232620660080_n.jpg\"\n\t\t\t\tdata-image-id=\"1378\"\n\t\t\t\tdata-title=\"125220751_841219976688654_3435033232620660080_n\"\n\t\t\t\tdata-description=\"\"\n\t\t\t\tdata-image-slug=\"125220751_841219976688654_3435033232620660080_n\"\n\t\t\t\tclass=\"ngg-fancybox\" rel=\"230ace6fbccb4a01c93e2908af568830\">\n\t\t\t\t<img\n\t\t\t\t\ttitle=\"125220751_841219976688654_3435033232620660080_n\"\n\t\t\t\t\talt=\"125220751_841219976688654_3435033232620660080_n\"\n\t\t\t\t\tsrc=\"https:\/\/dom-glina.hr\/wp-content\/gallery\/godisnjice-smrti-nase-pokojne-rajife\/thumbs\/thumbs_125220751_841219976688654_3435033232620660080_n.jpg\"\n\t\t\t\t\twidth=\"240\"\n\t\t\t\t\theight=\"160\"\n\t\t\t\t\tstyle=\"max-width:100%;\"\n\t\t\t\t\/>\n\t\t\t<\/a>\n\t\t<\/div>\n\t\t\t\t\t\t\t<\/div> \n\t\t\t\n\t\t\t\t<div id=\"ngg-image-1\" class=\"ngg-gallery-thumbnail-box \n\t\t\t\t\t\t\t\t\t\t\t\" \n\t\t\t>\n\t\t\t\t\t\t<div class=\"ngg-gallery-thumbnail\">\n\t\t\t<a href=\"https:\/\/dom-glina.hr\/wp-content\/gallery\/godisnjice-smrti-nase-pokojne-rajife\/125240226_841220016688650_6420986110423242046_n.jpg\"\n\t\t\t\ttitle=\"\"\n\t\t\t\tdata-src=\"https:\/\/dom-glina.hr\/wp-content\/gallery\/godisnjice-smrti-nase-pokojne-rajife\/125240226_841220016688650_6420986110423242046_n.jpg\"\n\t\t\t\tdata-thumbnail=\"https:\/\/dom-glina.hr\/wp-content\/gallery\/godisnjice-smrti-nase-pokojne-rajife\/thumbs\/thumbs_125240226_841220016688650_6420986110423242046_n.jpg\"\n\t\t\t\tdata-image-id=\"1379\"\n\t\t\t\tdata-title=\"125240226_841220016688650_6420986110423242046_n\"\n\t\t\t\tdata-description=\"\"\n\t\t\t\tdata-image-slug=\"125240226_841220016688650_6420986110423242046_n\"\n\t\t\t\tclass=\"ngg-fancybox\" rel=\"230ace6fbccb4a01c93e2908af568830\">\n\t\t\t\t<img\n\t\t\t\t\ttitle=\"125240226_841220016688650_6420986110423242046_n\"\n\t\t\t\t\talt=\"125240226_841220016688650_6420986110423242046_n\"\n\t\t\t\t\tsrc=\"https:\/\/dom-glina.hr\/wp-content\/gallery\/godisnjice-smrti-nase-pokojne-rajife\/thumbs\/thumbs_125240226_841220016688650_6420986110423242046_n.jpg\"\n\t\t\t\t\twidth=\"240\"\n\t\t\t\t\theight=\"160\"\n\t\t\t\t\tstyle=\"max-width:100%;\"\n\t\t\t\t\/>\n\t\t\t<\/a>\n\t\t<\/div>\n\t\t\t\t\t\t\t<\/div> \n\t\t\t\n\t\t\t\t<div id=\"ngg-image-2\" class=\"ngg-gallery-thumbnail-box \n\t\t\t\t\t\t\t\t\t\t\t\" \n\t\t\t>\n\t\t\t\t\t\t<div class=\"ngg-gallery-thumbnail\">\n\t\t\t<a href=\"https:\/\/dom-glina.hr\/wp-content\/gallery\/godisnjice-smrti-nase-pokojne-rajife\/125242584_841219906688661_3522736012081818144_n.jpg\"\n\t\t\t\ttitle=\"\"\n\t\t\t\tdata-src=\"https:\/\/dom-glina.hr\/wp-content\/gallery\/godisnjice-smrti-nase-pokojne-rajife\/125242584_841219906688661_3522736012081818144_n.jpg\"\n\t\t\t\tdata-thumbnail=\"https:\/\/dom-glina.hr\/wp-content\/gallery\/godisnjice-smrti-nase-pokojne-rajife\/thumbs\/thumbs_125242584_841219906688661_3522736012081818144_n.jpg\"\n\t\t\t\tdata-image-id=\"1380\"\n\t\t\t\tdata-title=\"125242584_841219906688661_3522736012081818144_n\"\n\t\t\t\tdata-description=\"\"\n\t\t\t\tdata-image-slug=\"125242584_841219906688661_3522736012081818144_n\"\n\t\t\t\tclass=\"ngg-fancybox\" rel=\"230ace6fbccb4a01c93e2908af568830\">\n\t\t\t\t<img\n\t\t\t\t\ttitle=\"125242584_841219906688661_3522736012081818144_n\"\n\t\t\t\t\talt=\"125242584_841219906688661_3522736012081818144_n\"\n\t\t\t\t\tsrc=\"https:\/\/dom-glina.hr\/wp-content\/gallery\/godisnjice-smrti-nase-pokojne-rajife\/thumbs\/thumbs_125242584_841219906688661_3522736012081818144_n.jpg\"\n\t\t\t\t\twidth=\"240\"\n\t\t\t\t\theight=\"160\"\n\t\t\t\t\tstyle=\"max-width:100%;\"\n\t\t\t\t\/>\n\t\t\t<\/a>\n\t\t<\/div>\n\t\t\t\t\t\t\t<\/div> \n\t\t\t\n\t\t\t\t<div id=\"ngg-image-3\" class=\"ngg-gallery-thumbnail-box \n\t\t\t\t\t\t\t\t\t\t\t\" \n\t\t\t>\n\t\t\t\t\t\t<div class=\"ngg-gallery-thumbnail\">\n\t\t\t<a href=\"https:\/\/dom-glina.hr\/wp-content\/gallery\/godisnjice-smrti-nase-pokojne-rajife\/125276463_841219843355334_7195573360028201463_n.jpg\"\n\t\t\t\ttitle=\"\"\n\t\t\t\tdata-src=\"https:\/\/dom-glina.hr\/wp-content\/gallery\/godisnjice-smrti-nase-pokojne-rajife\/125276463_841219843355334_7195573360028201463_n.jpg\"\n\t\t\t\tdata-thumbnail=\"https:\/\/dom-glina.hr\/wp-content\/gallery\/godisnjice-smrti-nase-pokojne-rajife\/thumbs\/thumbs_125276463_841219843355334_7195573360028201463_n.jpg\"\n\t\t\t\tdata-image-id=\"1381\"\n\t\t\t\tdata-title=\"125276463_841219843355334_7195573360028201463_n\"\n\t\t\t\tdata-description=\"\"\n\t\t\t\tdata-image-slug=\"125276463_841219843355334_7195573360028201463_n\"\n\t\t\t\tclass=\"ngg-fancybox\" rel=\"230ace6fbccb4a01c93e2908af568830\">\n\t\t\t\t<img\n\t\t\t\t\ttitle=\"125276463_841219843355334_7195573360028201463_n\"\n\t\t\t\t\talt=\"125276463_841219843355334_7195573360028201463_n\"\n\t\t\t\t\tsrc=\"https:\/\/dom-glina.hr\/wp-content\/gallery\/godisnjice-smrti-nase-pokojne-rajife\/thumbs\/thumbs_125276463_841219843355334_7195573360028201463_n.jpg\"\n\t\t\t\t\twidth=\"240\"\n\t\t\t\t\theight=\"160\"\n\t\t\t\t\tstyle=\"max-width:100%;\"\n\t\t\t\t\/>\n\t\t\t<\/a>\n\t\t<\/div>\n\t\t\t\t\t\t\t<\/div> \n\t\t\t\n\t\t\t\t<div id=\"ngg-image-4\" class=\"ngg-gallery-thumbnail-box \n\t\t\t\t\t\t\t\t\t\t\t\" \n\t\t\t>\n\t\t\t\t\t\t<div class=\"ngg-gallery-thumbnail\">\n\t\t\t<a href=\"https:\/\/dom-glina.hr\/wp-content\/gallery\/godisnjice-smrti-nase-pokojne-rajife\/125295193_841219936688658_8418179314056859648_n.jpg\"\n\t\t\t\ttitle=\"\"\n\t\t\t\tdata-src=\"https:\/\/dom-glina.hr\/wp-content\/gallery\/godisnjice-smrti-nase-pokojne-rajife\/125295193_841219936688658_8418179314056859648_n.jpg\"\n\t\t\t\tdata-thumbnail=\"https:\/\/dom-glina.hr\/wp-content\/gallery\/godisnjice-smrti-nase-pokojne-rajife\/thumbs\/thumbs_125295193_841219936688658_8418179314056859648_n.jpg\"\n\t\t\t\tdata-image-id=\"1382\"\n\t\t\t\tdata-title=\"125295193_841219936688658_8418179314056859648_n\"\n\t\t\t\tdata-description=\"\"\n\t\t\t\tdata-image-slug=\"125295193_841219936688658_8418179314056859648_n\"\n\t\t\t\tclass=\"ngg-fancybox\" rel=\"230ace6fbccb4a01c93e2908af568830\">\n\t\t\t\t<img\n\t\t\t\t\ttitle=\"125295193_841219936688658_8418179314056859648_n\"\n\t\t\t\t\talt=\"125295193_841219936688658_8418179314056859648_n\"\n\t\t\t\t\tsrc=\"https:\/\/dom-glina.hr\/wp-content\/gallery\/godisnjice-smrti-nase-pokojne-rajife\/thumbs\/thumbs_125295193_841219936688658_8418179314056859648_n.jpg\"\n\t\t\t\t\twidth=\"240\"\n\t\t\t\t\theight=\"160\"\n\t\t\t\t\tstyle=\"max-width:100%;\"\n\t\t\t\t\/>\n\t\t\t<\/a>\n\t\t<\/div>\n\t\t\t\t\t\t\t<\/div> \n\t\t\t\n\t\n\t<br style=\"clear: both\" \/>\n\n\t\n\t\t<!-- Pagination -->\n\t\t<div class='ngg-clear'><\/div>\t<\/div>\n\n","protected":false},"excerpt":{"rendered":"<p>Paljenjem lampiona sjetili smo se godi\u0161njice smrti na\u0161e pokojne Rajife. Iako slijepa, \u010desto je bila o\u010di, a pogotovo u\u0161i na\u0161eg Doma. Hvala ti Rajifa za sve lijepe trenutke koje smo zajedno pro\u017eivjeli. &nbsp; &#8221; order_by=&#8221;sortorder&#8221; order_direction=&#8221;ASC&#8221; returns=&#8221;included&#8221; maximum_entity_count=&#8221;500&#8243;]<\/p>\n","protected":false},"author":1,"featured_media":4896,"comment_status":"closed","ping_status":"closed","sticky":false,"template":"","format":"standard","meta":{"_monsterinsights_skip_tracking":false,"_monsterinsights_sitenote_active":false,"_monsterinsights_sitenote_note":"","_monsterinsights_sitenote_category":0,"ngg_post_thumbnail":0,"footnotes":""},"categories":[2],"tags":[],"aioseo_notices":[],"_links":{"self":[{"href":"https:\/\/dom-glina.hr\/index.php?rest_route=\/wp\/v2\/posts\/4883"}],"collection":[{"href":"https:\/\/dom-glina.hr\/index.php?rest_route=\/wp\/v2\/posts"}],"about":[{"href":"https:\/\/dom-glina.hr\/index.php?rest_route=\/wp\/v2\/types\/post"}],"author":[{"embeddable":true,"href":"https:\/\/dom-glina.hr\/index.php?rest_route=\/wp\/v2\/users\/1"}],"replies":[{"embeddable":true,"href":"https:\/\/dom-glina.hr\/index.php?rest_route=%2Fwp%2Fv2%2Fcomments&post=4883"}],"version-history":[{"count":1,"href":"https:\/\/dom-glina.hr\/index.php?rest_route=\/wp\/v2\/posts\/4883\/revisions"}],"predecessor-version":[{"id":4897,"href":"https:\/\/dom-glina.hr\/index.php?rest_route=\/wp\/v2\/posts\/4883\/revisions\/4897"}],"wp:featuredmedia":[{"embeddable":true,"href":"https:\/\/dom-glina.hr\/index.php?rest_route=\/wp\/v2\/media\/4896"}],"wp:attachment":[{"href":"https:\/\/dom-glina.hr\/index.php?rest_route=%2Fwp%2Fv2%2Fmedia&parent=4883"}],"wp:term":[{"taxonomy":"category","embeddable":true,"href":"https:\/\/dom-glina.hr\/index.php?rest_route=%2Fwp%2Fv2%2Fcategories&post=4883"},{"taxonomy":"post_tag","embeddable":true,"href":"https:\/\/dom-glina.hr\/index.php?rest_route=%2Fwp%2Fv2%2Ftags&post=4883"}],"curies":[{"name":"wp","href":"https:\/\/api.w.org\/{rel}","templated":true}]}}