{"id":4833,"date":"2020-12-03T15:38:37","date_gmt":"2020-12-03T14:38:37","guid":{"rendered":"https:\/\/dom-glina.hr\/?p=4833"},"modified":"2020-12-03T15:38:37","modified_gmt":"2020-12-03T14:38:37","slug":"poziv-na-razgovor-za-radno-mjesto-kucni-majstor","status":"publish","type":"post","link":"https:\/\/dom-glina.hr\/?p=4833","title":{"rendered":"Poziv na razgovor za radno mjesto ku\u0107ni majstor"},"content":{"rendered":"<p style=\"text-align: left;\">\nTemeljem javnog natje\u010daja objavljenog 20.11.2020. godine u \u201eNarodnim Novinama\u201c br. 128\/2020, Hrvatskom zavodu za zapo\u0161ljavanje, web stranici Doma za starije osobe Glina i oglasnoj plo\u010di Doma za starije osobe Glina za prijem u radni odnos na radno mjesto <strong>ku\u0107ni majstor<\/strong> \u2013 1 izvr\u0161itelj\/ica na neodre\u0111eno vrijeme, puno radno vrijeme, upra\u017enjeno radno mjesto.<\/p>\n<p style=\"text-align: left;\">Radi za\u0161tite osobnih podataka poziv na razgovor je objavljen s inicijalima.<\/p>\n<p style=\"text-align: left;\">Kandidati koji su podnijeli potpune i pravovremene prijave i ispunjavaju formalne uvjete natje\u010daja pozivaju se na razgovor koji \u0107e se odr\u017eati dana <strong>07.12.2020.<\/strong> godine prema rasporedu:<\/p>\n<ol style=\"text-align: left;\">\n<li>T. H. \u2013 u <strong>08,30<\/strong> sati \u2013 putem video poziva<\/li>\n<li>D.M. \u2013 u <strong>09,00<\/strong> sati \u2013 putem video poziva<\/li>\n<\/ol>\n<p style=\"text-align: left;\">S obzirom na utvr\u0111ene mjere prevencije protiv \u0161irenja epidemije bolesti Covid-19 sukladno preporukama Hrvatskog zavoda za javno zdravstvo i Sto\u017eera civilne za\u0161tite Republike Hrvatske razgovor s kandidatom biti \u0107e obavljen putem video poziva. Kandidat \u0107e biti prethodno telefonski kontaktiran radi dogovora o istom.<br \/>\nKandidati koji ne pristupe u to\u010dno vrijeme zakazanih termina razgovora za posao smatrat \u0107e se da su odustali od prijave na posao.<\/p>\n<p style=\"text-align: left;\"><a href=\"https:\/\/dom-glina.hr\/wp-content\/uploads\/2020\/12\/Poziv-na-razgovor-za-radno-mjesto-kucni-majstor.pdf\"><span style=\"text-decoration: underline; color: #3366ff;\"><em>Poziv na razgovor za radno mjesto kucni majstor<\/em><\/span><\/a>&nbsp;(pdf)<\/p>\n","protected":false},"excerpt":{"rendered":"<p>Temeljem javnog natje\u010daja objavljenog 20.11.2020. godine u \u201eNarodnim Novinama\u201c br. 128\/2020, Hrvatskom zavodu za zapo\u0161ljavanje, web stranici Doma za starije osobe Glina i oglasnoj plo\u010di Doma za starije osobe Glina za prijem u radni odnos na radno mjesto ku\u0107ni majstor \u2013 1 izvr\u0161itelj\/ica na neodre\u0111eno vrijeme, puno radno vrijeme, upra\u017enjeno radno mjesto. Radi za\u0161tite osobnih&hellip;<\/p>\n","protected":false},"author":1,"featured_media":0,"comment_status":"closed","ping_status":"closed","sticky":false,"template":"","format":"standard","meta":{"_monsterinsights_skip_tracking":false,"_monsterinsights_sitenote_active":false,"_monsterinsights_sitenote_note":"","_monsterinsights_sitenote_category":0,"ngg_post_thumbnail":0,"footnotes":""},"categories":[37],"tags":[],"aioseo_notices":[],"_links":{"self":[{"href":"https:\/\/dom-glina.hr\/index.php?rest_route=\/wp\/v2\/posts\/4833"}],"collection":[{"href":"https:\/\/dom-glina.hr\/index.php?rest_route=\/wp\/v2\/posts"}],"about":[{"href":"https:\/\/dom-glina.hr\/index.php?rest_route=\/wp\/v2\/types\/post"}],"author":[{"embeddable":true,"href":"https:\/\/dom-glina.hr\/index.php?rest_route=\/wp\/v2\/users\/1"}],"replies":[{"embeddable":true,"href":"https:\/\/dom-glina.hr\/index.php?rest_route=%2Fwp%2Fv2%2Fcomments&post=4833"}],"version-history":[{"count":1,"href":"https:\/\/dom-glina.hr\/index.php?rest_route=\/wp\/v2\/posts\/4833\/revisions"}],"predecessor-version":[{"id":4835,"href":"https:\/\/dom-glina.hr\/index.php?rest_route=\/wp\/v2\/posts\/4833\/revisions\/4835"}],"wp:attachment":[{"href":"https:\/\/dom-glina.hr\/index.php?rest_route=%2Fwp%2Fv2%2Fmedia&parent=4833"}],"wp:term":[{"taxonomy":"category","embeddable":true,"href":"https:\/\/dom-glina.hr\/index.php?rest_route=%2Fwp%2Fv2%2Fcategories&post=4833"},{"taxonomy":"post_tag","embeddable":true,"href":"https:\/\/dom-glina.hr\/index.php?rest_route=%2Fwp%2Fv2%2Ftags&post=4833"}],"curies":[{"name":"wp","href":"https:\/\/api.w.org\/{rel}","templated":true}]}}