{"id":4651,"date":"2020-10-23T16:19:33","date_gmt":"2020-10-23T14:19:33","guid":{"rendered":"http:\/\/dom-glina.hr\/?p=4651"},"modified":"2020-11-03T16:21:13","modified_gmt":"2020-11-03T15:21:13","slug":"kestenijada","status":"publish","type":"post","link":"https:\/\/dom-glina.hr\/?p=4651","title":{"rendered":"Kestenijada"},"content":{"rendered":"<p>Iskoristili smo lijepi jesenski dan za na\u0161u tradicionalnu kestenijadu te pripremili na\u0161im korisnicima fine pe\u010dene kestene.<\/p>\n<p>Dobar tek!<\/p>\n<p>&nbsp;<\/p>\n<!-- default-view.php -->\n<div\n\tclass=\"ngg-galleryoverview default-view \n\t ngg-ajax-pagination-none\t\"\n\tid=\"ngg-gallery-db9cb65f61868ef27aba2444725fa847-1\">\n\n\t\t<!-- Thumbnails -->\n\t\t\t\t<div id=\"ngg-image-0\" class=\"ngg-gallery-thumbnail-box \n\t\t\t\t\t\t\t\t\t\t\t\" \n\t\t\t>\n\t\t\t\t\t\t<div class=\"ngg-gallery-thumbnail\">\n\t\t\t<a href=\"https:\/\/dom-glina.hr\/wp-content\/gallery\/kestenijada-23-10-2020\/122188898_823284981815487_924337074554448951_n.jpg\"\n\t\t\t\ttitle=\"\"\n\t\t\t\tdata-src=\"https:\/\/dom-glina.hr\/wp-content\/gallery\/kestenijada-23-10-2020\/122188898_823284981815487_924337074554448951_n.jpg\"\n\t\t\t\tdata-thumbnail=\"https:\/\/dom-glina.hr\/wp-content\/gallery\/kestenijada-23-10-2020\/thumbs\/thumbs_122188898_823284981815487_924337074554448951_n.jpg\"\n\t\t\t\tdata-image-id=\"1331\"\n\t\t\t\tdata-title=\"122188898_823284981815487_924337074554448951_n\"\n\t\t\t\tdata-description=\"\"\n\t\t\t\tdata-image-slug=\"122188898_823284981815487_924337074554448951_n\"\n\t\t\t\tclass=\"ngg-fancybox\" rel=\"db9cb65f61868ef27aba2444725fa847\">\n\t\t\t\t<img\n\t\t\t\t\ttitle=\"122188898_823284981815487_924337074554448951_n\"\n\t\t\t\t\talt=\"122188898_823284981815487_924337074554448951_n\"\n\t\t\t\t\tsrc=\"https:\/\/dom-glina.hr\/wp-content\/gallery\/kestenijada-23-10-2020\/thumbs\/thumbs_122188898_823284981815487_924337074554448951_n.jpg\"\n\t\t\t\t\twidth=\"240\"\n\t\t\t\t\theight=\"160\"\n\t\t\t\t\tstyle=\"max-width:100%;\"\n\t\t\t\t\/>\n\t\t\t<\/a>\n\t\t<\/div>\n\t\t\t\t\t\t\t<\/div> \n\t\t\t\n\t\t\t\t<div id=\"ngg-image-1\" class=\"ngg-gallery-thumbnail-box \n\t\t\t\t\t\t\t\t\t\t\t\" \n\t\t\t>\n\t\t\t\t\t\t<div class=\"ngg-gallery-thumbnail\">\n\t\t\t<a href=\"https:\/\/dom-glina.hr\/wp-content\/gallery\/kestenijada-23-10-2020\/122530127_823284855148833_8270953551271878569_n.jpg\"\n\t\t\t\ttitle=\"\"\n\t\t\t\tdata-src=\"https:\/\/dom-glina.hr\/wp-content\/gallery\/kestenijada-23-10-2020\/122530127_823284855148833_8270953551271878569_n.jpg\"\n\t\t\t\tdata-thumbnail=\"https:\/\/dom-glina.hr\/wp-content\/gallery\/kestenijada-23-10-2020\/thumbs\/thumbs_122530127_823284855148833_8270953551271878569_n.jpg\"\n\t\t\t\tdata-image-id=\"1332\"\n\t\t\t\tdata-title=\"122530127_823284855148833_8270953551271878569_n\"\n\t\t\t\tdata-description=\"\"\n\t\t\t\tdata-image-slug=\"122530127_823284855148833_8270953551271878569_n\"\n\t\t\t\tclass=\"ngg-fancybox\" rel=\"db9cb65f61868ef27aba2444725fa847\">\n\t\t\t\t<img\n\t\t\t\t\ttitle=\"122530127_823284855148833_8270953551271878569_n\"\n\t\t\t\t\talt=\"122530127_823284855148833_8270953551271878569_n\"\n\t\t\t\t\tsrc=\"https:\/\/dom-glina.hr\/wp-content\/gallery\/kestenijada-23-10-2020\/thumbs\/thumbs_122530127_823284855148833_8270953551271878569_n.jpg\"\n\t\t\t\t\twidth=\"240\"\n\t\t\t\t\theight=\"160\"\n\t\t\t\t\tstyle=\"max-width:100%;\"\n\t\t\t\t\/>\n\t\t\t<\/a>\n\t\t<\/div>\n\t\t\t\t\t\t\t<\/div> \n\t\t\t\n\t\t\t\t<div id=\"ngg-image-2\" class=\"ngg-gallery-thumbnail-box \n\t\t\t\t\t\t\t\t\t\t\t\" \n\t\t\t>\n\t\t\t\t\t\t<div class=\"ngg-gallery-thumbnail\">\n\t\t\t<a href=\"https:\/\/dom-glina.hr\/wp-content\/gallery\/kestenijada-23-10-2020\/122571369_823284895148829_6034696179035914878_n.jpg\"\n\t\t\t\ttitle=\"\"\n\t\t\t\tdata-src=\"https:\/\/dom-glina.hr\/wp-content\/gallery\/kestenijada-23-10-2020\/122571369_823284895148829_6034696179035914878_n.jpg\"\n\t\t\t\tdata-thumbnail=\"https:\/\/dom-glina.hr\/wp-content\/gallery\/kestenijada-23-10-2020\/thumbs\/thumbs_122571369_823284895148829_6034696179035914878_n.jpg\"\n\t\t\t\tdata-image-id=\"1333\"\n\t\t\t\tdata-title=\"122571369_823284895148829_6034696179035914878_n\"\n\t\t\t\tdata-description=\"\"\n\t\t\t\tdata-image-slug=\"122571369_823284895148829_6034696179035914878_n\"\n\t\t\t\tclass=\"ngg-fancybox\" rel=\"db9cb65f61868ef27aba2444725fa847\">\n\t\t\t\t<img\n\t\t\t\t\ttitle=\"122571369_823284895148829_6034696179035914878_n\"\n\t\t\t\t\talt=\"122571369_823284895148829_6034696179035914878_n\"\n\t\t\t\t\tsrc=\"https:\/\/dom-glina.hr\/wp-content\/gallery\/kestenijada-23-10-2020\/thumbs\/thumbs_122571369_823284895148829_6034696179035914878_n.jpg\"\n\t\t\t\t\twidth=\"240\"\n\t\t\t\t\theight=\"160\"\n\t\t\t\t\tstyle=\"max-width:100%;\"\n\t\t\t\t\/>\n\t\t\t<\/a>\n\t\t<\/div>\n\t\t\t\t\t\t\t<\/div> \n\t\t\t\n\t\t\t\t<div id=\"ngg-image-3\" class=\"ngg-gallery-thumbnail-box \n\t\t\t\t\t\t\t\t\t\t\t\" \n\t\t\t>\n\t\t\t\t\t\t<div class=\"ngg-gallery-thumbnail\">\n\t\t\t<a href=\"https:\/\/dom-glina.hr\/wp-content\/gallery\/kestenijada-23-10-2020\/122681396_823284938482158_9015572680282518210_n.jpg\"\n\t\t\t\ttitle=\"\"\n\t\t\t\tdata-src=\"https:\/\/dom-glina.hr\/wp-content\/gallery\/kestenijada-23-10-2020\/122681396_823284938482158_9015572680282518210_n.jpg\"\n\t\t\t\tdata-thumbnail=\"https:\/\/dom-glina.hr\/wp-content\/gallery\/kestenijada-23-10-2020\/thumbs\/thumbs_122681396_823284938482158_9015572680282518210_n.jpg\"\n\t\t\t\tdata-image-id=\"1334\"\n\t\t\t\tdata-title=\"122681396_823284938482158_9015572680282518210_n\"\n\t\t\t\tdata-description=\"\"\n\t\t\t\tdata-image-slug=\"122681396_823284938482158_9015572680282518210_n\"\n\t\t\t\tclass=\"ngg-fancybox\" rel=\"db9cb65f61868ef27aba2444725fa847\">\n\t\t\t\t<img\n\t\t\t\t\ttitle=\"122681396_823284938482158_9015572680282518210_n\"\n\t\t\t\t\talt=\"122681396_823284938482158_9015572680282518210_n\"\n\t\t\t\t\tsrc=\"https:\/\/dom-glina.hr\/wp-content\/gallery\/kestenijada-23-10-2020\/thumbs\/thumbs_122681396_823284938482158_9015572680282518210_n.jpg\"\n\t\t\t\t\twidth=\"240\"\n\t\t\t\t\theight=\"160\"\n\t\t\t\t\tstyle=\"max-width:100%;\"\n\t\t\t\t\/>\n\t\t\t<\/a>\n\t\t<\/div>\n\t\t\t\t\t\t\t<\/div> \n\t\t\t\n\t\n\t<br style=\"clear: both\" \/>\n\n\t\n\t\t<!-- Pagination -->\n\t\t<div class='ngg-clear'><\/div>\t<\/div>\n\n","protected":false},"excerpt":{"rendered":"<p>Iskoristili smo lijepi jesenski dan za na\u0161u tradicionalnu kestenijadu te pripremili na\u0161im korisnicima fine pe\u010dene kestene. Dobar tek! &nbsp; &#8221; order_by=&#8221;sortorder&#8221; order_direction=&#8221;ASC&#8221; returns=&#8221;included&#8221; maximum_entity_count=&#8221;500&#8243;]<\/p>\n","protected":false},"author":1,"featured_media":4662,"comment_status":"closed","ping_status":"closed","sticky":false,"template":"","format":"standard","meta":{"_monsterinsights_skip_tracking":false,"_monsterinsights_sitenote_active":false,"_monsterinsights_sitenote_note":"","_monsterinsights_sitenote_category":0,"ngg_post_thumbnail":0,"footnotes":""},"categories":[2],"tags":[],"aioseo_notices":[],"_links":{"self":[{"href":"https:\/\/dom-glina.hr\/index.php?rest_route=\/wp\/v2\/posts\/4651"}],"collection":[{"href":"https:\/\/dom-glina.hr\/index.php?rest_route=\/wp\/v2\/posts"}],"about":[{"href":"https:\/\/dom-glina.hr\/index.php?rest_route=\/wp\/v2\/types\/post"}],"author":[{"embeddable":true,"href":"https:\/\/dom-glina.hr\/index.php?rest_route=\/wp\/v2\/users\/1"}],"replies":[{"embeddable":true,"href":"https:\/\/dom-glina.hr\/index.php?rest_route=%2Fwp%2Fv2%2Fcomments&post=4651"}],"version-history":[{"count":1,"href":"https:\/\/dom-glina.hr\/index.php?rest_route=\/wp\/v2\/posts\/4651\/revisions"}],"predecessor-version":[{"id":4663,"href":"https:\/\/dom-glina.hr\/index.php?rest_route=\/wp\/v2\/posts\/4651\/revisions\/4663"}],"wp:featuredmedia":[{"embeddable":true,"href":"https:\/\/dom-glina.hr\/index.php?rest_route=\/wp\/v2\/media\/4662"}],"wp:attachment":[{"href":"https:\/\/dom-glina.hr\/index.php?rest_route=%2Fwp%2Fv2%2Fmedia&parent=4651"}],"wp:term":[{"taxonomy":"category","embeddable":true,"href":"https:\/\/dom-glina.hr\/index.php?rest_route=%2Fwp%2Fv2%2Fcategories&post=4651"},{"taxonomy":"post_tag","embeddable":true,"href":"https:\/\/dom-glina.hr\/index.php?rest_route=%2Fwp%2Fv2%2Ftags&post=4651"}],"curies":[{"name":"wp","href":"https:\/\/api.w.org\/{rel}","templated":true}]}}