{"id":44,"date":"2018-04-23T07:17:50","date_gmt":"2018-04-23T05:17:50","guid":{"rendered":"http:\/\/dom-glina.hr\/?p=44"},"modified":"2018-04-23T07:22:22","modified_gmt":"2018-04-23T05:22:22","slug":"radio-banovina-svecana-primopredaja-doma-za-starije-i-nemocne-glina","status":"publish","type":"post","link":"https:\/\/dom-glina.hr\/?p=44","title":{"rendered":"Radio Banovina: Sve\u010dana primopredaja Doma za starije i nemo\u0107ne Glina"},"content":{"rendered":"<p style=\"text-align: justify;\">5. srpnja je u Glini odr\u017eana sve\u010dana primopredaja Doma za starije i nemo\u0107ne Glina.<\/p>\n<p>Preuzeto sa stranica: <a href=\"https:\/\/www.radio-banovina.hr\/\" target=\"_blank\" rel=\"noopener\">Radio Banovina<\/a><\/p>\n<p>(<span style=\"font-size: 10pt;\"><a href=\"http:\/\/www.radio-banovina.hr\/svecana-primopredaja-doma-starije-nemocne-glina\/\" target=\"_blank\" rel=\"noopener\"><span style=\"text-decoration: underline; color: #3366ff;\"><em>http:\/\/www.radio-banovina.hr\/svecana-primopredaja-doma-starije-nemocne-glina\/<\/em><\/span><\/a><\/span>)<\/p>\n<p style=\"text-align: justify;\">Sisa\u010dko-moslava\u010dki \u017eupan Ivo \u017dini\u0107 i dr\u017eavni tajnik Sredi\u0161njeg dr\u017eavnog ureda za obnovu i stambeno zbrinjavanje Nikola Ma\u017ear potpisali su Zapisnik o primopredaji Doma za starije i nemo\u0107ne Glina \u010dime je obilje\u017eena i sve\u010dana primopredaja Doma za \u010diju je rekonstrukciju i dogradnju utro\u0161eno gotovo 21,4 milijuna kuna (bez PDV-a), za opremanje 2,7 milijuna kuna (bez PDV-a), a dom \u0107e stambeno zbrinuti 75 osoba. Na temelju Okvirnog sporazuma potpisanog izme\u0111u Republike Hrvatske i Razvojne banke Vije\u0107a Europa, u okviru Regionalnog programa stambenog zbrinjavanja te potpisanog Sporazuma o dodjeli bespovratnih sredstava za potprojekt rekonstrukcije i dogradnje, Dom za starije i nemo\u0107ne u Glini zami\u0161ljen je kao trajno rje\u0161enje za stambeno zbrinjavanje osoba u statusu izbjeglica, povratnika i prognanika koji se trenutno nalaze u objektima organiziranog smje\u0161taja kao i ostalih povratnika, koji zbog visoke \u017eivotne dobi nisu sposobni za samostalan \u017eivot. Osniva\u010d Doma za starije i nemo\u0107ne u Glini je \u017dupanija Sisa\u010dko-moslava\u010dka, a Sredi\u0161nji dr\u017eavni ured za obnovu i stambeno zbrinjavanje zadu\u017een je za izgradnju i opremanje doma, kao i odabir korisnika. Renata Tominovi\u0107 Cekovi\u0107, v.d. ravnateljice Doma za starije i nemo\u0107ne u Glini zahvalila je svima onima koji su \u201eu ovaj projekt utkali dio svog rada i znanja te na taj na\u010din pridonijeli ovom prekrasnom izgledu najmodernijeg Doma za starije i nemo\u0107ne u \u017eupaniji\u201c\u2026<\/p>\n<p>&nbsp;<\/p>\n<!-- default-view.php -->\n<div\n\tclass=\"ngg-galleryoverview default-view \n\t ngg-ajax-pagination-none\t\"\n\tid=\"ngg-gallery-33606e1dd4c55d546d7fb99631e3fbb0-1\">\n\n\t\t<!-- Thumbnails -->\n\t\t\t\t<div id=\"ngg-image-0\" class=\"ngg-gallery-thumbnail-box \n\t\t\t\t\t\t\t\t\t\t\t\" \n\t\t\t>\n\t\t\t\t\t\t<div class=\"ngg-gallery-thumbnail\">\n\t\t\t<a href=\"https:\/\/dom-glina.hr\/wp-content\/gallery\/radio-banovina\/19575400_481250308888647_7764742505637739144_o.jpg\"\n\t\t\t\ttitle=\"\"\n\t\t\t\tdata-src=\"https:\/\/dom-glina.hr\/wp-content\/gallery\/radio-banovina\/19575400_481250308888647_7764742505637739144_o.jpg\"\n\t\t\t\tdata-thumbnail=\"https:\/\/dom-glina.hr\/wp-content\/gallery\/radio-banovina\/thumbs\/thumbs_19575400_481250308888647_7764742505637739144_o.jpg\"\n\t\t\t\tdata-image-id=\"4\"\n\t\t\t\tdata-title=\"19575400_481250308888647_7764742505637739144_o\"\n\t\t\t\tdata-description=\"\"\n\t\t\t\tdata-image-slug=\"19575400_481250308888647_7764742505637739144_o\"\n\t\t\t\tclass=\"ngg-fancybox\" rel=\"33606e1dd4c55d546d7fb99631e3fbb0\">\n\t\t\t\t<img\n\t\t\t\t\ttitle=\"19575400_481250308888647_7764742505637739144_o\"\n\t\t\t\t\talt=\"19575400_481250308888647_7764742505637739144_o\"\n\t\t\t\t\tsrc=\"https:\/\/dom-glina.hr\/wp-content\/gallery\/radio-banovina\/thumbs\/thumbs_19575400_481250308888647_7764742505637739144_o.jpg\"\n\t\t\t\t\twidth=\"240\"\n\t\t\t\t\theight=\"160\"\n\t\t\t\t\tstyle=\"max-width:100%;\"\n\t\t\t\t\/>\n\t\t\t<\/a>\n\t\t<\/div>\n\t\t\t\t\t\t\t<\/div> \n\t\t\t\n\t\t\t\t<div id=\"ngg-image-1\" class=\"ngg-gallery-thumbnail-box \n\t\t\t\t\t\t\t\t\t\t\t\" \n\t\t\t>\n\t\t\t\t\t\t<div class=\"ngg-gallery-thumbnail\">\n\t\t\t<a href=\"https:\/\/dom-glina.hr\/wp-content\/gallery\/radio-banovina\/19621324_481249825555362_471015943576218322_o.jpg\"\n\t\t\t\ttitle=\"\"\n\t\t\t\tdata-src=\"https:\/\/dom-glina.hr\/wp-content\/gallery\/radio-banovina\/19621324_481249825555362_471015943576218322_o.jpg\"\n\t\t\t\tdata-thumbnail=\"https:\/\/dom-glina.hr\/wp-content\/gallery\/radio-banovina\/thumbs\/thumbs_19621324_481249825555362_471015943576218322_o.jpg\"\n\t\t\t\tdata-image-id=\"5\"\n\t\t\t\tdata-title=\"19621324_481249825555362_471015943576218322_o\"\n\t\t\t\tdata-description=\"\"\n\t\t\t\tdata-image-slug=\"19621324_481249825555362_471015943576218322_o\"\n\t\t\t\tclass=\"ngg-fancybox\" rel=\"33606e1dd4c55d546d7fb99631e3fbb0\">\n\t\t\t\t<img\n\t\t\t\t\ttitle=\"19621324_481249825555362_471015943576218322_o\"\n\t\t\t\t\talt=\"19621324_481249825555362_471015943576218322_o\"\n\t\t\t\t\tsrc=\"https:\/\/dom-glina.hr\/wp-content\/gallery\/radio-banovina\/thumbs\/thumbs_19621324_481249825555362_471015943576218322_o.jpg\"\n\t\t\t\t\twidth=\"240\"\n\t\t\t\t\theight=\"160\"\n\t\t\t\t\tstyle=\"max-width:100%;\"\n\t\t\t\t\/>\n\t\t\t<\/a>\n\t\t<\/div>\n\t\t\t\t\t\t\t<\/div> \n\t\t\t\n\t\t\t\t<div id=\"ngg-image-2\" class=\"ngg-gallery-thumbnail-box \n\t\t\t\t\t\t\t\t\t\t\t\" \n\t\t\t>\n\t\t\t\t\t\t<div class=\"ngg-gallery-thumbnail\">\n\t\t\t<a href=\"https:\/\/dom-glina.hr\/wp-content\/gallery\/radio-banovina\/19667480_481250555555289_6238336517297613741_o.jpg\"\n\t\t\t\ttitle=\"\"\n\t\t\t\tdata-src=\"https:\/\/dom-glina.hr\/wp-content\/gallery\/radio-banovina\/19667480_481250555555289_6238336517297613741_o.jpg\"\n\t\t\t\tdata-thumbnail=\"https:\/\/dom-glina.hr\/wp-content\/gallery\/radio-banovina\/thumbs\/thumbs_19667480_481250555555289_6238336517297613741_o.jpg\"\n\t\t\t\tdata-image-id=\"6\"\n\t\t\t\tdata-title=\"19667480_481250555555289_6238336517297613741_o\"\n\t\t\t\tdata-description=\"\"\n\t\t\t\tdata-image-slug=\"19667480_481250555555289_6238336517297613741_o\"\n\t\t\t\tclass=\"ngg-fancybox\" rel=\"33606e1dd4c55d546d7fb99631e3fbb0\">\n\t\t\t\t<img\n\t\t\t\t\ttitle=\"19667480_481250555555289_6238336517297613741_o\"\n\t\t\t\t\talt=\"19667480_481250555555289_6238336517297613741_o\"\n\t\t\t\t\tsrc=\"https:\/\/dom-glina.hr\/wp-content\/gallery\/radio-banovina\/thumbs\/thumbs_19667480_481250555555289_6238336517297613741_o.jpg\"\n\t\t\t\t\twidth=\"240\"\n\t\t\t\t\theight=\"160\"\n\t\t\t\t\tstyle=\"max-width:100%;\"\n\t\t\t\t\/>\n\t\t\t<\/a>\n\t\t<\/div>\n\t\t\t\t\t\t\t<\/div> \n\t\t\t\n\t\t\t\t<div id=\"ngg-image-3\" class=\"ngg-gallery-thumbnail-box \n\t\t\t\t\t\t\t\t\t\t\t\" \n\t\t\t>\n\t\t\t\t\t\t<div class=\"ngg-gallery-thumbnail\">\n\t\t\t<a href=\"https:\/\/dom-glina.hr\/wp-content\/gallery\/radio-banovina\/19667844_481250628888615_2297755142003620942_o.jpg\"\n\t\t\t\ttitle=\"\"\n\t\t\t\tdata-src=\"https:\/\/dom-glina.hr\/wp-content\/gallery\/radio-banovina\/19667844_481250628888615_2297755142003620942_o.jpg\"\n\t\t\t\tdata-thumbnail=\"https:\/\/dom-glina.hr\/wp-content\/gallery\/radio-banovina\/thumbs\/thumbs_19667844_481250628888615_2297755142003620942_o.jpg\"\n\t\t\t\tdata-image-id=\"7\"\n\t\t\t\tdata-title=\"19667844_481250628888615_2297755142003620942_o\"\n\t\t\t\tdata-description=\"\"\n\t\t\t\tdata-image-slug=\"19667844_481250628888615_2297755142003620942_o\"\n\t\t\t\tclass=\"ngg-fancybox\" rel=\"33606e1dd4c55d546d7fb99631e3fbb0\">\n\t\t\t\t<img\n\t\t\t\t\ttitle=\"19667844_481250628888615_2297755142003620942_o\"\n\t\t\t\t\talt=\"19667844_481250628888615_2297755142003620942_o\"\n\t\t\t\t\tsrc=\"https:\/\/dom-glina.hr\/wp-content\/gallery\/radio-banovina\/thumbs\/thumbs_19667844_481250628888615_2297755142003620942_o.jpg\"\n\t\t\t\t\twidth=\"240\"\n\t\t\t\t\theight=\"160\"\n\t\t\t\t\tstyle=\"max-width:100%;\"\n\t\t\t\t\/>\n\t\t\t<\/a>\n\t\t<\/div>\n\t\t\t\t\t\t\t<\/div> \n\t\t\t\n\t\t\t\t<div id=\"ngg-image-4\" class=\"ngg-gallery-thumbnail-box \n\t\t\t\t\t\t\t\t\t\t\t\" \n\t\t\t>\n\t\t\t\t\t\t<div class=\"ngg-gallery-thumbnail\">\n\t\t\t<a href=\"https:\/\/dom-glina.hr\/wp-content\/gallery\/radio-banovina\/19679147_481249768888701_7097649592451841986_o.jpg\"\n\t\t\t\ttitle=\"\"\n\t\t\t\tdata-src=\"https:\/\/dom-glina.hr\/wp-content\/gallery\/radio-banovina\/19679147_481249768888701_7097649592451841986_o.jpg\"\n\t\t\t\tdata-thumbnail=\"https:\/\/dom-glina.hr\/wp-content\/gallery\/radio-banovina\/thumbs\/thumbs_19679147_481249768888701_7097649592451841986_o.jpg\"\n\t\t\t\tdata-image-id=\"8\"\n\t\t\t\tdata-title=\"19679147_481249768888701_7097649592451841986_o\"\n\t\t\t\tdata-description=\"\"\n\t\t\t\tdata-image-slug=\"19679147_481249768888701_7097649592451841986_o\"\n\t\t\t\tclass=\"ngg-fancybox\" rel=\"33606e1dd4c55d546d7fb99631e3fbb0\">\n\t\t\t\t<img\n\t\t\t\t\ttitle=\"19679147_481249768888701_7097649592451841986_o\"\n\t\t\t\t\talt=\"19679147_481249768888701_7097649592451841986_o\"\n\t\t\t\t\tsrc=\"https:\/\/dom-glina.hr\/wp-content\/gallery\/radio-banovina\/thumbs\/thumbs_19679147_481249768888701_7097649592451841986_o.jpg\"\n\t\t\t\t\twidth=\"240\"\n\t\t\t\t\theight=\"160\"\n\t\t\t\t\tstyle=\"max-width:100%;\"\n\t\t\t\t\/>\n\t\t\t<\/a>\n\t\t<\/div>\n\t\t\t\t\t\t\t<\/div> \n\t\t\t\n\t\t\t\t<div id=\"ngg-image-5\" class=\"ngg-gallery-thumbnail-box \n\t\t\t\t\t\t\t\t\t\t\t\" \n\t\t\t>\n\t\t\t\t\t\t<div class=\"ngg-gallery-thumbnail\">\n\t\t\t<a href=\"https:\/\/dom-glina.hr\/wp-content\/gallery\/radio-banovina\/19702621_481249822222029_7679534677215921273_o.jpg\"\n\t\t\t\ttitle=\"\"\n\t\t\t\tdata-src=\"https:\/\/dom-glina.hr\/wp-content\/gallery\/radio-banovina\/19702621_481249822222029_7679534677215921273_o.jpg\"\n\t\t\t\tdata-thumbnail=\"https:\/\/dom-glina.hr\/wp-content\/gallery\/radio-banovina\/thumbs\/thumbs_19702621_481249822222029_7679534677215921273_o.jpg\"\n\t\t\t\tdata-image-id=\"9\"\n\t\t\t\tdata-title=\"19702621_481249822222029_7679534677215921273_o\"\n\t\t\t\tdata-description=\"\"\n\t\t\t\tdata-image-slug=\"19702621_481249822222029_7679534677215921273_o\"\n\t\t\t\tclass=\"ngg-fancybox\" rel=\"33606e1dd4c55d546d7fb99631e3fbb0\">\n\t\t\t\t<img\n\t\t\t\t\ttitle=\"19702621_481249822222029_7679534677215921273_o\"\n\t\t\t\t\talt=\"19702621_481249822222029_7679534677215921273_o\"\n\t\t\t\t\tsrc=\"https:\/\/dom-glina.hr\/wp-content\/gallery\/radio-banovina\/thumbs\/thumbs_19702621_481249822222029_7679534677215921273_o.jpg\"\n\t\t\t\t\twidth=\"240\"\n\t\t\t\t\theight=\"160\"\n\t\t\t\t\tstyle=\"max-width:100%;\"\n\t\t\t\t\/>\n\t\t\t<\/a>\n\t\t<\/div>\n\t\t\t\t\t\t\t<\/div> \n\t\t\t\n\t\t\t\t<div id=\"ngg-image-6\" class=\"ngg-gallery-thumbnail-box \n\t\t\t\t\t\t\t\t\t\t\t\" \n\t\t\t>\n\t\t\t\t\t\t<div class=\"ngg-gallery-thumbnail\">\n\t\t\t<a href=\"https:\/\/dom-glina.hr\/wp-content\/gallery\/radio-banovina\/19780604_481250398888638_2140875687803103644_o.jpg\"\n\t\t\t\ttitle=\"\"\n\t\t\t\tdata-src=\"https:\/\/dom-glina.hr\/wp-content\/gallery\/radio-banovina\/19780604_481250398888638_2140875687803103644_o.jpg\"\n\t\t\t\tdata-thumbnail=\"https:\/\/dom-glina.hr\/wp-content\/gallery\/radio-banovina\/thumbs\/thumbs_19780604_481250398888638_2140875687803103644_o.jpg\"\n\t\t\t\tdata-image-id=\"10\"\n\t\t\t\tdata-title=\"19780604_481250398888638_2140875687803103644_o\"\n\t\t\t\tdata-description=\"\"\n\t\t\t\tdata-image-slug=\"19780604_481250398888638_2140875687803103644_o\"\n\t\t\t\tclass=\"ngg-fancybox\" rel=\"33606e1dd4c55d546d7fb99631e3fbb0\">\n\t\t\t\t<img\n\t\t\t\t\ttitle=\"19780604_481250398888638_2140875687803103644_o\"\n\t\t\t\t\talt=\"19780604_481250398888638_2140875687803103644_o\"\n\t\t\t\t\tsrc=\"https:\/\/dom-glina.hr\/wp-content\/gallery\/radio-banovina\/thumbs\/thumbs_19780604_481250398888638_2140875687803103644_o.jpg\"\n\t\t\t\t\twidth=\"240\"\n\t\t\t\t\theight=\"160\"\n\t\t\t\t\tstyle=\"max-width:100%;\"\n\t\t\t\t\/>\n\t\t\t<\/a>\n\t\t<\/div>\n\t\t\t\t\t\t\t<\/div> \n\t\t\t\n\t\t\t\t<div id=\"ngg-image-7\" class=\"ngg-gallery-thumbnail-box \n\t\t\t\t\t\t\t\t\t\t\t\" \n\t\t\t>\n\t\t\t\t\t\t<div class=\"ngg-gallery-thumbnail\">\n\t\t\t<a href=\"https:\/\/dom-glina.hr\/wp-content\/gallery\/radio-banovina\/DOM1.jpg\"\n\t\t\t\ttitle=\"\"\n\t\t\t\tdata-src=\"https:\/\/dom-glina.hr\/wp-content\/gallery\/radio-banovina\/DOM1.jpg\"\n\t\t\t\tdata-thumbnail=\"https:\/\/dom-glina.hr\/wp-content\/gallery\/radio-banovina\/thumbs\/thumbs_DOM1.jpg\"\n\t\t\t\tdata-image-id=\"11\"\n\t\t\t\tdata-title=\"DOM1\"\n\t\t\t\tdata-description=\"\"\n\t\t\t\tdata-image-slug=\"dom1\"\n\t\t\t\tclass=\"ngg-fancybox\" rel=\"33606e1dd4c55d546d7fb99631e3fbb0\">\n\t\t\t\t<img\n\t\t\t\t\ttitle=\"DOM1\"\n\t\t\t\t\talt=\"DOM1\"\n\t\t\t\t\tsrc=\"https:\/\/dom-glina.hr\/wp-content\/gallery\/radio-banovina\/thumbs\/thumbs_DOM1.jpg\"\n\t\t\t\t\twidth=\"240\"\n\t\t\t\t\theight=\"160\"\n\t\t\t\t\tstyle=\"max-width:100%;\"\n\t\t\t\t\/>\n\t\t\t<\/a>\n\t\t<\/div>\n\t\t\t\t\t\t\t<\/div> \n\t\t\t\n\t\n\t<br style=\"clear: both\" \/>\n\n\t\n\t\t<!-- Pagination -->\n\t\t<div class='ngg-clear'><\/div>\t<\/div>\n\n","protected":false},"excerpt":{"rendered":"<p>5. srpnja je u Glini odr\u017eana sve\u010dana primopredaja Doma za starije i nemo\u0107ne Glina. Preuzeto sa stranica: Radio Banovina (http:\/\/www.radio-banovina.hr\/svecana-primopredaja-doma-starije-nemocne-glina\/) Sisa\u010dko-moslava\u010dki \u017eupan Ivo \u017dini\u0107 i dr\u017eavni tajnik Sredi\u0161njeg dr\u017eavnog ureda za obnovu i stambeno zbrinjavanje Nikola Ma\u017ear potpisali su Zapisnik o primopredaji Doma za starije i nemo\u0107ne Glina \u010dime je obilje\u017eena i sve\u010dana primopredaja Doma&hellip;<\/p>\n","protected":false},"author":1,"featured_media":65,"comment_status":"closed","ping_status":"closed","sticky":false,"template":"","format":"standard","meta":{"_monsterinsights_skip_tracking":false,"_monsterinsights_sitenote_active":false,"_monsterinsights_sitenote_note":"","_monsterinsights_sitenote_category":0,"ngg_post_thumbnail":0,"footnotes":""},"categories":[2],"tags":[],"aioseo_notices":[],"_links":{"self":[{"href":"https:\/\/dom-glina.hr\/index.php?rest_route=\/wp\/v2\/posts\/44"}],"collection":[{"href":"https:\/\/dom-glina.hr\/index.php?rest_route=\/wp\/v2\/posts"}],"about":[{"href":"https:\/\/dom-glina.hr\/index.php?rest_route=\/wp\/v2\/types\/post"}],"author":[{"embeddable":true,"href":"https:\/\/dom-glina.hr\/index.php?rest_route=\/wp\/v2\/users\/1"}],"replies":[{"embeddable":true,"href":"https:\/\/dom-glina.hr\/index.php?rest_route=%2Fwp%2Fv2%2Fcomments&post=44"}],"version-history":[{"count":4,"href":"https:\/\/dom-glina.hr\/index.php?rest_route=\/wp\/v2\/posts\/44\/revisions"}],"predecessor-version":[{"id":70,"href":"https:\/\/dom-glina.hr\/index.php?rest_route=\/wp\/v2\/posts\/44\/revisions\/70"}],"wp:featuredmedia":[{"embeddable":true,"href":"https:\/\/dom-glina.hr\/index.php?rest_route=\/wp\/v2\/media\/65"}],"wp:attachment":[{"href":"https:\/\/dom-glina.hr\/index.php?rest_route=%2Fwp%2Fv2%2Fmedia&parent=44"}],"wp:term":[{"taxonomy":"category","embeddable":true,"href":"https:\/\/dom-glina.hr\/index.php?rest_route=%2Fwp%2Fv2%2Fcategories&post=44"},{"taxonomy":"post_tag","embeddable":true,"href":"https:\/\/dom-glina.hr\/index.php?rest_route=%2Fwp%2Fv2%2Ftags&post=44"}],"curies":[{"name":"wp","href":"https:\/\/api.w.org\/{rel}","templated":true}]}}