{"id":3926,"date":"2020-03-06T14:51:04","date_gmt":"2020-03-06T13:51:04","guid":{"rendered":"http:\/\/dom-glina.hr\/?p=3926"},"modified":"2020-06-24T14:54:24","modified_gmt":"2020-06-24T12:54:24","slug":"3926","status":"publish","type":"post","link":"https:\/\/dom-glina.hr\/?p=3926","title":{"rendered":"Odluka COVID-19 6.3.2020."},"content":{"rendered":"<p style=\"text-align: justify;\">Na temelju \u010dlanka 36. Statuta Doma za starije osobe Glina (KLASA: 550-01\/17-01\/02, URBROJ: 2176-143-17-1; KLASA: 550-01\/18-01\/02, URBROJ: 2176-143-18-26 i KLASA: 550-01\/19-01\/02 URBROJ: 2176-143-19-5 \u2013 pro\u010di\u0161\u0107eni tekst), naputka Ministarstva zdravstva, Ministarstva za demografiju, obitelj, mlade i socijalnu politiku, Hrvatskog zavoda za javno zdravstvo te na prijedlog Stru\u010dnog vije\u0107a Doma, ravnateljica Doma donosi sljede\u0107u <strong>ODLUKU<\/strong>:<\/p>\n<ol>\n<li style=\"text-align: justify;\"><strong>ZABRANJUJU<\/strong> se sve posjete korisnicima Doma te prijem stranaka sukladno strategiji prevencije mogu\u0107eg \u0161irenja COVID-19 ( Coronavirusa) kao i zbog epidemije gripe<\/li>\n<li style=\"text-align: justify;\"><strong>ZABRANJUJU<\/strong> se svi izlasci korisnika iz ustanove.<\/li>\n<li style=\"text-align: justify;\">Odga\u0111aju se lije\u010dni\u010dki pregledi za sve korisnike ( izuzev hitnih slu\u010dajeva)<\/li>\n<li style=\"text-align: justify;\">Odga\u0111a se prijem novih korisnika<\/li>\n<li style=\"text-align: justify;\">Zabrana posjeta korisnicima i izlazaka korisnika iz ustanove na snazi je jo\u0161 od 28.02.2020. godine i traje sve dok se ne odnese odluka o njenom ukidanju nakon procjene da je opasnost od \u0161irenja zaraze smanjena na prihvatljivu razinu.<\/li>\n<\/ol>\n<p style=\"text-align: justify;\"><span style=\"text-decoration: underline; color: #3366ff;\"><em><a style=\"color: #3366ff; text-decoration: underline;\" href=\"http:\/\/dom-glina.hr\/wp-content\/uploads\/2020\/03\/ODLUKA-COVID-19.pdf\" target=\"_blank\" rel=\"noopener\">ODLUKA-COVID-19<\/a><\/em><\/span>&nbsp;(pdf)<\/p>\n<p>Renata Tominovi\u0107 Cekovi\u0107,&nbsp;mag. educ. rehab<br \/>\nRavnateljica Doma za starije osobe Glina<\/p>\n","protected":false},"excerpt":{"rendered":"<p>Na temelju \u010dlanka 36. Statuta Doma za starije osobe Glina (KLASA: 550-01\/17-01\/02, URBROJ: 2176-143-17-1; KLASA: 550-01\/18-01\/02, URBROJ: 2176-143-18-26 i KLASA: 550-01\/19-01\/02 URBROJ: 2176-143-19-5 \u2013 pro\u010di\u0161\u0107eni tekst), naputka Ministarstva zdravstva, Ministarstva za demografiju, obitelj, mlade i socijalnu politiku, Hrvatskog zavoda za javno zdravstvo te na prijedlog Stru\u010dnog vije\u0107a Doma, ravnateljica Doma donosi sljede\u0107u ODLUKU: ZABRANJUJU se&hellip;<\/p>\n","protected":false},"author":1,"featured_media":0,"comment_status":"closed","ping_status":"closed","sticky":false,"template":"","format":"standard","meta":{"_monsterinsights_skip_tracking":false,"_monsterinsights_sitenote_active":false,"_monsterinsights_sitenote_note":"","_monsterinsights_sitenote_category":0,"ngg_post_thumbnail":0,"footnotes":""},"categories":[40],"tags":[],"aioseo_notices":[],"_links":{"self":[{"href":"https:\/\/dom-glina.hr\/index.php?rest_route=\/wp\/v2\/posts\/3926"}],"collection":[{"href":"https:\/\/dom-glina.hr\/index.php?rest_route=\/wp\/v2\/posts"}],"about":[{"href":"https:\/\/dom-glina.hr\/index.php?rest_route=\/wp\/v2\/types\/post"}],"author":[{"embeddable":true,"href":"https:\/\/dom-glina.hr\/index.php?rest_route=\/wp\/v2\/users\/1"}],"replies":[{"embeddable":true,"href":"https:\/\/dom-glina.hr\/index.php?rest_route=%2Fwp%2Fv2%2Fcomments&post=3926"}],"version-history":[{"count":3,"href":"https:\/\/dom-glina.hr\/index.php?rest_route=\/wp\/v2\/posts\/3926\/revisions"}],"predecessor-version":[{"id":3929,"href":"https:\/\/dom-glina.hr\/index.php?rest_route=\/wp\/v2\/posts\/3926\/revisions\/3929"}],"wp:attachment":[{"href":"https:\/\/dom-glina.hr\/index.php?rest_route=%2Fwp%2Fv2%2Fmedia&parent=3926"}],"wp:term":[{"taxonomy":"category","embeddable":true,"href":"https:\/\/dom-glina.hr\/index.php?rest_route=%2Fwp%2Fv2%2Fcategories&post=3926"},{"taxonomy":"post_tag","embeddable":true,"href":"https:\/\/dom-glina.hr\/index.php?rest_route=%2Fwp%2Fv2%2Ftags&post=3926"}],"curies":[{"name":"wp","href":"https:\/\/api.w.org\/{rel}","templated":true}]}}