{"id":3387,"date":"2020-02-01T10:15:36","date_gmt":"2020-02-01T09:15:36","guid":{"rendered":"http:\/\/dom-glina.hr\/?p=3387"},"modified":"2020-02-03T10:16:44","modified_gmt":"2020-02-03T09:16:44","slug":"gerontoasistentice-ucilista-magistra","status":"publish","type":"post","link":"https:\/\/dom-glina.hr\/?p=3387","title":{"rendered":"Gerontoasistentice U\u010dili\u0161ta Magistra"},"content":{"rendered":"<p style=\"text-align: justify;\">Dana 31.01.2020.godine Dom za starije osobe Glina posjetile su polaznice gerontoasistentice U\u010dili\u0161ta Magistra u Zagrebu uz pratnju doktorice Da\u0161e Poredo\u0161 Lavor i doktorice Sanje \u0160tingl Vla\u0161i\u0107. Upoznale su se s na\u0161im domom te radom na Odjelu njege i brige o zdravlju . Bilo je to prekrasno dru\u017eenje, u\u010denje i praksa. Hvala na podr\u0161ci, edukaciji i suradnji na\u0161im dragim doktoricama .Veselimo se idu\u0107em dru\u017eenju.\u2764<\/p>\n<p>&nbsp;<\/p>\n<!-- default-view.php -->\n<div\n\tclass=\"ngg-galleryoverview default-view \n\t ngg-ajax-pagination-none\t\"\n\tid=\"ngg-gallery-b5edf70e309b7df2388ff9e1327fb178-1\">\n\n\t\t<!-- Thumbnails -->\n\t\t\t\t<div id=\"ngg-image-0\" class=\"ngg-gallery-thumbnail-box \n\t\t\t\t\t\t\t\t\t\t\t\" \n\t\t\t>\n\t\t\t\t\t\t<div class=\"ngg-gallery-thumbnail\">\n\t\t\t<a href=\"https:\/\/dom-glina.hr\/wp-content\/gallery\/gerontoasistentice-ucilista-magistra\/83261578_620609895416331_6512187649380319232_n.jpg\"\n\t\t\t\ttitle=\"\"\n\t\t\t\tdata-src=\"https:\/\/dom-glina.hr\/wp-content\/gallery\/gerontoasistentice-ucilista-magistra\/83261578_620609895416331_6512187649380319232_n.jpg\"\n\t\t\t\tdata-thumbnail=\"https:\/\/dom-glina.hr\/wp-content\/gallery\/gerontoasistentice-ucilista-magistra\/thumbs\/thumbs_83261578_620609895416331_6512187649380319232_n.jpg\"\n\t\t\t\tdata-image-id=\"892\"\n\t\t\t\tdata-title=\"83261578_620609895416331_6512187649380319232_n\"\n\t\t\t\tdata-description=\"\"\n\t\t\t\tdata-image-slug=\"83261578_620609895416331_6512187649380319232_n\"\n\t\t\t\tclass=\"ngg-fancybox\" rel=\"b5edf70e309b7df2388ff9e1327fb178\">\n\t\t\t\t<img\n\t\t\t\t\ttitle=\"83261578_620609895416331_6512187649380319232_n\"\n\t\t\t\t\talt=\"83261578_620609895416331_6512187649380319232_n\"\n\t\t\t\t\tsrc=\"https:\/\/dom-glina.hr\/wp-content\/gallery\/gerontoasistentice-ucilista-magistra\/thumbs\/thumbs_83261578_620609895416331_6512187649380319232_n.jpg\"\n\t\t\t\t\twidth=\"240\"\n\t\t\t\t\theight=\"160\"\n\t\t\t\t\tstyle=\"max-width:100%;\"\n\t\t\t\t\/>\n\t\t\t<\/a>\n\t\t<\/div>\n\t\t\t\t\t\t\t<\/div> \n\t\t\t\n\t\t\t\t<div id=\"ngg-image-1\" class=\"ngg-gallery-thumbnail-box \n\t\t\t\t\t\t\t\t\t\t\t\" \n\t\t\t>\n\t\t\t\t\t\t<div class=\"ngg-gallery-thumbnail\">\n\t\t\t<a href=\"https:\/\/dom-glina.hr\/wp-content\/gallery\/gerontoasistentice-ucilista-magistra\/83504514_620609972082990_6921421745480007680_n.jpg\"\n\t\t\t\ttitle=\"\"\n\t\t\t\tdata-src=\"https:\/\/dom-glina.hr\/wp-content\/gallery\/gerontoasistentice-ucilista-magistra\/83504514_620609972082990_6921421745480007680_n.jpg\"\n\t\t\t\tdata-thumbnail=\"https:\/\/dom-glina.hr\/wp-content\/gallery\/gerontoasistentice-ucilista-magistra\/thumbs\/thumbs_83504514_620609972082990_6921421745480007680_n.jpg\"\n\t\t\t\tdata-image-id=\"893\"\n\t\t\t\tdata-title=\"83504514_620609972082990_6921421745480007680_n\"\n\t\t\t\tdata-description=\"\"\n\t\t\t\tdata-image-slug=\"83504514_620609972082990_6921421745480007680_n\"\n\t\t\t\tclass=\"ngg-fancybox\" rel=\"b5edf70e309b7df2388ff9e1327fb178\">\n\t\t\t\t<img\n\t\t\t\t\ttitle=\"83504514_620609972082990_6921421745480007680_n\"\n\t\t\t\t\talt=\"83504514_620609972082990_6921421745480007680_n\"\n\t\t\t\t\tsrc=\"https:\/\/dom-glina.hr\/wp-content\/gallery\/gerontoasistentice-ucilista-magistra\/thumbs\/thumbs_83504514_620609972082990_6921421745480007680_n.jpg\"\n\t\t\t\t\twidth=\"240\"\n\t\t\t\t\theight=\"160\"\n\t\t\t\t\tstyle=\"max-width:100%;\"\n\t\t\t\t\/>\n\t\t\t<\/a>\n\t\t<\/div>\n\t\t\t\t\t\t\t<\/div> \n\t\t\t\n\t\t\t\t<div id=\"ngg-image-2\" class=\"ngg-gallery-thumbnail-box \n\t\t\t\t\t\t\t\t\t\t\t\" \n\t\t\t>\n\t\t\t\t\t\t<div class=\"ngg-gallery-thumbnail\">\n\t\t\t<a href=\"https:\/\/dom-glina.hr\/wp-content\/gallery\/gerontoasistentice-ucilista-magistra\/83895389_620609935416327_5956269098588438528_n.jpg\"\n\t\t\t\ttitle=\"\"\n\t\t\t\tdata-src=\"https:\/\/dom-glina.hr\/wp-content\/gallery\/gerontoasistentice-ucilista-magistra\/83895389_620609935416327_5956269098588438528_n.jpg\"\n\t\t\t\tdata-thumbnail=\"https:\/\/dom-glina.hr\/wp-content\/gallery\/gerontoasistentice-ucilista-magistra\/thumbs\/thumbs_83895389_620609935416327_5956269098588438528_n.jpg\"\n\t\t\t\tdata-image-id=\"894\"\n\t\t\t\tdata-title=\"83895389_620609935416327_5956269098588438528_n\"\n\t\t\t\tdata-description=\"\"\n\t\t\t\tdata-image-slug=\"83895389_620609935416327_5956269098588438528_n\"\n\t\t\t\tclass=\"ngg-fancybox\" rel=\"b5edf70e309b7df2388ff9e1327fb178\">\n\t\t\t\t<img\n\t\t\t\t\ttitle=\"83895389_620609935416327_5956269098588438528_n\"\n\t\t\t\t\talt=\"83895389_620609935416327_5956269098588438528_n\"\n\t\t\t\t\tsrc=\"https:\/\/dom-glina.hr\/wp-content\/gallery\/gerontoasistentice-ucilista-magistra\/thumbs\/thumbs_83895389_620609935416327_5956269098588438528_n.jpg\"\n\t\t\t\t\twidth=\"240\"\n\t\t\t\t\theight=\"160\"\n\t\t\t\t\tstyle=\"max-width:100%;\"\n\t\t\t\t\/>\n\t\t\t<\/a>\n\t\t<\/div>\n\t\t\t\t\t\t\t<\/div> \n\t\t\t\n\t\t\t\t<div id=\"ngg-image-3\" class=\"ngg-gallery-thumbnail-box \n\t\t\t\t\t\t\t\t\t\t\t\" \n\t\t\t>\n\t\t\t\t\t\t<div class=\"ngg-gallery-thumbnail\">\n\t\t\t<a href=\"https:\/\/dom-glina.hr\/wp-content\/gallery\/gerontoasistentice-ucilista-magistra\/84101831_620609825416338_4941165659921842176_n.jpg\"\n\t\t\t\ttitle=\"\"\n\t\t\t\tdata-src=\"https:\/\/dom-glina.hr\/wp-content\/gallery\/gerontoasistentice-ucilista-magistra\/84101831_620609825416338_4941165659921842176_n.jpg\"\n\t\t\t\tdata-thumbnail=\"https:\/\/dom-glina.hr\/wp-content\/gallery\/gerontoasistentice-ucilista-magistra\/thumbs\/thumbs_84101831_620609825416338_4941165659921842176_n.jpg\"\n\t\t\t\tdata-image-id=\"895\"\n\t\t\t\tdata-title=\"84101831_620609825416338_4941165659921842176_n\"\n\t\t\t\tdata-description=\"\"\n\t\t\t\tdata-image-slug=\"84101831_620609825416338_4941165659921842176_n\"\n\t\t\t\tclass=\"ngg-fancybox\" rel=\"b5edf70e309b7df2388ff9e1327fb178\">\n\t\t\t\t<img\n\t\t\t\t\ttitle=\"84101831_620609825416338_4941165659921842176_n\"\n\t\t\t\t\talt=\"84101831_620609825416338_4941165659921842176_n\"\n\t\t\t\t\tsrc=\"https:\/\/dom-glina.hr\/wp-content\/gallery\/gerontoasistentice-ucilista-magistra\/thumbs\/thumbs_84101831_620609825416338_4941165659921842176_n.jpg\"\n\t\t\t\t\twidth=\"240\"\n\t\t\t\t\theight=\"160\"\n\t\t\t\t\tstyle=\"max-width:100%;\"\n\t\t\t\t\/>\n\t\t\t<\/a>\n\t\t<\/div>\n\t\t\t\t\t\t\t<\/div> \n\t\t\t\n\t\t\t\t<div id=\"ngg-image-4\" class=\"ngg-gallery-thumbnail-box \n\t\t\t\t\t\t\t\t\t\t\t\" \n\t\t\t>\n\t\t\t\t\t\t<div class=\"ngg-gallery-thumbnail\">\n\t\t\t<a href=\"https:\/\/dom-glina.hr\/wp-content\/gallery\/gerontoasistentice-ucilista-magistra\/84254790_620609862083001_2767000446718443520_n.jpg\"\n\t\t\t\ttitle=\"\"\n\t\t\t\tdata-src=\"https:\/\/dom-glina.hr\/wp-content\/gallery\/gerontoasistentice-ucilista-magistra\/84254790_620609862083001_2767000446718443520_n.jpg\"\n\t\t\t\tdata-thumbnail=\"https:\/\/dom-glina.hr\/wp-content\/gallery\/gerontoasistentice-ucilista-magistra\/thumbs\/thumbs_84254790_620609862083001_2767000446718443520_n.jpg\"\n\t\t\t\tdata-image-id=\"896\"\n\t\t\t\tdata-title=\"84254790_620609862083001_2767000446718443520_n\"\n\t\t\t\tdata-description=\"\"\n\t\t\t\tdata-image-slug=\"84254790_620609862083001_2767000446718443520_n\"\n\t\t\t\tclass=\"ngg-fancybox\" rel=\"b5edf70e309b7df2388ff9e1327fb178\">\n\t\t\t\t<img\n\t\t\t\t\ttitle=\"84254790_620609862083001_2767000446718443520_n\"\n\t\t\t\t\talt=\"84254790_620609862083001_2767000446718443520_n\"\n\t\t\t\t\tsrc=\"https:\/\/dom-glina.hr\/wp-content\/gallery\/gerontoasistentice-ucilista-magistra\/thumbs\/thumbs_84254790_620609862083001_2767000446718443520_n.jpg\"\n\t\t\t\t\twidth=\"240\"\n\t\t\t\t\theight=\"160\"\n\t\t\t\t\tstyle=\"max-width:100%;\"\n\t\t\t\t\/>\n\t\t\t<\/a>\n\t\t<\/div>\n\t\t\t\t\t\t\t<\/div> \n\t\t\t\n\t\t\t\t<div id=\"ngg-image-5\" class=\"ngg-gallery-thumbnail-box \n\t\t\t\t\t\t\t\t\t\t\t\" \n\t\t\t>\n\t\t\t\t\t\t<div class=\"ngg-gallery-thumbnail\">\n\t\t\t<a href=\"https:\/\/dom-glina.hr\/wp-content\/gallery\/gerontoasistentice-ucilista-magistra\/85029564_620609802083007_1754225052124971008_n.jpg\"\n\t\t\t\ttitle=\"\"\n\t\t\t\tdata-src=\"https:\/\/dom-glina.hr\/wp-content\/gallery\/gerontoasistentice-ucilista-magistra\/85029564_620609802083007_1754225052124971008_n.jpg\"\n\t\t\t\tdata-thumbnail=\"https:\/\/dom-glina.hr\/wp-content\/gallery\/gerontoasistentice-ucilista-magistra\/thumbs\/thumbs_85029564_620609802083007_1754225052124971008_n.jpg\"\n\t\t\t\tdata-image-id=\"897\"\n\t\t\t\tdata-title=\"85029564_620609802083007_1754225052124971008_n\"\n\t\t\t\tdata-description=\"\"\n\t\t\t\tdata-image-slug=\"85029564_620609802083007_1754225052124971008_n\"\n\t\t\t\tclass=\"ngg-fancybox\" rel=\"b5edf70e309b7df2388ff9e1327fb178\">\n\t\t\t\t<img\n\t\t\t\t\ttitle=\"85029564_620609802083007_1754225052124971008_n\"\n\t\t\t\t\talt=\"85029564_620609802083007_1754225052124971008_n\"\n\t\t\t\t\tsrc=\"https:\/\/dom-glina.hr\/wp-content\/gallery\/gerontoasistentice-ucilista-magistra\/thumbs\/thumbs_85029564_620609802083007_1754225052124971008_n.jpg\"\n\t\t\t\t\twidth=\"240\"\n\t\t\t\t\theight=\"160\"\n\t\t\t\t\tstyle=\"max-width:100%;\"\n\t\t\t\t\/>\n\t\t\t<\/a>\n\t\t<\/div>\n\t\t\t\t\t\t\t<\/div> \n\t\t\t\n\t\n\t<br style=\"clear: both\" \/>\n\n\t\n\t\t<!-- Pagination -->\n\t\t<div class='ngg-clear'><\/div>\t<\/div>\n\n","protected":false},"excerpt":{"rendered":"<p>Dana 31.01.2020.godine Dom za starije osobe Glina posjetile su polaznice gerontoasistentice U\u010dili\u0161ta Magistra u Zagrebu uz pratnju doktorice Da\u0161e Poredo\u0161 Lavor i doktorice Sanje \u0160tingl Vla\u0161i\u0107. Upoznale su se s na\u0161im domom te radom na Odjelu njege i brige o zdravlju . Bilo je to prekrasno dru\u017eenje, u\u010denje i praksa. Hvala na podr\u0161ci, edukaciji i&hellip;<\/p>\n","protected":false},"author":1,"featured_media":3388,"comment_status":"closed","ping_status":"closed","sticky":false,"template":"","format":"standard","meta":{"_monsterinsights_skip_tracking":false,"_monsterinsights_sitenote_active":false,"_monsterinsights_sitenote_note":"","_monsterinsights_sitenote_category":0,"ngg_post_thumbnail":0,"footnotes":""},"categories":[2],"tags":[],"aioseo_notices":[],"_links":{"self":[{"href":"https:\/\/dom-glina.hr\/index.php?rest_route=\/wp\/v2\/posts\/3387"}],"collection":[{"href":"https:\/\/dom-glina.hr\/index.php?rest_route=\/wp\/v2\/posts"}],"about":[{"href":"https:\/\/dom-glina.hr\/index.php?rest_route=\/wp\/v2\/types\/post"}],"author":[{"embeddable":true,"href":"https:\/\/dom-glina.hr\/index.php?rest_route=\/wp\/v2\/users\/1"}],"replies":[{"embeddable":true,"href":"https:\/\/dom-glina.hr\/index.php?rest_route=%2Fwp%2Fv2%2Fcomments&post=3387"}],"version-history":[{"count":1,"href":"https:\/\/dom-glina.hr\/index.php?rest_route=\/wp\/v2\/posts\/3387\/revisions"}],"predecessor-version":[{"id":3389,"href":"https:\/\/dom-glina.hr\/index.php?rest_route=\/wp\/v2\/posts\/3387\/revisions\/3389"}],"wp:featuredmedia":[{"embeddable":true,"href":"https:\/\/dom-glina.hr\/index.php?rest_route=\/wp\/v2\/media\/3388"}],"wp:attachment":[{"href":"https:\/\/dom-glina.hr\/index.php?rest_route=%2Fwp%2Fv2%2Fmedia&parent=3387"}],"wp:term":[{"taxonomy":"category","embeddable":true,"href":"https:\/\/dom-glina.hr\/index.php?rest_route=%2Fwp%2Fv2%2Fcategories&post=3387"},{"taxonomy":"post_tag","embeddable":true,"href":"https:\/\/dom-glina.hr\/index.php?rest_route=%2Fwp%2Fv2%2Ftags&post=3387"}],"curies":[{"name":"wp","href":"https:\/\/api.w.org\/{rel}","templated":true}]}}