{"id":3377,"date":"2020-01-06T10:10:22","date_gmt":"2020-01-06T09:10:22","guid":{"rendered":"http:\/\/dom-glina.hr\/?p=3377"},"modified":"2020-02-03T10:11:39","modified_gmt":"2020-02-03T09:11:39","slug":"badnjak-i-bozic-vjernika-pravoslavne-vjeroispovijesti","status":"publish","type":"post","link":"https:\/\/dom-glina.hr\/?p=3377","title":{"rendered":"Badnjak i Bo\u017ei\u0107 vjernika pravoslavne vjeroispovijesti"},"content":{"rendered":"<p style=\"text-align: justify;\">Povodom Badnjaka i Bo\u017ei\u0107a koji slave vjernici pravoslavne vjeroispovijesti u na\u0161 topli dom je stigao dragi nam gost Glinski pravoslavni prezviter Goran Kalamanda. Uz rije\u010di utjehe, nade i ohrabrenja za\u017eelio je sretne i blagoslovljene nadolaze\u0107e blagdane. Zahvaljujemo se na posjeti te se pridru\u017eujemo \u010destitci. Mir bo\u017eiji, Hristos se rodi.<\/p>\n<p>&nbsp;<\/p>\n<!-- default-view.php -->\n<div\n\tclass=\"ngg-galleryoverview default-view \n\t ngg-ajax-pagination-none\t\"\n\tid=\"ngg-gallery-9850fb77693ee2dc0b49dad486c498bd-1\">\n\n\t\t<!-- Thumbnails -->\n\t\t\t\t<div id=\"ngg-image-0\" class=\"ngg-gallery-thumbnail-box \n\t\t\t\t\t\t\t\t\t\t\t\" \n\t\t\t>\n\t\t\t\t\t\t<div class=\"ngg-gallery-thumbnail\">\n\t\t\t<a href=\"https:\/\/dom-glina.hr\/wp-content\/gallery\/badnjak-i-bozic-vjernika-pravoslavne-vjeroispovijesti\/81725241_600765800734074_7017223512163090432_n.jpg\"\n\t\t\t\ttitle=\"\"\n\t\t\t\tdata-src=\"https:\/\/dom-glina.hr\/wp-content\/gallery\/badnjak-i-bozic-vjernika-pravoslavne-vjeroispovijesti\/81725241_600765800734074_7017223512163090432_n.jpg\"\n\t\t\t\tdata-thumbnail=\"https:\/\/dom-glina.hr\/wp-content\/gallery\/badnjak-i-bozic-vjernika-pravoslavne-vjeroispovijesti\/thumbs\/thumbs_81725241_600765800734074_7017223512163090432_n.jpg\"\n\t\t\t\tdata-image-id=\"877\"\n\t\t\t\tdata-title=\"81725241_600765800734074_7017223512163090432_n\"\n\t\t\t\tdata-description=\"\"\n\t\t\t\tdata-image-slug=\"81725241_600765800734074_7017223512163090432_n\"\n\t\t\t\tclass=\"ngg-fancybox\" rel=\"9850fb77693ee2dc0b49dad486c498bd\">\n\t\t\t\t<img\n\t\t\t\t\ttitle=\"81725241_600765800734074_7017223512163090432_n\"\n\t\t\t\t\talt=\"81725241_600765800734074_7017223512163090432_n\"\n\t\t\t\t\tsrc=\"https:\/\/dom-glina.hr\/wp-content\/gallery\/badnjak-i-bozic-vjernika-pravoslavne-vjeroispovijesti\/thumbs\/thumbs_81725241_600765800734074_7017223512163090432_n.jpg\"\n\t\t\t\t\twidth=\"240\"\n\t\t\t\t\theight=\"160\"\n\t\t\t\t\tstyle=\"max-width:100%;\"\n\t\t\t\t\/>\n\t\t\t<\/a>\n\t\t<\/div>\n\t\t\t\t\t\t\t<\/div> \n\t\t\t\n\t\t\t\t<div id=\"ngg-image-1\" class=\"ngg-gallery-thumbnail-box \n\t\t\t\t\t\t\t\t\t\t\t\" \n\t\t\t>\n\t\t\t\t\t\t<div class=\"ngg-gallery-thumbnail\">\n\t\t\t<a href=\"https:\/\/dom-glina.hr\/wp-content\/gallery\/badnjak-i-bozic-vjernika-pravoslavne-vjeroispovijesti\/81919654_600765980734056_6076642862798209024_n.jpg\"\n\t\t\t\ttitle=\"\"\n\t\t\t\tdata-src=\"https:\/\/dom-glina.hr\/wp-content\/gallery\/badnjak-i-bozic-vjernika-pravoslavne-vjeroispovijesti\/81919654_600765980734056_6076642862798209024_n.jpg\"\n\t\t\t\tdata-thumbnail=\"https:\/\/dom-glina.hr\/wp-content\/gallery\/badnjak-i-bozic-vjernika-pravoslavne-vjeroispovijesti\/thumbs\/thumbs_81919654_600765980734056_6076642862798209024_n.jpg\"\n\t\t\t\tdata-image-id=\"878\"\n\t\t\t\tdata-title=\"81919654_600765980734056_6076642862798209024_n\"\n\t\t\t\tdata-description=\"\"\n\t\t\t\tdata-image-slug=\"81919654_600765980734056_6076642862798209024_n\"\n\t\t\t\tclass=\"ngg-fancybox\" rel=\"9850fb77693ee2dc0b49dad486c498bd\">\n\t\t\t\t<img\n\t\t\t\t\ttitle=\"81919654_600765980734056_6076642862798209024_n\"\n\t\t\t\t\talt=\"81919654_600765980734056_6076642862798209024_n\"\n\t\t\t\t\tsrc=\"https:\/\/dom-glina.hr\/wp-content\/gallery\/badnjak-i-bozic-vjernika-pravoslavne-vjeroispovijesti\/thumbs\/thumbs_81919654_600765980734056_6076642862798209024_n.jpg\"\n\t\t\t\t\twidth=\"240\"\n\t\t\t\t\theight=\"160\"\n\t\t\t\t\tstyle=\"max-width:100%;\"\n\t\t\t\t\/>\n\t\t\t<\/a>\n\t\t<\/div>\n\t\t\t\t\t\t\t<\/div> \n\t\t\t\n\t\t\t\t<div id=\"ngg-image-2\" class=\"ngg-gallery-thumbnail-box \n\t\t\t\t\t\t\t\t\t\t\t\" \n\t\t\t>\n\t\t\t\t\t\t<div class=\"ngg-gallery-thumbnail\">\n\t\t\t<a href=\"https:\/\/dom-glina.hr\/wp-content\/gallery\/badnjak-i-bozic-vjernika-pravoslavne-vjeroispovijesti\/82026951_600765914067396_5506877513537683456_n.jpg\"\n\t\t\t\ttitle=\"\"\n\t\t\t\tdata-src=\"https:\/\/dom-glina.hr\/wp-content\/gallery\/badnjak-i-bozic-vjernika-pravoslavne-vjeroispovijesti\/82026951_600765914067396_5506877513537683456_n.jpg\"\n\t\t\t\tdata-thumbnail=\"https:\/\/dom-glina.hr\/wp-content\/gallery\/badnjak-i-bozic-vjernika-pravoslavne-vjeroispovijesti\/thumbs\/thumbs_82026951_600765914067396_5506877513537683456_n.jpg\"\n\t\t\t\tdata-image-id=\"879\"\n\t\t\t\tdata-title=\"82026951_600765914067396_5506877513537683456_n\"\n\t\t\t\tdata-description=\"\"\n\t\t\t\tdata-image-slug=\"82026951_600765914067396_5506877513537683456_n\"\n\t\t\t\tclass=\"ngg-fancybox\" rel=\"9850fb77693ee2dc0b49dad486c498bd\">\n\t\t\t\t<img\n\t\t\t\t\ttitle=\"82026951_600765914067396_5506877513537683456_n\"\n\t\t\t\t\talt=\"82026951_600765914067396_5506877513537683456_n\"\n\t\t\t\t\tsrc=\"https:\/\/dom-glina.hr\/wp-content\/gallery\/badnjak-i-bozic-vjernika-pravoslavne-vjeroispovijesti\/thumbs\/thumbs_82026951_600765914067396_5506877513537683456_n.jpg\"\n\t\t\t\t\twidth=\"240\"\n\t\t\t\t\theight=\"160\"\n\t\t\t\t\tstyle=\"max-width:100%;\"\n\t\t\t\t\/>\n\t\t\t<\/a>\n\t\t<\/div>\n\t\t\t\t\t\t\t<\/div> \n\t\t\t\n\t\t\t\t<div id=\"ngg-image-3\" class=\"ngg-gallery-thumbnail-box \n\t\t\t\t\t\t\t\t\t\t\t\" \n\t\t\t>\n\t\t\t\t\t\t<div class=\"ngg-gallery-thumbnail\">\n\t\t\t<a href=\"https:\/\/dom-glina.hr\/wp-content\/gallery\/badnjak-i-bozic-vjernika-pravoslavne-vjeroispovijesti\/82634362_600765854067402_1682822925930987520_n.jpg\"\n\t\t\t\ttitle=\"\"\n\t\t\t\tdata-src=\"https:\/\/dom-glina.hr\/wp-content\/gallery\/badnjak-i-bozic-vjernika-pravoslavne-vjeroispovijesti\/82634362_600765854067402_1682822925930987520_n.jpg\"\n\t\t\t\tdata-thumbnail=\"https:\/\/dom-glina.hr\/wp-content\/gallery\/badnjak-i-bozic-vjernika-pravoslavne-vjeroispovijesti\/thumbs\/thumbs_82634362_600765854067402_1682822925930987520_n.jpg\"\n\t\t\t\tdata-image-id=\"880\"\n\t\t\t\tdata-title=\"82634362_600765854067402_1682822925930987520_n\"\n\t\t\t\tdata-description=\"\"\n\t\t\t\tdata-image-slug=\"82634362_600765854067402_1682822925930987520_n\"\n\t\t\t\tclass=\"ngg-fancybox\" rel=\"9850fb77693ee2dc0b49dad486c498bd\">\n\t\t\t\t<img\n\t\t\t\t\ttitle=\"82634362_600765854067402_1682822925930987520_n\"\n\t\t\t\t\talt=\"82634362_600765854067402_1682822925930987520_n\"\n\t\t\t\t\tsrc=\"https:\/\/dom-glina.hr\/wp-content\/gallery\/badnjak-i-bozic-vjernika-pravoslavne-vjeroispovijesti\/thumbs\/thumbs_82634362_600765854067402_1682822925930987520_n.jpg\"\n\t\t\t\t\twidth=\"240\"\n\t\t\t\t\theight=\"160\"\n\t\t\t\t\tstyle=\"max-width:100%;\"\n\t\t\t\t\/>\n\t\t\t<\/a>\n\t\t<\/div>\n\t\t\t\t\t\t\t<\/div> \n\t\t\t\n\t\n\t<br style=\"clear: both\" \/>\n\n\t\n\t\t<!-- Pagination -->\n\t\t<div class='ngg-clear'><\/div>\t<\/div>\n\n","protected":false},"excerpt":{"rendered":"<p>Povodom Badnjaka i Bo\u017ei\u0107a koji slave vjernici pravoslavne vjeroispovijesti u na\u0161 topli dom je stigao dragi nam gost Glinski pravoslavni prezviter Goran Kalamanda. Uz rije\u010di utjehe, nade i ohrabrenja za\u017eelio je sretne i blagoslovljene nadolaze\u0107e blagdane. Zahvaljujemo se na posjeti te se pridru\u017eujemo \u010destitci. Mir bo\u017eiji, Hristos se rodi. &nbsp; &#8221; order_by=&#8221;sortorder&#8221; order_direction=&#8221;ASC&#8221; returns=&#8221;included&#8221; maximum_entity_count=&#8221;500&#8243;]<\/p>\n","protected":false},"author":1,"featured_media":3378,"comment_status":"closed","ping_status":"closed","sticky":false,"template":"","format":"standard","meta":{"_monsterinsights_skip_tracking":false,"_monsterinsights_sitenote_active":false,"_monsterinsights_sitenote_note":"","_monsterinsights_sitenote_category":0,"ngg_post_thumbnail":0,"footnotes":""},"categories":[2],"tags":[],"aioseo_notices":[],"_links":{"self":[{"href":"https:\/\/dom-glina.hr\/index.php?rest_route=\/wp\/v2\/posts\/3377"}],"collection":[{"href":"https:\/\/dom-glina.hr\/index.php?rest_route=\/wp\/v2\/posts"}],"about":[{"href":"https:\/\/dom-glina.hr\/index.php?rest_route=\/wp\/v2\/types\/post"}],"author":[{"embeddable":true,"href":"https:\/\/dom-glina.hr\/index.php?rest_route=\/wp\/v2\/users\/1"}],"replies":[{"embeddable":true,"href":"https:\/\/dom-glina.hr\/index.php?rest_route=%2Fwp%2Fv2%2Fcomments&post=3377"}],"version-history":[{"count":1,"href":"https:\/\/dom-glina.hr\/index.php?rest_route=\/wp\/v2\/posts\/3377\/revisions"}],"predecessor-version":[{"id":3379,"href":"https:\/\/dom-glina.hr\/index.php?rest_route=\/wp\/v2\/posts\/3377\/revisions\/3379"}],"wp:featuredmedia":[{"embeddable":true,"href":"https:\/\/dom-glina.hr\/index.php?rest_route=\/wp\/v2\/media\/3378"}],"wp:attachment":[{"href":"https:\/\/dom-glina.hr\/index.php?rest_route=%2Fwp%2Fv2%2Fmedia&parent=3377"}],"wp:term":[{"taxonomy":"category","embeddable":true,"href":"https:\/\/dom-glina.hr\/index.php?rest_route=%2Fwp%2Fv2%2Fcategories&post=3377"},{"taxonomy":"post_tag","embeddable":true,"href":"https:\/\/dom-glina.hr\/index.php?rest_route=%2Fwp%2Fv2%2Ftags&post=3377"}],"curies":[{"name":"wp","href":"https:\/\/api.w.org\/{rel}","templated":true}]}}