{"id":3374,"date":"2019-12-23T10:08:14","date_gmt":"2019-12-23T09:08:14","guid":{"rendered":"http:\/\/dom-glina.hr\/?p=3374"},"modified":"2020-02-03T10:09:45","modified_gmt":"2020-02-03T09:09:45","slug":"odrzana-sveta-misa","status":"publish","type":"post","link":"https:\/\/dom-glina.hr\/?p=3374","title":{"rendered":"Odr\u017eana sveta misa"},"content":{"rendered":"<p style=\"text-align: justify;\">Povodom nadolaze\u0107ih bo\u017ei\u0107nih blagdana, u domu je odr\u017eana sveta misa koju je predvodio vele\u010dasni Ivica Ma\u0111er iz \u017eupe svetog Ivana Nepomuka u Glini.Vele\u010dasni je uz blagoslov uputio bo\u017ei\u0107nu \u010destitku korisnicima i djelatnicima doma.<\/p>\n<p>&nbsp;<\/p>\n<!-- default-view.php -->\n<div\n\tclass=\"ngg-galleryoverview default-view \n\t ngg-ajax-pagination-none\t\"\n\tid=\"ngg-gallery-86fb47e5fe0a6b8a9198b931cd9a8e43-1\">\n\n\t\t<!-- Thumbnails -->\n\t\t\t\t<div id=\"ngg-image-0\" class=\"ngg-gallery-thumbnail-box \n\t\t\t\t\t\t\t\t\t\t\t\" \n\t\t\t>\n\t\t\t\t\t\t<div class=\"ngg-gallery-thumbnail\">\n\t\t\t<a href=\"https:\/\/dom-glina.hr\/wp-content\/gallery\/odrzana-sveta-misa\/79899278_588226621987992_1470645133417381888_n.jpg\"\n\t\t\t\ttitle=\"\"\n\t\t\t\tdata-src=\"https:\/\/dom-glina.hr\/wp-content\/gallery\/odrzana-sveta-misa\/79899278_588226621987992_1470645133417381888_n.jpg\"\n\t\t\t\tdata-thumbnail=\"https:\/\/dom-glina.hr\/wp-content\/gallery\/odrzana-sveta-misa\/thumbs\/thumbs_79899278_588226621987992_1470645133417381888_n.jpg\"\n\t\t\t\tdata-image-id=\"873\"\n\t\t\t\tdata-title=\"79899278_588226621987992_1470645133417381888_n\"\n\t\t\t\tdata-description=\"\"\n\t\t\t\tdata-image-slug=\"79899278_588226621987992_1470645133417381888_n\"\n\t\t\t\tclass=\"ngg-fancybox\" rel=\"86fb47e5fe0a6b8a9198b931cd9a8e43\">\n\t\t\t\t<img\n\t\t\t\t\ttitle=\"79899278_588226621987992_1470645133417381888_n\"\n\t\t\t\t\talt=\"79899278_588226621987992_1470645133417381888_n\"\n\t\t\t\t\tsrc=\"https:\/\/dom-glina.hr\/wp-content\/gallery\/odrzana-sveta-misa\/thumbs\/thumbs_79899278_588226621987992_1470645133417381888_n.jpg\"\n\t\t\t\t\twidth=\"240\"\n\t\t\t\t\theight=\"160\"\n\t\t\t\t\tstyle=\"max-width:100%;\"\n\t\t\t\t\/>\n\t\t\t<\/a>\n\t\t<\/div>\n\t\t\t\t\t\t\t<\/div> \n\t\t\t\n\t\t\t\t<div id=\"ngg-image-1\" class=\"ngg-gallery-thumbnail-box \n\t\t\t\t\t\t\t\t\t\t\t\" \n\t\t\t>\n\t\t\t\t\t\t<div class=\"ngg-gallery-thumbnail\">\n\t\t\t<a href=\"https:\/\/dom-glina.hr\/wp-content\/gallery\/odrzana-sveta-misa\/79972494_588226718654649_103346031357329408_n.jpg\"\n\t\t\t\ttitle=\"\"\n\t\t\t\tdata-src=\"https:\/\/dom-glina.hr\/wp-content\/gallery\/odrzana-sveta-misa\/79972494_588226718654649_103346031357329408_n.jpg\"\n\t\t\t\tdata-thumbnail=\"https:\/\/dom-glina.hr\/wp-content\/gallery\/odrzana-sveta-misa\/thumbs\/thumbs_79972494_588226718654649_103346031357329408_n.jpg\"\n\t\t\t\tdata-image-id=\"874\"\n\t\t\t\tdata-title=\"79972494_588226718654649_103346031357329408_n\"\n\t\t\t\tdata-description=\"\"\n\t\t\t\tdata-image-slug=\"79972494_588226718654649_103346031357329408_n\"\n\t\t\t\tclass=\"ngg-fancybox\" rel=\"86fb47e5fe0a6b8a9198b931cd9a8e43\">\n\t\t\t\t<img\n\t\t\t\t\ttitle=\"79972494_588226718654649_103346031357329408_n\"\n\t\t\t\t\talt=\"79972494_588226718654649_103346031357329408_n\"\n\t\t\t\t\tsrc=\"https:\/\/dom-glina.hr\/wp-content\/gallery\/odrzana-sveta-misa\/thumbs\/thumbs_79972494_588226718654649_103346031357329408_n.jpg\"\n\t\t\t\t\twidth=\"240\"\n\t\t\t\t\theight=\"160\"\n\t\t\t\t\tstyle=\"max-width:100%;\"\n\t\t\t\t\/>\n\t\t\t<\/a>\n\t\t<\/div>\n\t\t\t\t\t\t\t<\/div> \n\t\t\t\n\t\t\t\t<div id=\"ngg-image-2\" class=\"ngg-gallery-thumbnail-box \n\t\t\t\t\t\t\t\t\t\t\t\" \n\t\t\t>\n\t\t\t\t\t\t<div class=\"ngg-gallery-thumbnail\">\n\t\t\t<a href=\"https:\/\/dom-glina.hr\/wp-content\/gallery\/odrzana-sveta-misa\/80073894_588226675321320_6426249799078510592_n.jpg\"\n\t\t\t\ttitle=\"\"\n\t\t\t\tdata-src=\"https:\/\/dom-glina.hr\/wp-content\/gallery\/odrzana-sveta-misa\/80073894_588226675321320_6426249799078510592_n.jpg\"\n\t\t\t\tdata-thumbnail=\"https:\/\/dom-glina.hr\/wp-content\/gallery\/odrzana-sveta-misa\/thumbs\/thumbs_80073894_588226675321320_6426249799078510592_n.jpg\"\n\t\t\t\tdata-image-id=\"875\"\n\t\t\t\tdata-title=\"80073894_588226675321320_6426249799078510592_n\"\n\t\t\t\tdata-description=\"\"\n\t\t\t\tdata-image-slug=\"80073894_588226675321320_6426249799078510592_n\"\n\t\t\t\tclass=\"ngg-fancybox\" rel=\"86fb47e5fe0a6b8a9198b931cd9a8e43\">\n\t\t\t\t<img\n\t\t\t\t\ttitle=\"80073894_588226675321320_6426249799078510592_n\"\n\t\t\t\t\talt=\"80073894_588226675321320_6426249799078510592_n\"\n\t\t\t\t\tsrc=\"https:\/\/dom-glina.hr\/wp-content\/gallery\/odrzana-sveta-misa\/thumbs\/thumbs_80073894_588226675321320_6426249799078510592_n.jpg\"\n\t\t\t\t\twidth=\"240\"\n\t\t\t\t\theight=\"160\"\n\t\t\t\t\tstyle=\"max-width:100%;\"\n\t\t\t\t\/>\n\t\t\t<\/a>\n\t\t<\/div>\n\t\t\t\t\t\t\t<\/div> \n\t\t\t\n\t\t\t\t<div id=\"ngg-image-3\" class=\"ngg-gallery-thumbnail-box \n\t\t\t\t\t\t\t\t\t\t\t\" \n\t\t\t>\n\t\t\t\t\t\t<div class=\"ngg-gallery-thumbnail\">\n\t\t\t<a href=\"https:\/\/dom-glina.hr\/wp-content\/gallery\/odrzana-sveta-misa\/80396552_588226648654656_5996707405386219520_n.jpg\"\n\t\t\t\ttitle=\"\"\n\t\t\t\tdata-src=\"https:\/\/dom-glina.hr\/wp-content\/gallery\/odrzana-sveta-misa\/80396552_588226648654656_5996707405386219520_n.jpg\"\n\t\t\t\tdata-thumbnail=\"https:\/\/dom-glina.hr\/wp-content\/gallery\/odrzana-sveta-misa\/thumbs\/thumbs_80396552_588226648654656_5996707405386219520_n.jpg\"\n\t\t\t\tdata-image-id=\"876\"\n\t\t\t\tdata-title=\"80396552_588226648654656_5996707405386219520_n\"\n\t\t\t\tdata-description=\"\"\n\t\t\t\tdata-image-slug=\"80396552_588226648654656_5996707405386219520_n\"\n\t\t\t\tclass=\"ngg-fancybox\" rel=\"86fb47e5fe0a6b8a9198b931cd9a8e43\">\n\t\t\t\t<img\n\t\t\t\t\ttitle=\"80396552_588226648654656_5996707405386219520_n\"\n\t\t\t\t\talt=\"80396552_588226648654656_5996707405386219520_n\"\n\t\t\t\t\tsrc=\"https:\/\/dom-glina.hr\/wp-content\/gallery\/odrzana-sveta-misa\/thumbs\/thumbs_80396552_588226648654656_5996707405386219520_n.jpg\"\n\t\t\t\t\twidth=\"240\"\n\t\t\t\t\theight=\"160\"\n\t\t\t\t\tstyle=\"max-width:100%;\"\n\t\t\t\t\/>\n\t\t\t<\/a>\n\t\t<\/div>\n\t\t\t\t\t\t\t<\/div> \n\t\t\t\n\t\n\t<br style=\"clear: both\" \/>\n\n\t\n\t\t<!-- Pagination -->\n\t\t<div class='ngg-clear'><\/div>\t<\/div>\n\n","protected":false},"excerpt":{"rendered":"<p>Povodom nadolaze\u0107ih bo\u017ei\u0107nih blagdana, u domu je odr\u017eana sveta misa koju je predvodio vele\u010dasni Ivica Ma\u0111er iz \u017eupe svetog Ivana Nepomuka u Glini.Vele\u010dasni je uz blagoslov uputio bo\u017ei\u0107nu \u010destitku korisnicima i djelatnicima doma. &nbsp; &#8221; order_by=&#8221;sortorder&#8221; order_direction=&#8221;ASC&#8221; returns=&#8221;included&#8221; maximum_entity_count=&#8221;500&#8243;]<\/p>\n","protected":false},"author":1,"featured_media":3375,"comment_status":"closed","ping_status":"closed","sticky":false,"template":"","format":"standard","meta":{"_monsterinsights_skip_tracking":false,"_monsterinsights_sitenote_active":false,"_monsterinsights_sitenote_note":"","_monsterinsights_sitenote_category":0,"ngg_post_thumbnail":0,"footnotes":""},"categories":[2],"tags":[],"aioseo_notices":[],"_links":{"self":[{"href":"https:\/\/dom-glina.hr\/index.php?rest_route=\/wp\/v2\/posts\/3374"}],"collection":[{"href":"https:\/\/dom-glina.hr\/index.php?rest_route=\/wp\/v2\/posts"}],"about":[{"href":"https:\/\/dom-glina.hr\/index.php?rest_route=\/wp\/v2\/types\/post"}],"author":[{"embeddable":true,"href":"https:\/\/dom-glina.hr\/index.php?rest_route=\/wp\/v2\/users\/1"}],"replies":[{"embeddable":true,"href":"https:\/\/dom-glina.hr\/index.php?rest_route=%2Fwp%2Fv2%2Fcomments&post=3374"}],"version-history":[{"count":1,"href":"https:\/\/dom-glina.hr\/index.php?rest_route=\/wp\/v2\/posts\/3374\/revisions"}],"predecessor-version":[{"id":3376,"href":"https:\/\/dom-glina.hr\/index.php?rest_route=\/wp\/v2\/posts\/3374\/revisions\/3376"}],"wp:featuredmedia":[{"embeddable":true,"href":"https:\/\/dom-glina.hr\/index.php?rest_route=\/wp\/v2\/media\/3375"}],"wp:attachment":[{"href":"https:\/\/dom-glina.hr\/index.php?rest_route=%2Fwp%2Fv2%2Fmedia&parent=3374"}],"wp:term":[{"taxonomy":"category","embeddable":true,"href":"https:\/\/dom-glina.hr\/index.php?rest_route=%2Fwp%2Fv2%2Fcategories&post=3374"},{"taxonomy":"post_tag","embeddable":true,"href":"https:\/\/dom-glina.hr\/index.php?rest_route=%2Fwp%2Fv2%2Ftags&post=3374"}],"curies":[{"name":"wp","href":"https:\/\/api.w.org\/{rel}","templated":true}]}}