{"id":32,"date":"2018-04-23T07:07:32","date_gmt":"2018-04-23T05:07:32","guid":{"rendered":"http:\/\/dom-glina.hr\/?p=32"},"modified":"2018-04-28T16:10:23","modified_gmt":"2018-04-28T14:10:23","slug":"svecana-primopredaja-doma-za-starije-i-nemocne-u-glini","status":"publish","type":"post","link":"https:\/\/dom-glina.hr\/?p=32","title":{"rendered":"Sve\u010dana primopredaja Doma za starije i nemo\u0107ne u Glini"},"content":{"rendered":"<p style=\"text-align: justify;\">Preuzeto sa stranica: <a href=\"http:\/\/www.sduosz.hr\/\" target=\"_blank\" rel=\"noopener\">Sredi\u0161nji dr\u017eavni ured za obnovu i stambeno zbrinjavanje<\/a><\/p>\n<p>&nbsp;<\/p>\n<p style=\"text-align: justify;\">(<span style=\"text-decoration: underline; color: #3366ff; font-size: 10pt;\"><em><a style=\"color: #3366ff; text-decoration: underline;\" href=\"http:\/\/www.sduosz.hr\/vijesti\/svecana-primopredaja-doma-za-starije-nemocne-u-glini\/\" target=\"_blank\" rel=\"noopener\">http:\/\/www.sduosz.hr\/vijesti\/svecana-primopredaja-doma-za-starije-nemocne-u-glini\/<\/a><\/em><\/span>)<\/p>\n<p style=\"text-align: justify;\">U Glini, dana 5. srpnja 2017. godine, odr\u017eana je sve\u010dana primopredaja Doma za starije i nemo\u0107ne osobe. Na temelju Okvirnog sporazuma potpisanog izme\u0111u Republike Hrvatske i Razvojne banke Vije\u0107a Europa, u okviru Regionalnog programa stambenog zbrinjavanja, te potpisanog Sporazuma o dodjeli bespovratnih sredstava za potprojekt rekonstrukcije i dogradnje, Dom za starije i nemo\u0107ne osobe u Glini bit \u0107e trajno rje\u0161enje za stambeno zbrinjavanje osoba u statusu izbjeglica, povratnika i prognanika koji se trenutno nalaze u objektima organiziranog smje\u0161taja (Polikarpa, Prognani\u010dko naselje Kova\u010devac, Dom Matija) te ostalih povratnika, koji zbog visoke \u017eivotne dobi nisu sposobni za samostalan \u017eivot.<\/p>\n<p style=\"text-align: justify;\">Osniva\u010d Doma za starije i nemo\u0107ne osobe u Glini je \u017dupanija Sisa\u010dko-moslava\u010dka, a Sredi\u0161nji dr\u017eavni ured za obnovu i stambeno zbrinjavanje zadu\u017een je za izgradnju i opremanje Doma, kao i izbor korisnika.<\/p>\n<p style=\"text-align: justify;\">Za rekonstrukciju i dogradnju Doma za starije i nemo\u0107ne osobe u Glini utro\u0161eno je gotovo 26,7 milijuna kuna (sa PDV-om) i za opremanje 3,3 milijuna kuna ( sa PDV-om). Stambeno \u0107e se zbrinuti 75 osoba koje nisu sposobne za samostalan \u017eivot.<\/p>\n<p style=\"text-align: justify;\">Tripartitnim Sporazumom o me\u0111usobnim pravima i obavezama u provedbi projekta Doma socijalne skrbi \u2013 Dom za starije i nemo\u0107ne osobe u Glini, koji je potpisan 22. prosinca 2014. izme\u0111u Sredi\u0161njeg dr\u017eavnog ureda za obnovu i stambeno zbrinjavanje, Ministarstva za demografiju, obitelj, mlade i socijalnu politiku te Sisa\u010dko-moslava\u010dke \u017eupanije, definirane su obveze svake institucije pojedina\u010dno. Sukladno Sporazumu, Sredi\u0161nji dr\u017eavni ured za obnovu i stambeno zbrinjavanje odabire korisnike Doma koji odgovaraju programskim zahtjevima RHP-a, sve dok postoje potrebe za stambeno zbrinjavanje biv\u0161ih izbjeglica, povratnika i prognanika koji ne mogu samostalno \u017eivjeti, a nemaju osigurano trajno stambeno rje\u0161enje, te je bio investitor Doma sve do zavr\u0161etka radova, opremanja doma i primopredaje objekta.<\/p>\n<p style=\"text-align: justify;\">Uz dr\u017eavnog tajnika Sredi\u0161njeg dr\u017eavnog ureda za obnovu i stambeno zbrinjavanje, g. Nikolu Ma\u017eara, doga\u0111aju su prisustvovali g. Ivo \u017dini\u0107, \u017eupan Sisa\u010dko-moslava\u010dke \u017eupanije, g. Stjepan Kostanjevi\u0107, gradona\u010delnik grada Gline te Renata Tominovi\u0107 Cekovi\u0107, v.d. ravnateljica doma za starije i nemo\u0107ne u Glini.<\/p>\n<!-- default-view.php -->\n<div\n\tclass=\"ngg-galleryoverview default-view \n\t ngg-ajax-pagination-none\t\"\n\tid=\"ngg-gallery-dd417632cdb057663c00ac8ea5204213-1\">\n\n\t\t<!-- Thumbnails -->\n\t\t\t\t<div id=\"ngg-image-0\" class=\"ngg-gallery-thumbnail-box \n\t\t\t\t\t\t\t\t\t\t\t\" \n\t\t\t>\n\t\t\t\t\t\t<div class=\"ngg-gallery-thumbnail\">\n\t\t\t<a href=\"https:\/\/dom-glina.hr\/wp-content\/gallery\/svecana-primopredaja-doma-za-starije-i-nemocne-u-glini\/P7051364-960x480.jpg\"\n\t\t\t\ttitle=\"\"\n\t\t\t\tdata-src=\"https:\/\/dom-glina.hr\/wp-content\/gallery\/svecana-primopredaja-doma-za-starije-i-nemocne-u-glini\/P7051364-960x480.jpg\"\n\t\t\t\tdata-thumbnail=\"https:\/\/dom-glina.hr\/wp-content\/gallery\/svecana-primopredaja-doma-za-starije-i-nemocne-u-glini\/thumbs\/thumbs_P7051364-960x480.jpg\"\n\t\t\t\tdata-image-id=\"1\"\n\t\t\t\tdata-title=\"P7051364-960x480\"\n\t\t\t\tdata-description=\"\"\n\t\t\t\tdata-image-slug=\"p7051364-960x480\"\n\t\t\t\tclass=\"ngg-fancybox\" rel=\"dd417632cdb057663c00ac8ea5204213\">\n\t\t\t\t<img\n\t\t\t\t\ttitle=\"P7051364-960x480\"\n\t\t\t\t\talt=\"P7051364-960x480\"\n\t\t\t\t\tsrc=\"https:\/\/dom-glina.hr\/wp-content\/gallery\/svecana-primopredaja-doma-za-starije-i-nemocne-u-glini\/thumbs\/thumbs_P7051364-960x480.jpg\"\n\t\t\t\t\twidth=\"240\"\n\t\t\t\t\theight=\"160\"\n\t\t\t\t\tstyle=\"max-width:100%;\"\n\t\t\t\t\/>\n\t\t\t<\/a>\n\t\t<\/div>\n\t\t\t\t\t\t\t<\/div> \n\t\t\t\n\t\t\t\t<div id=\"ngg-image-1\" class=\"ngg-gallery-thumbnail-box \n\t\t\t\t\t\t\t\t\t\t\t\" \n\t\t\t>\n\t\t\t\t\t\t<div class=\"ngg-gallery-thumbnail\">\n\t\t\t<a href=\"https:\/\/dom-glina.hr\/wp-content\/gallery\/svecana-primopredaja-doma-za-starije-i-nemocne-u-glini\/P7051393-960x480.jpg\"\n\t\t\t\ttitle=\"\"\n\t\t\t\tdata-src=\"https:\/\/dom-glina.hr\/wp-content\/gallery\/svecana-primopredaja-doma-za-starije-i-nemocne-u-glini\/P7051393-960x480.jpg\"\n\t\t\t\tdata-thumbnail=\"https:\/\/dom-glina.hr\/wp-content\/gallery\/svecana-primopredaja-doma-za-starije-i-nemocne-u-glini\/thumbs\/thumbs_P7051393-960x480.jpg\"\n\t\t\t\tdata-image-id=\"2\"\n\t\t\t\tdata-title=\"P7051393-960x480\"\n\t\t\t\tdata-description=\"\"\n\t\t\t\tdata-image-slug=\"p7051393-960x480\"\n\t\t\t\tclass=\"ngg-fancybox\" rel=\"dd417632cdb057663c00ac8ea5204213\">\n\t\t\t\t<img\n\t\t\t\t\ttitle=\"P7051393-960x480\"\n\t\t\t\t\talt=\"P7051393-960x480\"\n\t\t\t\t\tsrc=\"https:\/\/dom-glina.hr\/wp-content\/gallery\/svecana-primopredaja-doma-za-starije-i-nemocne-u-glini\/thumbs\/thumbs_P7051393-960x480.jpg\"\n\t\t\t\t\twidth=\"240\"\n\t\t\t\t\theight=\"160\"\n\t\t\t\t\tstyle=\"max-width:100%;\"\n\t\t\t\t\/>\n\t\t\t<\/a>\n\t\t<\/div>\n\t\t\t\t\t\t\t<\/div> \n\t\t\t\n\t\t\t\t<div id=\"ngg-image-2\" class=\"ngg-gallery-thumbnail-box \n\t\t\t\t\t\t\t\t\t\t\t\" \n\t\t\t>\n\t\t\t\t\t\t<div class=\"ngg-gallery-thumbnail\">\n\t\t\t<a href=\"https:\/\/dom-glina.hr\/wp-content\/gallery\/svecana-primopredaja-doma-za-starije-i-nemocne-u-glini\/P7051395-960x480.jpg\"\n\t\t\t\ttitle=\"\"\n\t\t\t\tdata-src=\"https:\/\/dom-glina.hr\/wp-content\/gallery\/svecana-primopredaja-doma-za-starije-i-nemocne-u-glini\/P7051395-960x480.jpg\"\n\t\t\t\tdata-thumbnail=\"https:\/\/dom-glina.hr\/wp-content\/gallery\/svecana-primopredaja-doma-za-starije-i-nemocne-u-glini\/thumbs\/thumbs_P7051395-960x480.jpg\"\n\t\t\t\tdata-image-id=\"3\"\n\t\t\t\tdata-title=\"P7051395-960x480\"\n\t\t\t\tdata-description=\"\"\n\t\t\t\tdata-image-slug=\"p7051395-960x480\"\n\t\t\t\tclass=\"ngg-fancybox\" rel=\"dd417632cdb057663c00ac8ea5204213\">\n\t\t\t\t<img\n\t\t\t\t\ttitle=\"P7051395-960x480\"\n\t\t\t\t\talt=\"P7051395-960x480\"\n\t\t\t\t\tsrc=\"https:\/\/dom-glina.hr\/wp-content\/gallery\/svecana-primopredaja-doma-za-starije-i-nemocne-u-glini\/thumbs\/thumbs_P7051395-960x480.jpg\"\n\t\t\t\t\twidth=\"240\"\n\t\t\t\t\theight=\"160\"\n\t\t\t\t\tstyle=\"max-width:100%;\"\n\t\t\t\t\/>\n\t\t\t<\/a>\n\t\t<\/div>\n\t\t\t\t\t\t\t<\/div> \n\t\t\t\n\t\n\t<br style=\"clear: both\" \/>\n\n\t\n\t\t<!-- Pagination -->\n\t\t<div class='ngg-clear'><\/div>\t<\/div>\n\n","protected":false},"excerpt":{"rendered":"<p>Preuzeto sa stranica: Sredi\u0161nji dr\u017eavni ured za obnovu i stambeno zbrinjavanje &nbsp; (http:\/\/www.sduosz.hr\/vijesti\/svecana-primopredaja-doma-za-starije-nemocne-u-glini\/) U Glini, dana 5. srpnja 2017. godine, odr\u017eana je sve\u010dana primopredaja Doma za starije i nemo\u0107ne osobe. Na temelju Okvirnog sporazuma potpisanog izme\u0111u Republike Hrvatske i Razvojne banke Vije\u0107a Europa, u okviru Regionalnog programa stambenog zbrinjavanja, te potpisanog Sporazuma o dodjeli bespovratnih&hellip;<\/p>\n","protected":false},"author":1,"featured_media":69,"comment_status":"closed","ping_status":"closed","sticky":false,"template":"","format":"standard","meta":{"_monsterinsights_skip_tracking":false,"_monsterinsights_sitenote_active":false,"_monsterinsights_sitenote_note":"","_monsterinsights_sitenote_category":0,"ngg_post_thumbnail":0,"footnotes":""},"categories":[2],"tags":[],"aioseo_notices":[],"_links":{"self":[{"href":"https:\/\/dom-glina.hr\/index.php?rest_route=\/wp\/v2\/posts\/32"}],"collection":[{"href":"https:\/\/dom-glina.hr\/index.php?rest_route=\/wp\/v2\/posts"}],"about":[{"href":"https:\/\/dom-glina.hr\/index.php?rest_route=\/wp\/v2\/types\/post"}],"author":[{"embeddable":true,"href":"https:\/\/dom-glina.hr\/index.php?rest_route=\/wp\/v2\/users\/1"}],"replies":[{"embeddable":true,"href":"https:\/\/dom-glina.hr\/index.php?rest_route=%2Fwp%2Fv2%2Fcomments&post=32"}],"version-history":[{"count":5,"href":"https:\/\/dom-glina.hr\/index.php?rest_route=\/wp\/v2\/posts\/32\/revisions"}],"predecessor-version":[{"id":870,"href":"https:\/\/dom-glina.hr\/index.php?rest_route=\/wp\/v2\/posts\/32\/revisions\/870"}],"wp:featuredmedia":[{"embeddable":true,"href":"https:\/\/dom-glina.hr\/index.php?rest_route=\/wp\/v2\/media\/69"}],"wp:attachment":[{"href":"https:\/\/dom-glina.hr\/index.php?rest_route=%2Fwp%2Fv2%2Fmedia&parent=32"}],"wp:term":[{"taxonomy":"category","embeddable":true,"href":"https:\/\/dom-glina.hr\/index.php?rest_route=%2Fwp%2Fv2%2Fcategories&post=32"},{"taxonomy":"post_tag","embeddable":true,"href":"https:\/\/dom-glina.hr\/index.php?rest_route=%2Fwp%2Fv2%2Ftags&post=32"}],"curies":[{"name":"wp","href":"https:\/\/api.w.org\/{rel}","templated":true}]}}