{"id":3183,"date":"2019-12-31T08:59:19","date_gmt":"2019-12-31T07:59:19","guid":{"rendered":"http:\/\/dom-glina.hr\/?p=3183"},"modified":"2019-12-31T08:59:19","modified_gmt":"2019-12-31T07:59:19","slug":"plan-rada-za-2020-godinu","status":"publish","type":"post","link":"https:\/\/dom-glina.hr\/?p=3183","title":{"rendered":"Plan rada za 2020. godinu"},"content":{"rendered":"<p style=\"text-align: justify;\">Na temelju \u010dlanka 30.Statuta Doma za starije osobe Glina, na prijedlog ravnateljice Doma, Upravno vije\u0107e na 26. sjednici odr\u017eanoj dana 30.prosinca 2019.godine donosi<\/p>\n<ul>\n<li style=\"text-align: justify;\">GODI\u0160NJI PLAN RADA DOMA ZA STARIJE OSOBE GLINA ZA 2020. GODINU<br \/>\n<a href=\"http:\/\/dom-glina.hr\/wp-content\/uploads\/2019\/12\/GODISNJI-PLAN-RADA-DOMA-ZA-2020.pdf\" target=\"_blank\" rel=\"noopener\"><span style=\"text-decoration: underline; color: #3366ff;\"><em>GODISNJI PLAN RADA DOMA ZA 2020<\/em><\/span><\/a>&nbsp;(pdf)<\/li>\n<\/ul>\n","protected":false},"excerpt":{"rendered":"<p>Na temelju \u010dlanka 30.Statuta Doma za starije osobe Glina, na prijedlog ravnateljice Doma, Upravno vije\u0107e na 26. sjednici odr\u017eanoj dana 30.prosinca 2019.godine donosi GODI\u0160NJI PLAN RADA DOMA ZA STARIJE OSOBE GLINA ZA 2020. GODINU GODISNJI PLAN RADA DOMA ZA 2020&nbsp;(pdf)<\/p>\n","protected":false},"author":1,"featured_media":0,"comment_status":"closed","ping_status":"closed","sticky":false,"template":"","format":"standard","meta":{"_monsterinsights_skip_tracking":false,"_monsterinsights_sitenote_active":false,"_monsterinsights_sitenote_note":"","_monsterinsights_sitenote_category":0,"ngg_post_thumbnail":0,"footnotes":""},"categories":[39],"tags":[],"aioseo_notices":[],"_links":{"self":[{"href":"https:\/\/dom-glina.hr\/index.php?rest_route=\/wp\/v2\/posts\/3183"}],"collection":[{"href":"https:\/\/dom-glina.hr\/index.php?rest_route=\/wp\/v2\/posts"}],"about":[{"href":"https:\/\/dom-glina.hr\/index.php?rest_route=\/wp\/v2\/types\/post"}],"author":[{"embeddable":true,"href":"https:\/\/dom-glina.hr\/index.php?rest_route=\/wp\/v2\/users\/1"}],"replies":[{"embeddable":true,"href":"https:\/\/dom-glina.hr\/index.php?rest_route=%2Fwp%2Fv2%2Fcomments&post=3183"}],"version-history":[{"count":1,"href":"https:\/\/dom-glina.hr\/index.php?rest_route=\/wp\/v2\/posts\/3183\/revisions"}],"predecessor-version":[{"id":3185,"href":"https:\/\/dom-glina.hr\/index.php?rest_route=\/wp\/v2\/posts\/3183\/revisions\/3185"}],"wp:attachment":[{"href":"https:\/\/dom-glina.hr\/index.php?rest_route=%2Fwp%2Fv2%2Fmedia&parent=3183"}],"wp:term":[{"taxonomy":"category","embeddable":true,"href":"https:\/\/dom-glina.hr\/index.php?rest_route=%2Fwp%2Fv2%2Fcategories&post=3183"},{"taxonomy":"post_tag","embeddable":true,"href":"https:\/\/dom-glina.hr\/index.php?rest_route=%2Fwp%2Fv2%2Ftags&post=3183"}],"curies":[{"name":"wp","href":"https:\/\/api.w.org\/{rel}","templated":true}]}}