{"id":2981,"date":"2019-10-18T12:09:06","date_gmt":"2019-10-18T10:09:06","guid":{"rendered":"http:\/\/dom-glina.hr\/?p=2981"},"modified":"2019-11-04T12:10:28","modified_gmt":"2019-11-04T11:10:28","slug":"europski-tjedan-vjestina","status":"publish","type":"post","link":"https:\/\/dom-glina.hr\/?p=2981","title":{"rendered":"Europski tjedan vje\u0161tina"},"content":{"rendered":"<p style=\"text-align: justify;\">Povodom Europskog tjedna vje\u0161tina ste\u010denih u strukovnom obrazovanju u\u010denici Srednje \u0161kole Viktorovac iz Siska zajedno sa svojim stru\u010dnim u\u010diteljima posjetili su Dom za starije osobe Glina i ponudili svoje strukovne vje\u0161tine na\u0161im korisnicima.Usluge su obuhvatile mjerenje \u0161e\u0107era, tlaka, sr\u010danog pulsa te friziranje i \u0161i\u0161anje korisnika prema njihovim psihofizi\u010dkim mogu\u0107nostima i potrebama.<br \/>\nVeliko hvala Osnovnoj \u0161koli Glina i DVD-u Glina na pomo\u0107i oko organizacije prijevoza u\u010denika. Hvala ravnateljici i profesorima Srednje \u0161kole Viktorovac koji su se rado odazvali na\u0161em pozivu.<\/p>\n<p>&nbsp;<\/p>\n<!-- default-view.php -->\n<div\n\tclass=\"ngg-galleryoverview default-view \n\t ngg-ajax-pagination-none\t\"\n\tid=\"ngg-gallery-7f525b806e18ae9084dea65ce09b6819-1\">\n\n\t\t<!-- Thumbnails -->\n\t\t\t\t<div id=\"ngg-image-0\" class=\"ngg-gallery-thumbnail-box \n\t\t\t\t\t\t\t\t\t\t\t\" \n\t\t\t>\n\t\t\t\t\t\t<div class=\"ngg-gallery-thumbnail\">\n\t\t\t<a href=\"https:\/\/dom-glina.hr\/wp-content\/gallery\/europski-tjedan-vjestina-2019\/72583238_533687520775236_9039094502219841536_n.jpg\"\n\t\t\t\ttitle=\"\"\n\t\t\t\tdata-src=\"https:\/\/dom-glina.hr\/wp-content\/gallery\/europski-tjedan-vjestina-2019\/72583238_533687520775236_9039094502219841536_n.jpg\"\n\t\t\t\tdata-thumbnail=\"https:\/\/dom-glina.hr\/wp-content\/gallery\/europski-tjedan-vjestina-2019\/thumbs\/thumbs_72583238_533687520775236_9039094502219841536_n.jpg\"\n\t\t\t\tdata-image-id=\"727\"\n\t\t\t\tdata-title=\"72583238_533687520775236_9039094502219841536_n\"\n\t\t\t\tdata-description=\"\"\n\t\t\t\tdata-image-slug=\"72583238_533687520775236_9039094502219841536_n\"\n\t\t\t\tclass=\"ngg-fancybox\" rel=\"7f525b806e18ae9084dea65ce09b6819\">\n\t\t\t\t<img\n\t\t\t\t\ttitle=\"72583238_533687520775236_9039094502219841536_n\"\n\t\t\t\t\talt=\"72583238_533687520775236_9039094502219841536_n\"\n\t\t\t\t\tsrc=\"https:\/\/dom-glina.hr\/wp-content\/gallery\/europski-tjedan-vjestina-2019\/thumbs\/thumbs_72583238_533687520775236_9039094502219841536_n.jpg\"\n\t\t\t\t\twidth=\"240\"\n\t\t\t\t\theight=\"160\"\n\t\t\t\t\tstyle=\"max-width:100%;\"\n\t\t\t\t\/>\n\t\t\t<\/a>\n\t\t<\/div>\n\t\t\t\t\t\t\t<\/div> \n\t\t\t\n\t\t\t\t<div id=\"ngg-image-1\" class=\"ngg-gallery-thumbnail-box \n\t\t\t\t\t\t\t\t\t\t\t\" \n\t\t\t>\n\t\t\t\t\t\t<div class=\"ngg-gallery-thumbnail\">\n\t\t\t<a href=\"https:\/\/dom-glina.hr\/wp-content\/gallery\/europski-tjedan-vjestina-2019\/72612206_533688384108483_1993671892648591360_n.jpg\"\n\t\t\t\ttitle=\"\"\n\t\t\t\tdata-src=\"https:\/\/dom-glina.hr\/wp-content\/gallery\/europski-tjedan-vjestina-2019\/72612206_533688384108483_1993671892648591360_n.jpg\"\n\t\t\t\tdata-thumbnail=\"https:\/\/dom-glina.hr\/wp-content\/gallery\/europski-tjedan-vjestina-2019\/thumbs\/thumbs_72612206_533688384108483_1993671892648591360_n.jpg\"\n\t\t\t\tdata-image-id=\"728\"\n\t\t\t\tdata-title=\"72612206_533688384108483_1993671892648591360_n\"\n\t\t\t\tdata-description=\"\"\n\t\t\t\tdata-image-slug=\"72612206_533688384108483_1993671892648591360_n\"\n\t\t\t\tclass=\"ngg-fancybox\" rel=\"7f525b806e18ae9084dea65ce09b6819\">\n\t\t\t\t<img\n\t\t\t\t\ttitle=\"72612206_533688384108483_1993671892648591360_n\"\n\t\t\t\t\talt=\"72612206_533688384108483_1993671892648591360_n\"\n\t\t\t\t\tsrc=\"https:\/\/dom-glina.hr\/wp-content\/gallery\/europski-tjedan-vjestina-2019\/thumbs\/thumbs_72612206_533688384108483_1993671892648591360_n.jpg\"\n\t\t\t\t\twidth=\"240\"\n\t\t\t\t\theight=\"160\"\n\t\t\t\t\tstyle=\"max-width:100%;\"\n\t\t\t\t\/>\n\t\t\t<\/a>\n\t\t<\/div>\n\t\t\t\t\t\t\t<\/div> \n\t\t\t\n\t\t\t\t<div id=\"ngg-image-2\" class=\"ngg-gallery-thumbnail-box \n\t\t\t\t\t\t\t\t\t\t\t\" \n\t\t\t>\n\t\t\t\t\t\t<div class=\"ngg-gallery-thumbnail\">\n\t\t\t<a href=\"https:\/\/dom-glina.hr\/wp-content\/gallery\/europski-tjedan-vjestina-2019\/72617254_533687924108529_5999816055470424064_n.jpg\"\n\t\t\t\ttitle=\"\"\n\t\t\t\tdata-src=\"https:\/\/dom-glina.hr\/wp-content\/gallery\/europski-tjedan-vjestina-2019\/72617254_533687924108529_5999816055470424064_n.jpg\"\n\t\t\t\tdata-thumbnail=\"https:\/\/dom-glina.hr\/wp-content\/gallery\/europski-tjedan-vjestina-2019\/thumbs\/thumbs_72617254_533687924108529_5999816055470424064_n.jpg\"\n\t\t\t\tdata-image-id=\"729\"\n\t\t\t\tdata-title=\"72617254_533687924108529_5999816055470424064_n\"\n\t\t\t\tdata-description=\"\"\n\t\t\t\tdata-image-slug=\"72617254_533687924108529_5999816055470424064_n\"\n\t\t\t\tclass=\"ngg-fancybox\" rel=\"7f525b806e18ae9084dea65ce09b6819\">\n\t\t\t\t<img\n\t\t\t\t\ttitle=\"72617254_533687924108529_5999816055470424064_n\"\n\t\t\t\t\talt=\"72617254_533687924108529_5999816055470424064_n\"\n\t\t\t\t\tsrc=\"https:\/\/dom-glina.hr\/wp-content\/gallery\/europski-tjedan-vjestina-2019\/thumbs\/thumbs_72617254_533687924108529_5999816055470424064_n.jpg\"\n\t\t\t\t\twidth=\"240\"\n\t\t\t\t\theight=\"160\"\n\t\t\t\t\tstyle=\"max-width:100%;\"\n\t\t\t\t\/>\n\t\t\t<\/a>\n\t\t<\/div>\n\t\t\t\t\t\t\t<\/div> \n\t\t\t\n\t\t\t\t<div id=\"ngg-image-3\" class=\"ngg-gallery-thumbnail-box \n\t\t\t\t\t\t\t\t\t\t\t\" \n\t\t\t>\n\t\t\t\t\t\t<div class=\"ngg-gallery-thumbnail\">\n\t\t\t<a href=\"https:\/\/dom-glina.hr\/wp-content\/gallery\/europski-tjedan-vjestina-2019\/72627070_533688177441837_9025523170068660224_n.jpg\"\n\t\t\t\ttitle=\"\"\n\t\t\t\tdata-src=\"https:\/\/dom-glina.hr\/wp-content\/gallery\/europski-tjedan-vjestina-2019\/72627070_533688177441837_9025523170068660224_n.jpg\"\n\t\t\t\tdata-thumbnail=\"https:\/\/dom-glina.hr\/wp-content\/gallery\/europski-tjedan-vjestina-2019\/thumbs\/thumbs_72627070_533688177441837_9025523170068660224_n.jpg\"\n\t\t\t\tdata-image-id=\"730\"\n\t\t\t\tdata-title=\"72627070_533688177441837_9025523170068660224_n\"\n\t\t\t\tdata-description=\"\"\n\t\t\t\tdata-image-slug=\"72627070_533688177441837_9025523170068660224_n\"\n\t\t\t\tclass=\"ngg-fancybox\" rel=\"7f525b806e18ae9084dea65ce09b6819\">\n\t\t\t\t<img\n\t\t\t\t\ttitle=\"72627070_533688177441837_9025523170068660224_n\"\n\t\t\t\t\talt=\"72627070_533688177441837_9025523170068660224_n\"\n\t\t\t\t\tsrc=\"https:\/\/dom-glina.hr\/wp-content\/gallery\/europski-tjedan-vjestina-2019\/thumbs\/thumbs_72627070_533688177441837_9025523170068660224_n.jpg\"\n\t\t\t\t\twidth=\"240\"\n\t\t\t\t\theight=\"160\"\n\t\t\t\t\tstyle=\"max-width:100%;\"\n\t\t\t\t\/>\n\t\t\t<\/a>\n\t\t<\/div>\n\t\t\t\t\t\t\t<\/div> \n\t\t\t\n\t\t\t\t<div id=\"ngg-image-4\" class=\"ngg-gallery-thumbnail-box \n\t\t\t\t\t\t\t\t\t\t\t\" \n\t\t\t>\n\t\t\t\t\t\t<div class=\"ngg-gallery-thumbnail\">\n\t\t\t<a href=\"https:\/\/dom-glina.hr\/wp-content\/gallery\/europski-tjedan-vjestina-2019\/72679173_533687560775232_5482575699518685184_n.jpg\"\n\t\t\t\ttitle=\"\"\n\t\t\t\tdata-src=\"https:\/\/dom-glina.hr\/wp-content\/gallery\/europski-tjedan-vjestina-2019\/72679173_533687560775232_5482575699518685184_n.jpg\"\n\t\t\t\tdata-thumbnail=\"https:\/\/dom-glina.hr\/wp-content\/gallery\/europski-tjedan-vjestina-2019\/thumbs\/thumbs_72679173_533687560775232_5482575699518685184_n.jpg\"\n\t\t\t\tdata-image-id=\"731\"\n\t\t\t\tdata-title=\"72679173_533687560775232_5482575699518685184_n\"\n\t\t\t\tdata-description=\"\"\n\t\t\t\tdata-image-slug=\"72679173_533687560775232_5482575699518685184_n\"\n\t\t\t\tclass=\"ngg-fancybox\" rel=\"7f525b806e18ae9084dea65ce09b6819\">\n\t\t\t\t<img\n\t\t\t\t\ttitle=\"72679173_533687560775232_5482575699518685184_n\"\n\t\t\t\t\talt=\"72679173_533687560775232_5482575699518685184_n\"\n\t\t\t\t\tsrc=\"https:\/\/dom-glina.hr\/wp-content\/gallery\/europski-tjedan-vjestina-2019\/thumbs\/thumbs_72679173_533687560775232_5482575699518685184_n.jpg\"\n\t\t\t\t\twidth=\"240\"\n\t\t\t\t\theight=\"160\"\n\t\t\t\t\tstyle=\"max-width:100%;\"\n\t\t\t\t\/>\n\t\t\t<\/a>\n\t\t<\/div>\n\t\t\t\t\t\t\t<\/div> \n\t\t\t\n\t\t\t\t<div id=\"ngg-image-5\" class=\"ngg-gallery-thumbnail-box \n\t\t\t\t\t\t\t\t\t\t\t\" \n\t\t\t>\n\t\t\t\t\t\t<div class=\"ngg-gallery-thumbnail\">\n\t\t\t<a href=\"https:\/\/dom-glina.hr\/wp-content\/gallery\/europski-tjedan-vjestina-2019\/72716394_533688427441812_7914849287362576384_n.jpg\"\n\t\t\t\ttitle=\"\"\n\t\t\t\tdata-src=\"https:\/\/dom-glina.hr\/wp-content\/gallery\/europski-tjedan-vjestina-2019\/72716394_533688427441812_7914849287362576384_n.jpg\"\n\t\t\t\tdata-thumbnail=\"https:\/\/dom-glina.hr\/wp-content\/gallery\/europski-tjedan-vjestina-2019\/thumbs\/thumbs_72716394_533688427441812_7914849287362576384_n.jpg\"\n\t\t\t\tdata-image-id=\"732\"\n\t\t\t\tdata-title=\"72716394_533688427441812_7914849287362576384_n\"\n\t\t\t\tdata-description=\"\"\n\t\t\t\tdata-image-slug=\"72716394_533688427441812_7914849287362576384_n\"\n\t\t\t\tclass=\"ngg-fancybox\" rel=\"7f525b806e18ae9084dea65ce09b6819\">\n\t\t\t\t<img\n\t\t\t\t\ttitle=\"72716394_533688427441812_7914849287362576384_n\"\n\t\t\t\t\talt=\"72716394_533688427441812_7914849287362576384_n\"\n\t\t\t\t\tsrc=\"https:\/\/dom-glina.hr\/wp-content\/gallery\/europski-tjedan-vjestina-2019\/thumbs\/thumbs_72716394_533688427441812_7914849287362576384_n.jpg\"\n\t\t\t\t\twidth=\"240\"\n\t\t\t\t\theight=\"160\"\n\t\t\t\t\tstyle=\"max-width:100%;\"\n\t\t\t\t\/>\n\t\t\t<\/a>\n\t\t<\/div>\n\t\t\t\t\t\t\t<\/div> \n\t\t\t\n\t\t\t\t<div id=\"ngg-image-6\" class=\"ngg-gallery-thumbnail-box \n\t\t\t\t\t\t\t\t\t\t\t\" \n\t\t\t>\n\t\t\t\t\t\t<div class=\"ngg-gallery-thumbnail\">\n\t\t\t<a href=\"https:\/\/dom-glina.hr\/wp-content\/gallery\/europski-tjedan-vjestina-2019\/72731259_533688050775183_3017332276263387136_n.jpg\"\n\t\t\t\ttitle=\"\"\n\t\t\t\tdata-src=\"https:\/\/dom-glina.hr\/wp-content\/gallery\/europski-tjedan-vjestina-2019\/72731259_533688050775183_3017332276263387136_n.jpg\"\n\t\t\t\tdata-thumbnail=\"https:\/\/dom-glina.hr\/wp-content\/gallery\/europski-tjedan-vjestina-2019\/thumbs\/thumbs_72731259_533688050775183_3017332276263387136_n.jpg\"\n\t\t\t\tdata-image-id=\"733\"\n\t\t\t\tdata-title=\"72731259_533688050775183_3017332276263387136_n\"\n\t\t\t\tdata-description=\"\"\n\t\t\t\tdata-image-slug=\"72731259_533688050775183_3017332276263387136_n\"\n\t\t\t\tclass=\"ngg-fancybox\" rel=\"7f525b806e18ae9084dea65ce09b6819\">\n\t\t\t\t<img\n\t\t\t\t\ttitle=\"72731259_533688050775183_3017332276263387136_n\"\n\t\t\t\t\talt=\"72731259_533688050775183_3017332276263387136_n\"\n\t\t\t\t\tsrc=\"https:\/\/dom-glina.hr\/wp-content\/gallery\/europski-tjedan-vjestina-2019\/thumbs\/thumbs_72731259_533688050775183_3017332276263387136_n.jpg\"\n\t\t\t\t\twidth=\"240\"\n\t\t\t\t\theight=\"160\"\n\t\t\t\t\tstyle=\"max-width:100%;\"\n\t\t\t\t\/>\n\t\t\t<\/a>\n\t\t<\/div>\n\t\t\t\t\t\t\t<\/div> \n\t\t\t\n\t\t\t\t<div id=\"ngg-image-7\" class=\"ngg-gallery-thumbnail-box \n\t\t\t\t\t\t\t\t\t\t\t\" \n\t\t\t>\n\t\t\t\t\t\t<div class=\"ngg-gallery-thumbnail\">\n\t\t\t<a href=\"https:\/\/dom-glina.hr\/wp-content\/gallery\/europski-tjedan-vjestina-2019\/72809515_533687690775219_5154748963303194624_n.jpg\"\n\t\t\t\ttitle=\"\"\n\t\t\t\tdata-src=\"https:\/\/dom-glina.hr\/wp-content\/gallery\/europski-tjedan-vjestina-2019\/72809515_533687690775219_5154748963303194624_n.jpg\"\n\t\t\t\tdata-thumbnail=\"https:\/\/dom-glina.hr\/wp-content\/gallery\/europski-tjedan-vjestina-2019\/thumbs\/thumbs_72809515_533687690775219_5154748963303194624_n.jpg\"\n\t\t\t\tdata-image-id=\"734\"\n\t\t\t\tdata-title=\"72809515_533687690775219_5154748963303194624_n\"\n\t\t\t\tdata-description=\"\"\n\t\t\t\tdata-image-slug=\"72809515_533687690775219_5154748963303194624_n\"\n\t\t\t\tclass=\"ngg-fancybox\" rel=\"7f525b806e18ae9084dea65ce09b6819\">\n\t\t\t\t<img\n\t\t\t\t\ttitle=\"72809515_533687690775219_5154748963303194624_n\"\n\t\t\t\t\talt=\"72809515_533687690775219_5154748963303194624_n\"\n\t\t\t\t\tsrc=\"https:\/\/dom-glina.hr\/wp-content\/gallery\/europski-tjedan-vjestina-2019\/thumbs\/thumbs_72809515_533687690775219_5154748963303194624_n.jpg\"\n\t\t\t\t\twidth=\"240\"\n\t\t\t\t\theight=\"160\"\n\t\t\t\t\tstyle=\"max-width:100%;\"\n\t\t\t\t\/>\n\t\t\t<\/a>\n\t\t<\/div>\n\t\t\t\t\t\t\t<\/div> \n\t\t\t\n\t\t\t\t<div id=\"ngg-image-8\" class=\"ngg-gallery-thumbnail-box \n\t\t\t\t\t\t\t\t\t\t\t\" \n\t\t\t>\n\t\t\t\t\t\t<div class=\"ngg-gallery-thumbnail\">\n\t\t\t<a href=\"https:\/\/dom-glina.hr\/wp-content\/gallery\/europski-tjedan-vjestina-2019\/72956753_533688297441825_5610252866636742656_n.jpg\"\n\t\t\t\ttitle=\"\"\n\t\t\t\tdata-src=\"https:\/\/dom-glina.hr\/wp-content\/gallery\/europski-tjedan-vjestina-2019\/72956753_533688297441825_5610252866636742656_n.jpg\"\n\t\t\t\tdata-thumbnail=\"https:\/\/dom-glina.hr\/wp-content\/gallery\/europski-tjedan-vjestina-2019\/thumbs\/thumbs_72956753_533688297441825_5610252866636742656_n.jpg\"\n\t\t\t\tdata-image-id=\"735\"\n\t\t\t\tdata-title=\"72956753_533688297441825_5610252866636742656_n\"\n\t\t\t\tdata-description=\"\"\n\t\t\t\tdata-image-slug=\"72956753_533688297441825_5610252866636742656_n\"\n\t\t\t\tclass=\"ngg-fancybox\" rel=\"7f525b806e18ae9084dea65ce09b6819\">\n\t\t\t\t<img\n\t\t\t\t\ttitle=\"72956753_533688297441825_5610252866636742656_n\"\n\t\t\t\t\talt=\"72956753_533688297441825_5610252866636742656_n\"\n\t\t\t\t\tsrc=\"https:\/\/dom-glina.hr\/wp-content\/gallery\/europski-tjedan-vjestina-2019\/thumbs\/thumbs_72956753_533688297441825_5610252866636742656_n.jpg\"\n\t\t\t\t\twidth=\"240\"\n\t\t\t\t\theight=\"160\"\n\t\t\t\t\tstyle=\"max-width:100%;\"\n\t\t\t\t\/>\n\t\t\t<\/a>\n\t\t<\/div>\n\t\t\t\t\t\t\t<\/div> \n\t\t\t\n\t\t\t\t<div id=\"ngg-image-9\" class=\"ngg-gallery-thumbnail-box \n\t\t\t\t\t\t\t\t\t\t\t\" \n\t\t\t>\n\t\t\t\t\t\t<div class=\"ngg-gallery-thumbnail\">\n\t\t\t<a href=\"https:\/\/dom-glina.hr\/wp-content\/gallery\/europski-tjedan-vjestina-2019\/73032529_533687820775206_2892966743678910464_n.jpg\"\n\t\t\t\ttitle=\"\"\n\t\t\t\tdata-src=\"https:\/\/dom-glina.hr\/wp-content\/gallery\/europski-tjedan-vjestina-2019\/73032529_533687820775206_2892966743678910464_n.jpg\"\n\t\t\t\tdata-thumbnail=\"https:\/\/dom-glina.hr\/wp-content\/gallery\/europski-tjedan-vjestina-2019\/thumbs\/thumbs_73032529_533687820775206_2892966743678910464_n.jpg\"\n\t\t\t\tdata-image-id=\"736\"\n\t\t\t\tdata-title=\"73032529_533687820775206_2892966743678910464_n\"\n\t\t\t\tdata-description=\"\"\n\t\t\t\tdata-image-slug=\"73032529_533687820775206_2892966743678910464_n\"\n\t\t\t\tclass=\"ngg-fancybox\" rel=\"7f525b806e18ae9084dea65ce09b6819\">\n\t\t\t\t<img\n\t\t\t\t\ttitle=\"73032529_533687820775206_2892966743678910464_n\"\n\t\t\t\t\talt=\"73032529_533687820775206_2892966743678910464_n\"\n\t\t\t\t\tsrc=\"https:\/\/dom-glina.hr\/wp-content\/gallery\/europski-tjedan-vjestina-2019\/thumbs\/thumbs_73032529_533687820775206_2892966743678910464_n.jpg\"\n\t\t\t\t\twidth=\"240\"\n\t\t\t\t\theight=\"160\"\n\t\t\t\t\tstyle=\"max-width:100%;\"\n\t\t\t\t\/>\n\t\t\t<\/a>\n\t\t<\/div>\n\t\t\t\t\t\t\t<\/div> \n\t\t\t\n\t\t\t\t<div id=\"ngg-image-10\" class=\"ngg-gallery-thumbnail-box \n\t\t\t\t\t\t\t\t\t\t\t\" \n\t\t\t>\n\t\t\t\t\t\t<div class=\"ngg-gallery-thumbnail\">\n\t\t\t<a href=\"https:\/\/dom-glina.hr\/wp-content\/gallery\/europski-tjedan-vjestina-2019\/73043473_533687867441868_3698355282993217536_n.jpg\"\n\t\t\t\ttitle=\"\"\n\t\t\t\tdata-src=\"https:\/\/dom-glina.hr\/wp-content\/gallery\/europski-tjedan-vjestina-2019\/73043473_533687867441868_3698355282993217536_n.jpg\"\n\t\t\t\tdata-thumbnail=\"https:\/\/dom-glina.hr\/wp-content\/gallery\/europski-tjedan-vjestina-2019\/thumbs\/thumbs_73043473_533687867441868_3698355282993217536_n.jpg\"\n\t\t\t\tdata-image-id=\"737\"\n\t\t\t\tdata-title=\"73043473_533687867441868_3698355282993217536_n\"\n\t\t\t\tdata-description=\"\"\n\t\t\t\tdata-image-slug=\"73043473_533687867441868_3698355282993217536_n\"\n\t\t\t\tclass=\"ngg-fancybox\" rel=\"7f525b806e18ae9084dea65ce09b6819\">\n\t\t\t\t<img\n\t\t\t\t\ttitle=\"73043473_533687867441868_3698355282993217536_n\"\n\t\t\t\t\talt=\"73043473_533687867441868_3698355282993217536_n\"\n\t\t\t\t\tsrc=\"https:\/\/dom-glina.hr\/wp-content\/gallery\/europski-tjedan-vjestina-2019\/thumbs\/thumbs_73043473_533687867441868_3698355282993217536_n.jpg\"\n\t\t\t\t\twidth=\"240\"\n\t\t\t\t\theight=\"160\"\n\t\t\t\t\tstyle=\"max-width:100%;\"\n\t\t\t\t\/>\n\t\t\t<\/a>\n\t\t<\/div>\n\t\t\t\t\t\t\t<\/div> \n\t\t\t\n\t\t\t\t<div id=\"ngg-image-11\" class=\"ngg-gallery-thumbnail-box \n\t\t\t\t\t\t\t\t\t\t\t\" \n\t\t\t>\n\t\t\t\t\t\t<div class=\"ngg-gallery-thumbnail\">\n\t\t\t<a href=\"https:\/\/dom-glina.hr\/wp-content\/gallery\/europski-tjedan-vjestina-2019\/73057284_533688010775187_7401742781598662656_n.jpg\"\n\t\t\t\ttitle=\"\"\n\t\t\t\tdata-src=\"https:\/\/dom-glina.hr\/wp-content\/gallery\/europski-tjedan-vjestina-2019\/73057284_533688010775187_7401742781598662656_n.jpg\"\n\t\t\t\tdata-thumbnail=\"https:\/\/dom-glina.hr\/wp-content\/gallery\/europski-tjedan-vjestina-2019\/thumbs\/thumbs_73057284_533688010775187_7401742781598662656_n.jpg\"\n\t\t\t\tdata-image-id=\"738\"\n\t\t\t\tdata-title=\"73057284_533688010775187_7401742781598662656_n\"\n\t\t\t\tdata-description=\"\"\n\t\t\t\tdata-image-slug=\"73057284_533688010775187_7401742781598662656_n\"\n\t\t\t\tclass=\"ngg-fancybox\" rel=\"7f525b806e18ae9084dea65ce09b6819\">\n\t\t\t\t<img\n\t\t\t\t\ttitle=\"73057284_533688010775187_7401742781598662656_n\"\n\t\t\t\t\talt=\"73057284_533688010775187_7401742781598662656_n\"\n\t\t\t\t\tsrc=\"https:\/\/dom-glina.hr\/wp-content\/gallery\/europski-tjedan-vjestina-2019\/thumbs\/thumbs_73057284_533688010775187_7401742781598662656_n.jpg\"\n\t\t\t\t\twidth=\"240\"\n\t\t\t\t\theight=\"160\"\n\t\t\t\t\tstyle=\"max-width:100%;\"\n\t\t\t\t\/>\n\t\t\t<\/a>\n\t\t<\/div>\n\t\t\t\t\t\t\t<\/div> \n\t\t\t\n\t\t\t\t<div id=\"ngg-image-12\" class=\"ngg-gallery-thumbnail-box \n\t\t\t\t\t\t\t\t\t\t\t\" \n\t\t\t>\n\t\t\t\t\t\t<div class=\"ngg-gallery-thumbnail\">\n\t\t\t<a href=\"https:\/\/dom-glina.hr\/wp-content\/gallery\/europski-tjedan-vjestina-2019\/73071106_533688344108487_373477831935524864_n.jpg\"\n\t\t\t\ttitle=\"\"\n\t\t\t\tdata-src=\"https:\/\/dom-glina.hr\/wp-content\/gallery\/europski-tjedan-vjestina-2019\/73071106_533688344108487_373477831935524864_n.jpg\"\n\t\t\t\tdata-thumbnail=\"https:\/\/dom-glina.hr\/wp-content\/gallery\/europski-tjedan-vjestina-2019\/thumbs\/thumbs_73071106_533688344108487_373477831935524864_n.jpg\"\n\t\t\t\tdata-image-id=\"739\"\n\t\t\t\tdata-title=\"73071106_533688344108487_373477831935524864_n\"\n\t\t\t\tdata-description=\"\"\n\t\t\t\tdata-image-slug=\"73071106_533688344108487_373477831935524864_n\"\n\t\t\t\tclass=\"ngg-fancybox\" rel=\"7f525b806e18ae9084dea65ce09b6819\">\n\t\t\t\t<img\n\t\t\t\t\ttitle=\"73071106_533688344108487_373477831935524864_n\"\n\t\t\t\t\talt=\"73071106_533688344108487_373477831935524864_n\"\n\t\t\t\t\tsrc=\"https:\/\/dom-glina.hr\/wp-content\/gallery\/europski-tjedan-vjestina-2019\/thumbs\/thumbs_73071106_533688344108487_373477831935524864_n.jpg\"\n\t\t\t\t\twidth=\"240\"\n\t\t\t\t\theight=\"160\"\n\t\t\t\t\tstyle=\"max-width:100%;\"\n\t\t\t\t\/>\n\t\t\t<\/a>\n\t\t<\/div>\n\t\t\t\t\t\t\t<\/div> \n\t\t\t\n\t\t\t\t<div id=\"ngg-image-13\" class=\"ngg-gallery-thumbnail-box \n\t\t\t\t\t\t\t\t\t\t\t\" \n\t\t\t>\n\t\t\t\t\t\t<div class=\"ngg-gallery-thumbnail\">\n\t\t\t<a href=\"https:\/\/dom-glina.hr\/wp-content\/gallery\/europski-tjedan-vjestina-2019\/73495302_533688130775175_1873461380145741824_n.jpg\"\n\t\t\t\ttitle=\"\"\n\t\t\t\tdata-src=\"https:\/\/dom-glina.hr\/wp-content\/gallery\/europski-tjedan-vjestina-2019\/73495302_533688130775175_1873461380145741824_n.jpg\"\n\t\t\t\tdata-thumbnail=\"https:\/\/dom-glina.hr\/wp-content\/gallery\/europski-tjedan-vjestina-2019\/thumbs\/thumbs_73495302_533688130775175_1873461380145741824_n.jpg\"\n\t\t\t\tdata-image-id=\"740\"\n\t\t\t\tdata-title=\"73495302_533688130775175_1873461380145741824_n\"\n\t\t\t\tdata-description=\"\"\n\t\t\t\tdata-image-slug=\"73495302_533688130775175_1873461380145741824_n\"\n\t\t\t\tclass=\"ngg-fancybox\" rel=\"7f525b806e18ae9084dea65ce09b6819\">\n\t\t\t\t<img\n\t\t\t\t\ttitle=\"73495302_533688130775175_1873461380145741824_n\"\n\t\t\t\t\talt=\"73495302_533688130775175_1873461380145741824_n\"\n\t\t\t\t\tsrc=\"https:\/\/dom-glina.hr\/wp-content\/gallery\/europski-tjedan-vjestina-2019\/thumbs\/thumbs_73495302_533688130775175_1873461380145741824_n.jpg\"\n\t\t\t\t\twidth=\"240\"\n\t\t\t\t\theight=\"160\"\n\t\t\t\t\tstyle=\"max-width:100%;\"\n\t\t\t\t\/>\n\t\t\t<\/a>\n\t\t<\/div>\n\t\t\t\t\t\t\t<\/div> \n\t\t\t\n\t\t\t\t<div id=\"ngg-image-14\" class=\"ngg-gallery-thumbnail-box \n\t\t\t\t\t\t\t\t\t\t\t\" \n\t\t\t>\n\t\t\t\t\t\t<div class=\"ngg-gallery-thumbnail\">\n\t\t\t<a href=\"https:\/\/dom-glina.hr\/wp-content\/gallery\/europski-tjedan-vjestina-2019\/74375054_533688237441831_3835967010114633728_n.jpg\"\n\t\t\t\ttitle=\"\"\n\t\t\t\tdata-src=\"https:\/\/dom-glina.hr\/wp-content\/gallery\/europski-tjedan-vjestina-2019\/74375054_533688237441831_3835967010114633728_n.jpg\"\n\t\t\t\tdata-thumbnail=\"https:\/\/dom-glina.hr\/wp-content\/gallery\/europski-tjedan-vjestina-2019\/thumbs\/thumbs_74375054_533688237441831_3835967010114633728_n.jpg\"\n\t\t\t\tdata-image-id=\"741\"\n\t\t\t\tdata-title=\"74375054_533688237441831_3835967010114633728_n\"\n\t\t\t\tdata-description=\"\"\n\t\t\t\tdata-image-slug=\"74375054_533688237441831_3835967010114633728_n\"\n\t\t\t\tclass=\"ngg-fancybox\" rel=\"7f525b806e18ae9084dea65ce09b6819\">\n\t\t\t\t<img\n\t\t\t\t\ttitle=\"74375054_533688237441831_3835967010114633728_n\"\n\t\t\t\t\talt=\"74375054_533688237441831_3835967010114633728_n\"\n\t\t\t\t\tsrc=\"https:\/\/dom-glina.hr\/wp-content\/gallery\/europski-tjedan-vjestina-2019\/thumbs\/thumbs_74375054_533688237441831_3835967010114633728_n.jpg\"\n\t\t\t\t\twidth=\"240\"\n\t\t\t\t\theight=\"160\"\n\t\t\t\t\tstyle=\"max-width:100%;\"\n\t\t\t\t\/>\n\t\t\t<\/a>\n\t\t<\/div>\n\t\t\t\t\t\t\t<\/div> \n\t\t\t\n\t\t\t\t<div id=\"ngg-image-15\" class=\"ngg-gallery-thumbnail-box \n\t\t\t\t\t\t\t\t\t\t\t\" \n\t\t\t>\n\t\t\t\t\t\t<div class=\"ngg-gallery-thumbnail\">\n\t\t\t<a href=\"https:\/\/dom-glina.hr\/wp-content\/gallery\/europski-tjedan-vjestina-2019\/74481966_533688550775133_4168922113375207424_n.jpg\"\n\t\t\t\ttitle=\"\"\n\t\t\t\tdata-src=\"https:\/\/dom-glina.hr\/wp-content\/gallery\/europski-tjedan-vjestina-2019\/74481966_533688550775133_4168922113375207424_n.jpg\"\n\t\t\t\tdata-thumbnail=\"https:\/\/dom-glina.hr\/wp-content\/gallery\/europski-tjedan-vjestina-2019\/thumbs\/thumbs_74481966_533688550775133_4168922113375207424_n.jpg\"\n\t\t\t\tdata-image-id=\"742\"\n\t\t\t\tdata-title=\"74481966_533688550775133_4168922113375207424_n\"\n\t\t\t\tdata-description=\"\"\n\t\t\t\tdata-image-slug=\"74481966_533688550775133_4168922113375207424_n\"\n\t\t\t\tclass=\"ngg-fancybox\" rel=\"7f525b806e18ae9084dea65ce09b6819\">\n\t\t\t\t<img\n\t\t\t\t\ttitle=\"74481966_533688550775133_4168922113375207424_n\"\n\t\t\t\t\talt=\"74481966_533688550775133_4168922113375207424_n\"\n\t\t\t\t\tsrc=\"https:\/\/dom-glina.hr\/wp-content\/gallery\/europski-tjedan-vjestina-2019\/thumbs\/thumbs_74481966_533688550775133_4168922113375207424_n.jpg\"\n\t\t\t\t\twidth=\"240\"\n\t\t\t\t\theight=\"160\"\n\t\t\t\t\tstyle=\"max-width:100%;\"\n\t\t\t\t\/>\n\t\t\t<\/a>\n\t\t<\/div>\n\t\t\t\t\t\t\t<\/div> \n\t\t\t\n\t\t\t\t<div id=\"ngg-image-16\" class=\"ngg-gallery-thumbnail-box \n\t\t\t\t\t\t\t\t\t\t\t\" \n\t\t\t>\n\t\t\t\t\t\t<div class=\"ngg-gallery-thumbnail\">\n\t\t\t<a href=\"https:\/\/dom-glina.hr\/wp-content\/gallery\/europski-tjedan-vjestina-2019\/74593102_533687754108546_2931180661144289280_n.jpg\"\n\t\t\t\ttitle=\"\"\n\t\t\t\tdata-src=\"https:\/\/dom-glina.hr\/wp-content\/gallery\/europski-tjedan-vjestina-2019\/74593102_533687754108546_2931180661144289280_n.jpg\"\n\t\t\t\tdata-thumbnail=\"https:\/\/dom-glina.hr\/wp-content\/gallery\/europski-tjedan-vjestina-2019\/thumbs\/thumbs_74593102_533687754108546_2931180661144289280_n.jpg\"\n\t\t\t\tdata-image-id=\"743\"\n\t\t\t\tdata-title=\"74593102_533687754108546_2931180661144289280_n\"\n\t\t\t\tdata-description=\"\"\n\t\t\t\tdata-image-slug=\"74593102_533687754108546_2931180661144289280_n\"\n\t\t\t\tclass=\"ngg-fancybox\" rel=\"7f525b806e18ae9084dea65ce09b6819\">\n\t\t\t\t<img\n\t\t\t\t\ttitle=\"74593102_533687754108546_2931180661144289280_n\"\n\t\t\t\t\talt=\"74593102_533687754108546_2931180661144289280_n\"\n\t\t\t\t\tsrc=\"https:\/\/dom-glina.hr\/wp-content\/gallery\/europski-tjedan-vjestina-2019\/thumbs\/thumbs_74593102_533687754108546_2931180661144289280_n.jpg\"\n\t\t\t\t\twidth=\"240\"\n\t\t\t\t\theight=\"160\"\n\t\t\t\t\tstyle=\"max-width:100%;\"\n\t\t\t\t\/>\n\t\t\t<\/a>\n\t\t<\/div>\n\t\t\t\t\t\t\t<\/div> \n\t\t\t\n\t\t\t\t<div id=\"ngg-image-17\" class=\"ngg-gallery-thumbnail-box \n\t\t\t\t\t\t\t\t\t\t\t\" \n\t\t\t>\n\t\t\t\t\t\t<div class=\"ngg-gallery-thumbnail\">\n\t\t\t<a href=\"https:\/\/dom-glina.hr\/wp-content\/gallery\/europski-tjedan-vjestina-2019\/74601221_533688510775137_4193942827610144768_n.jpg\"\n\t\t\t\ttitle=\"\"\n\t\t\t\tdata-src=\"https:\/\/dom-glina.hr\/wp-content\/gallery\/europski-tjedan-vjestina-2019\/74601221_533688510775137_4193942827610144768_n.jpg\"\n\t\t\t\tdata-thumbnail=\"https:\/\/dom-glina.hr\/wp-content\/gallery\/europski-tjedan-vjestina-2019\/thumbs\/thumbs_74601221_533688510775137_4193942827610144768_n.jpg\"\n\t\t\t\tdata-image-id=\"744\"\n\t\t\t\tdata-title=\"74601221_533688510775137_4193942827610144768_n\"\n\t\t\t\tdata-description=\"\"\n\t\t\t\tdata-image-slug=\"74601221_533688510775137_4193942827610144768_n\"\n\t\t\t\tclass=\"ngg-fancybox\" rel=\"7f525b806e18ae9084dea65ce09b6819\">\n\t\t\t\t<img\n\t\t\t\t\ttitle=\"74601221_533688510775137_4193942827610144768_n\"\n\t\t\t\t\talt=\"74601221_533688510775137_4193942827610144768_n\"\n\t\t\t\t\tsrc=\"https:\/\/dom-glina.hr\/wp-content\/gallery\/europski-tjedan-vjestina-2019\/thumbs\/thumbs_74601221_533688510775137_4193942827610144768_n.jpg\"\n\t\t\t\t\twidth=\"240\"\n\t\t\t\t\theight=\"160\"\n\t\t\t\t\tstyle=\"max-width:100%;\"\n\t\t\t\t\/>\n\t\t\t<\/a>\n\t\t<\/div>\n\t\t\t\t\t\t\t<\/div> \n\t\t\t\n\t\t\t\t<div id=\"ngg-image-18\" class=\"ngg-gallery-thumbnail-box \n\t\t\t\t\t\t\t\t\t\t\t\" \n\t\t\t>\n\t\t\t\t\t\t<div class=\"ngg-gallery-thumbnail\">\n\t\t\t<a href=\"https:\/\/dom-glina.hr\/wp-content\/gallery\/europski-tjedan-vjestina-2019\/74711323_533687724108549_8965035736889819136_n.jpg\"\n\t\t\t\ttitle=\"\"\n\t\t\t\tdata-src=\"https:\/\/dom-glina.hr\/wp-content\/gallery\/europski-tjedan-vjestina-2019\/74711323_533687724108549_8965035736889819136_n.jpg\"\n\t\t\t\tdata-thumbnail=\"https:\/\/dom-glina.hr\/wp-content\/gallery\/europski-tjedan-vjestina-2019\/thumbs\/thumbs_74711323_533687724108549_8965035736889819136_n.jpg\"\n\t\t\t\tdata-image-id=\"745\"\n\t\t\t\tdata-title=\"74711323_533687724108549_8965035736889819136_n\"\n\t\t\t\tdata-description=\"\"\n\t\t\t\tdata-image-slug=\"74711323_533687724108549_8965035736889819136_n\"\n\t\t\t\tclass=\"ngg-fancybox\" rel=\"7f525b806e18ae9084dea65ce09b6819\">\n\t\t\t\t<img\n\t\t\t\t\ttitle=\"74711323_533687724108549_8965035736889819136_n\"\n\t\t\t\t\talt=\"74711323_533687724108549_8965035736889819136_n\"\n\t\t\t\t\tsrc=\"https:\/\/dom-glina.hr\/wp-content\/gallery\/europski-tjedan-vjestina-2019\/thumbs\/thumbs_74711323_533687724108549_8965035736889819136_n.jpg\"\n\t\t\t\t\twidth=\"240\"\n\t\t\t\t\theight=\"160\"\n\t\t\t\t\tstyle=\"max-width:100%;\"\n\t\t\t\t\/>\n\t\t\t<\/a>\n\t\t<\/div>\n\t\t\t\t\t\t\t<\/div> \n\t\t\t\n\t\n\t<br style=\"clear: both\" \/>\n\n\t\n\t\t<!-- Pagination -->\n\t\t<div class='ngg-clear'><\/div>\t<\/div>\n\n","protected":false},"excerpt":{"rendered":"<p>Povodom Europskog tjedna vje\u0161tina ste\u010denih u strukovnom obrazovanju u\u010denici Srednje \u0161kole Viktorovac iz Siska zajedno sa svojim stru\u010dnim u\u010diteljima posjetili su Dom za starije osobe Glina i ponudili svoje strukovne vje\u0161tine na\u0161im korisnicima.Usluge su obuhvatile mjerenje \u0161e\u0107era, tlaka, sr\u010danog pulsa te friziranje i \u0161i\u0161anje korisnika prema njihovim psihofizi\u010dkim mogu\u0107nostima i potrebama. Veliko hvala Osnovnoj \u0161koli&hellip;<\/p>\n","protected":false},"author":1,"featured_media":2982,"comment_status":"closed","ping_status":"closed","sticky":false,"template":"","format":"standard","meta":{"_monsterinsights_skip_tracking":false,"_monsterinsights_sitenote_active":false,"_monsterinsights_sitenote_note":"","_monsterinsights_sitenote_category":0,"ngg_post_thumbnail":0,"footnotes":""},"categories":[2],"tags":[],"aioseo_notices":[],"_links":{"self":[{"href":"https:\/\/dom-glina.hr\/index.php?rest_route=\/wp\/v2\/posts\/2981"}],"collection":[{"href":"https:\/\/dom-glina.hr\/index.php?rest_route=\/wp\/v2\/posts"}],"about":[{"href":"https:\/\/dom-glina.hr\/index.php?rest_route=\/wp\/v2\/types\/post"}],"author":[{"embeddable":true,"href":"https:\/\/dom-glina.hr\/index.php?rest_route=\/wp\/v2\/users\/1"}],"replies":[{"embeddable":true,"href":"https:\/\/dom-glina.hr\/index.php?rest_route=%2Fwp%2Fv2%2Fcomments&post=2981"}],"version-history":[{"count":1,"href":"https:\/\/dom-glina.hr\/index.php?rest_route=\/wp\/v2\/posts\/2981\/revisions"}],"predecessor-version":[{"id":2983,"href":"https:\/\/dom-glina.hr\/index.php?rest_route=\/wp\/v2\/posts\/2981\/revisions\/2983"}],"wp:featuredmedia":[{"embeddable":true,"href":"https:\/\/dom-glina.hr\/index.php?rest_route=\/wp\/v2\/media\/2982"}],"wp:attachment":[{"href":"https:\/\/dom-glina.hr\/index.php?rest_route=%2Fwp%2Fv2%2Fmedia&parent=2981"}],"wp:term":[{"taxonomy":"category","embeddable":true,"href":"https:\/\/dom-glina.hr\/index.php?rest_route=%2Fwp%2Fv2%2Fcategories&post=2981"},{"taxonomy":"post_tag","embeddable":true,"href":"https:\/\/dom-glina.hr\/index.php?rest_route=%2Fwp%2Fv2%2Ftags&post=2981"}],"curies":[{"name":"wp","href":"https:\/\/api.w.org\/{rel}","templated":true}]}}