{"id":2978,"date":"2019-10-15T12:07:19","date_gmt":"2019-10-15T10:07:19","guid":{"rendered":"http:\/\/dom-glina.hr\/?p=2978"},"modified":"2019-11-04T12:08:34","modified_gmt":"2019-11-04T11:08:34","slug":"kraljica-jeseni-jesenka","status":"publish","type":"post","link":"https:\/\/dom-glina.hr\/?p=2978","title":{"rendered":"Kraljica jeseni Jesenka"},"content":{"rendered":"<p style=\"text-align: justify;\">Danas nam je u posjetu stigla kraljica jeseni Jesenka koja je na\u0161im korisnicima pro\u010ditala divnu bajku Jabuka djevojka.Inspirirani bajkom korisnici su zajedno sa knji\u017eni\u010darkama Knji\u017enice i \u010ditaonice Glina i na\u0161om socijalnom radnicom krenuli sa radionicom na temu jabuka djevojka. Zajedni\u010dkim snagama izradili su prekrasne jabuke od papira koje \u0107e krasiti na\u0161 topli dom. Hvala Knji\u017enici i \u010ditaonici Glina i djelatnicima Doma. Lijepo smo se zabavili i veselimo se budu\u0107im radionicama !\ud83d\ude0a<\/p>\n<p>&nbsp;<\/p>\n<!-- default-view.php -->\n<div\n\tclass=\"ngg-galleryoverview default-view \n\t ngg-ajax-pagination-none\t\"\n\tid=\"ngg-gallery-d543fbf79bf59269cc4b9eeda3bb3799-1\">\n\n\t\t<!-- Thumbnails -->\n\t\t\t\t<div id=\"ngg-image-0\" class=\"ngg-gallery-thumbnail-box \n\t\t\t\t\t\t\t\t\t\t\t\" \n\t\t\t>\n\t\t\t\t\t\t<div class=\"ngg-gallery-thumbnail\">\n\t\t\t<a href=\"https:\/\/dom-glina.hr\/wp-content\/gallery\/kraljica-jeseni-jesenka-2019\/72322578_531445027666152_6901678429360357376_n.jpg\"\n\t\t\t\ttitle=\"\"\n\t\t\t\tdata-src=\"https:\/\/dom-glina.hr\/wp-content\/gallery\/kraljica-jeseni-jesenka-2019\/72322578_531445027666152_6901678429360357376_n.jpg\"\n\t\t\t\tdata-thumbnail=\"https:\/\/dom-glina.hr\/wp-content\/gallery\/kraljica-jeseni-jesenka-2019\/thumbs\/thumbs_72322578_531445027666152_6901678429360357376_n.jpg\"\n\t\t\t\tdata-image-id=\"718\"\n\t\t\t\tdata-title=\"72322578_531445027666152_6901678429360357376_n\"\n\t\t\t\tdata-description=\"\"\n\t\t\t\tdata-image-slug=\"72322578_531445027666152_6901678429360357376_n\"\n\t\t\t\tclass=\"ngg-fancybox\" rel=\"d543fbf79bf59269cc4b9eeda3bb3799\">\n\t\t\t\t<img\n\t\t\t\t\ttitle=\"72322578_531445027666152_6901678429360357376_n\"\n\t\t\t\t\talt=\"72322578_531445027666152_6901678429360357376_n\"\n\t\t\t\t\tsrc=\"https:\/\/dom-glina.hr\/wp-content\/gallery\/kraljica-jeseni-jesenka-2019\/thumbs\/thumbs_72322578_531445027666152_6901678429360357376_n.jpg\"\n\t\t\t\t\twidth=\"240\"\n\t\t\t\t\theight=\"160\"\n\t\t\t\t\tstyle=\"max-width:100%;\"\n\t\t\t\t\/>\n\t\t\t<\/a>\n\t\t<\/div>\n\t\t\t\t\t\t\t<\/div> \n\t\t\t\n\t\t\t\t<div id=\"ngg-image-1\" class=\"ngg-gallery-thumbnail-box \n\t\t\t\t\t\t\t\t\t\t\t\" \n\t\t\t>\n\t\t\t\t\t\t<div class=\"ngg-gallery-thumbnail\">\n\t\t\t<a href=\"https:\/\/dom-glina.hr\/wp-content\/gallery\/kraljica-jeseni-jesenka-2019\/72323435_531445277666127_2660058591431491584_n.jpg\"\n\t\t\t\ttitle=\"\"\n\t\t\t\tdata-src=\"https:\/\/dom-glina.hr\/wp-content\/gallery\/kraljica-jeseni-jesenka-2019\/72323435_531445277666127_2660058591431491584_n.jpg\"\n\t\t\t\tdata-thumbnail=\"https:\/\/dom-glina.hr\/wp-content\/gallery\/kraljica-jeseni-jesenka-2019\/thumbs\/thumbs_72323435_531445277666127_2660058591431491584_n.jpg\"\n\t\t\t\tdata-image-id=\"719\"\n\t\t\t\tdata-title=\"72323435_531445277666127_2660058591431491584_n\"\n\t\t\t\tdata-description=\"\"\n\t\t\t\tdata-image-slug=\"72323435_531445277666127_2660058591431491584_n\"\n\t\t\t\tclass=\"ngg-fancybox\" rel=\"d543fbf79bf59269cc4b9eeda3bb3799\">\n\t\t\t\t<img\n\t\t\t\t\ttitle=\"72323435_531445277666127_2660058591431491584_n\"\n\t\t\t\t\talt=\"72323435_531445277666127_2660058591431491584_n\"\n\t\t\t\t\tsrc=\"https:\/\/dom-glina.hr\/wp-content\/gallery\/kraljica-jeseni-jesenka-2019\/thumbs\/thumbs_72323435_531445277666127_2660058591431491584_n.jpg\"\n\t\t\t\t\twidth=\"240\"\n\t\t\t\t\theight=\"160\"\n\t\t\t\t\tstyle=\"max-width:100%;\"\n\t\t\t\t\/>\n\t\t\t<\/a>\n\t\t<\/div>\n\t\t\t\t\t\t\t<\/div> \n\t\t\t\n\t\t\t\t<div id=\"ngg-image-2\" class=\"ngg-gallery-thumbnail-box \n\t\t\t\t\t\t\t\t\t\t\t\" \n\t\t\t>\n\t\t\t\t\t\t<div class=\"ngg-gallery-thumbnail\">\n\t\t\t<a href=\"https:\/\/dom-glina.hr\/wp-content\/gallery\/kraljica-jeseni-jesenka-2019\/72392617_531444960999492_7339833439366938624_n.jpg\"\n\t\t\t\ttitle=\"\"\n\t\t\t\tdata-src=\"https:\/\/dom-glina.hr\/wp-content\/gallery\/kraljica-jeseni-jesenka-2019\/72392617_531444960999492_7339833439366938624_n.jpg\"\n\t\t\t\tdata-thumbnail=\"https:\/\/dom-glina.hr\/wp-content\/gallery\/kraljica-jeseni-jesenka-2019\/thumbs\/thumbs_72392617_531444960999492_7339833439366938624_n.jpg\"\n\t\t\t\tdata-image-id=\"720\"\n\t\t\t\tdata-title=\"72392617_531444960999492_7339833439366938624_n\"\n\t\t\t\tdata-description=\"\"\n\t\t\t\tdata-image-slug=\"72392617_531444960999492_7339833439366938624_n\"\n\t\t\t\tclass=\"ngg-fancybox\" rel=\"d543fbf79bf59269cc4b9eeda3bb3799\">\n\t\t\t\t<img\n\t\t\t\t\ttitle=\"72392617_531444960999492_7339833439366938624_n\"\n\t\t\t\t\talt=\"72392617_531444960999492_7339833439366938624_n\"\n\t\t\t\t\tsrc=\"https:\/\/dom-glina.hr\/wp-content\/gallery\/kraljica-jeseni-jesenka-2019\/thumbs\/thumbs_72392617_531444960999492_7339833439366938624_n.jpg\"\n\t\t\t\t\twidth=\"240\"\n\t\t\t\t\theight=\"160\"\n\t\t\t\t\tstyle=\"max-width:100%;\"\n\t\t\t\t\/>\n\t\t\t<\/a>\n\t\t<\/div>\n\t\t\t\t\t\t\t<\/div> \n\t\t\t\n\t\t\t\t<div id=\"ngg-image-3\" class=\"ngg-gallery-thumbnail-box \n\t\t\t\t\t\t\t\t\t\t\t\" \n\t\t\t>\n\t\t\t\t\t\t<div class=\"ngg-gallery-thumbnail\">\n\t\t\t<a href=\"https:\/\/dom-glina.hr\/wp-content\/gallery\/kraljica-jeseni-jesenka-2019\/72394346_531444994332822_5712174154262773760_n.jpg\"\n\t\t\t\ttitle=\"\"\n\t\t\t\tdata-src=\"https:\/\/dom-glina.hr\/wp-content\/gallery\/kraljica-jeseni-jesenka-2019\/72394346_531444994332822_5712174154262773760_n.jpg\"\n\t\t\t\tdata-thumbnail=\"https:\/\/dom-glina.hr\/wp-content\/gallery\/kraljica-jeseni-jesenka-2019\/thumbs\/thumbs_72394346_531444994332822_5712174154262773760_n.jpg\"\n\t\t\t\tdata-image-id=\"721\"\n\t\t\t\tdata-title=\"72394346_531444994332822_5712174154262773760_n\"\n\t\t\t\tdata-description=\"\"\n\t\t\t\tdata-image-slug=\"72394346_531444994332822_5712174154262773760_n\"\n\t\t\t\tclass=\"ngg-fancybox\" rel=\"d543fbf79bf59269cc4b9eeda3bb3799\">\n\t\t\t\t<img\n\t\t\t\t\ttitle=\"72394346_531444994332822_5712174154262773760_n\"\n\t\t\t\t\talt=\"72394346_531444994332822_5712174154262773760_n\"\n\t\t\t\t\tsrc=\"https:\/\/dom-glina.hr\/wp-content\/gallery\/kraljica-jeseni-jesenka-2019\/thumbs\/thumbs_72394346_531444994332822_5712174154262773760_n.jpg\"\n\t\t\t\t\twidth=\"240\"\n\t\t\t\t\theight=\"160\"\n\t\t\t\t\tstyle=\"max-width:100%;\"\n\t\t\t\t\/>\n\t\t\t<\/a>\n\t\t<\/div>\n\t\t\t\t\t\t\t<\/div> \n\t\t\t\n\t\t\t\t<div id=\"ngg-image-4\" class=\"ngg-gallery-thumbnail-box \n\t\t\t\t\t\t\t\t\t\t\t\" \n\t\t\t>\n\t\t\t\t\t\t<div class=\"ngg-gallery-thumbnail\">\n\t\t\t<a href=\"https:\/\/dom-glina.hr\/wp-content\/gallery\/kraljica-jeseni-jesenka-2019\/72586559_531445207666134_1193484988226469888_n.jpg\"\n\t\t\t\ttitle=\"\"\n\t\t\t\tdata-src=\"https:\/\/dom-glina.hr\/wp-content\/gallery\/kraljica-jeseni-jesenka-2019\/72586559_531445207666134_1193484988226469888_n.jpg\"\n\t\t\t\tdata-thumbnail=\"https:\/\/dom-glina.hr\/wp-content\/gallery\/kraljica-jeseni-jesenka-2019\/thumbs\/thumbs_72586559_531445207666134_1193484988226469888_n.jpg\"\n\t\t\t\tdata-image-id=\"722\"\n\t\t\t\tdata-title=\"72586559_531445207666134_1193484988226469888_n\"\n\t\t\t\tdata-description=\"\"\n\t\t\t\tdata-image-slug=\"72586559_531445207666134_1193484988226469888_n\"\n\t\t\t\tclass=\"ngg-fancybox\" rel=\"d543fbf79bf59269cc4b9eeda3bb3799\">\n\t\t\t\t<img\n\t\t\t\t\ttitle=\"72586559_531445207666134_1193484988226469888_n\"\n\t\t\t\t\talt=\"72586559_531445207666134_1193484988226469888_n\"\n\t\t\t\t\tsrc=\"https:\/\/dom-glina.hr\/wp-content\/gallery\/kraljica-jeseni-jesenka-2019\/thumbs\/thumbs_72586559_531445207666134_1193484988226469888_n.jpg\"\n\t\t\t\t\twidth=\"240\"\n\t\t\t\t\theight=\"160\"\n\t\t\t\t\tstyle=\"max-width:100%;\"\n\t\t\t\t\/>\n\t\t\t<\/a>\n\t\t<\/div>\n\t\t\t\t\t\t\t<\/div> \n\t\t\t\n\t\t\t\t<div id=\"ngg-image-5\" class=\"ngg-gallery-thumbnail-box \n\t\t\t\t\t\t\t\t\t\t\t\" \n\t\t\t>\n\t\t\t\t\t\t<div class=\"ngg-gallery-thumbnail\">\n\t\t\t<a href=\"https:\/\/dom-glina.hr\/wp-content\/gallery\/kraljica-jeseni-jesenka-2019\/72649613_531445257666129_6193857957734645760_n.jpg\"\n\t\t\t\ttitle=\"\"\n\t\t\t\tdata-src=\"https:\/\/dom-glina.hr\/wp-content\/gallery\/kraljica-jeseni-jesenka-2019\/72649613_531445257666129_6193857957734645760_n.jpg\"\n\t\t\t\tdata-thumbnail=\"https:\/\/dom-glina.hr\/wp-content\/gallery\/kraljica-jeseni-jesenka-2019\/thumbs\/thumbs_72649613_531445257666129_6193857957734645760_n.jpg\"\n\t\t\t\tdata-image-id=\"723\"\n\t\t\t\tdata-title=\"72649613_531445257666129_6193857957734645760_n\"\n\t\t\t\tdata-description=\"\"\n\t\t\t\tdata-image-slug=\"72649613_531445257666129_6193857957734645760_n\"\n\t\t\t\tclass=\"ngg-fancybox\" rel=\"d543fbf79bf59269cc4b9eeda3bb3799\">\n\t\t\t\t<img\n\t\t\t\t\ttitle=\"72649613_531445257666129_6193857957734645760_n\"\n\t\t\t\t\talt=\"72649613_531445257666129_6193857957734645760_n\"\n\t\t\t\t\tsrc=\"https:\/\/dom-glina.hr\/wp-content\/gallery\/kraljica-jeseni-jesenka-2019\/thumbs\/thumbs_72649613_531445257666129_6193857957734645760_n.jpg\"\n\t\t\t\t\twidth=\"240\"\n\t\t\t\t\theight=\"160\"\n\t\t\t\t\tstyle=\"max-width:100%;\"\n\t\t\t\t\/>\n\t\t\t<\/a>\n\t\t<\/div>\n\t\t\t\t\t\t\t<\/div> \n\t\t\t\n\t\t\t\t<div id=\"ngg-image-6\" class=\"ngg-gallery-thumbnail-box \n\t\t\t\t\t\t\t\t\t\t\t\" \n\t\t\t>\n\t\t\t\t\t\t<div class=\"ngg-gallery-thumbnail\">\n\t\t\t<a href=\"https:\/\/dom-glina.hr\/wp-content\/gallery\/kraljica-jeseni-jesenka-2019\/72762457_531445127666142_6248125767167770624_n.jpg\"\n\t\t\t\ttitle=\"\"\n\t\t\t\tdata-src=\"https:\/\/dom-glina.hr\/wp-content\/gallery\/kraljica-jeseni-jesenka-2019\/72762457_531445127666142_6248125767167770624_n.jpg\"\n\t\t\t\tdata-thumbnail=\"https:\/\/dom-glina.hr\/wp-content\/gallery\/kraljica-jeseni-jesenka-2019\/thumbs\/thumbs_72762457_531445127666142_6248125767167770624_n.jpg\"\n\t\t\t\tdata-image-id=\"724\"\n\t\t\t\tdata-title=\"72762457_531445127666142_6248125767167770624_n\"\n\t\t\t\tdata-description=\"\"\n\t\t\t\tdata-image-slug=\"72762457_531445127666142_6248125767167770624_n\"\n\t\t\t\tclass=\"ngg-fancybox\" rel=\"d543fbf79bf59269cc4b9eeda3bb3799\">\n\t\t\t\t<img\n\t\t\t\t\ttitle=\"72762457_531445127666142_6248125767167770624_n\"\n\t\t\t\t\talt=\"72762457_531445127666142_6248125767167770624_n\"\n\t\t\t\t\tsrc=\"https:\/\/dom-glina.hr\/wp-content\/gallery\/kraljica-jeseni-jesenka-2019\/thumbs\/thumbs_72762457_531445127666142_6248125767167770624_n.jpg\"\n\t\t\t\t\twidth=\"240\"\n\t\t\t\t\theight=\"160\"\n\t\t\t\t\tstyle=\"max-width:100%;\"\n\t\t\t\t\/>\n\t\t\t<\/a>\n\t\t<\/div>\n\t\t\t\t\t\t\t<\/div> \n\t\t\t\n\t\t\t\t<div id=\"ngg-image-7\" class=\"ngg-gallery-thumbnail-box \n\t\t\t\t\t\t\t\t\t\t\t\" \n\t\t\t>\n\t\t\t\t\t\t<div class=\"ngg-gallery-thumbnail\">\n\t\t\t<a href=\"https:\/\/dom-glina.hr\/wp-content\/gallery\/kraljica-jeseni-jesenka-2019\/72897289_531445154332806_642117337536790528_n.jpg\"\n\t\t\t\ttitle=\"\"\n\t\t\t\tdata-src=\"https:\/\/dom-glina.hr\/wp-content\/gallery\/kraljica-jeseni-jesenka-2019\/72897289_531445154332806_642117337536790528_n.jpg\"\n\t\t\t\tdata-thumbnail=\"https:\/\/dom-glina.hr\/wp-content\/gallery\/kraljica-jeseni-jesenka-2019\/thumbs\/thumbs_72897289_531445154332806_642117337536790528_n.jpg\"\n\t\t\t\tdata-image-id=\"725\"\n\t\t\t\tdata-title=\"72897289_531445154332806_642117337536790528_n\"\n\t\t\t\tdata-description=\"\"\n\t\t\t\tdata-image-slug=\"72897289_531445154332806_642117337536790528_n\"\n\t\t\t\tclass=\"ngg-fancybox\" rel=\"d543fbf79bf59269cc4b9eeda3bb3799\">\n\t\t\t\t<img\n\t\t\t\t\ttitle=\"72897289_531445154332806_642117337536790528_n\"\n\t\t\t\t\talt=\"72897289_531445154332806_642117337536790528_n\"\n\t\t\t\t\tsrc=\"https:\/\/dom-glina.hr\/wp-content\/gallery\/kraljica-jeseni-jesenka-2019\/thumbs\/thumbs_72897289_531445154332806_642117337536790528_n.jpg\"\n\t\t\t\t\twidth=\"240\"\n\t\t\t\t\theight=\"160\"\n\t\t\t\t\tstyle=\"max-width:100%;\"\n\t\t\t\t\/>\n\t\t\t<\/a>\n\t\t<\/div>\n\t\t\t\t\t\t\t<\/div> \n\t\t\t\n\t\t\t\t<div id=\"ngg-image-8\" class=\"ngg-gallery-thumbnail-box \n\t\t\t\t\t\t\t\t\t\t\t\" \n\t\t\t>\n\t\t\t\t\t\t<div class=\"ngg-gallery-thumbnail\">\n\t\t\t<a href=\"https:\/\/dom-glina.hr\/wp-content\/gallery\/kraljica-jeseni-jesenka-2019\/74310478_531445087666146_9043161376687652864_n.jpg\"\n\t\t\t\ttitle=\"\"\n\t\t\t\tdata-src=\"https:\/\/dom-glina.hr\/wp-content\/gallery\/kraljica-jeseni-jesenka-2019\/74310478_531445087666146_9043161376687652864_n.jpg\"\n\t\t\t\tdata-thumbnail=\"https:\/\/dom-glina.hr\/wp-content\/gallery\/kraljica-jeseni-jesenka-2019\/thumbs\/thumbs_74310478_531445087666146_9043161376687652864_n.jpg\"\n\t\t\t\tdata-image-id=\"726\"\n\t\t\t\tdata-title=\"74310478_531445087666146_9043161376687652864_n\"\n\t\t\t\tdata-description=\"\"\n\t\t\t\tdata-image-slug=\"74310478_531445087666146_9043161376687652864_n\"\n\t\t\t\tclass=\"ngg-fancybox\" rel=\"d543fbf79bf59269cc4b9eeda3bb3799\">\n\t\t\t\t<img\n\t\t\t\t\ttitle=\"74310478_531445087666146_9043161376687652864_n\"\n\t\t\t\t\talt=\"74310478_531445087666146_9043161376687652864_n\"\n\t\t\t\t\tsrc=\"https:\/\/dom-glina.hr\/wp-content\/gallery\/kraljica-jeseni-jesenka-2019\/thumbs\/thumbs_74310478_531445087666146_9043161376687652864_n.jpg\"\n\t\t\t\t\twidth=\"240\"\n\t\t\t\t\theight=\"160\"\n\t\t\t\t\tstyle=\"max-width:100%;\"\n\t\t\t\t\/>\n\t\t\t<\/a>\n\t\t<\/div>\n\t\t\t\t\t\t\t<\/div> \n\t\t\t\n\t\n\t<br style=\"clear: both\" \/>\n\n\t\n\t\t<!-- Pagination -->\n\t\t<div class='ngg-clear'><\/div>\t<\/div>\n\n","protected":false},"excerpt":{"rendered":"<p>Danas nam je u posjetu stigla kraljica jeseni Jesenka koja je na\u0161im korisnicima pro\u010ditala divnu bajku Jabuka djevojka.Inspirirani bajkom korisnici su zajedno sa knji\u017eni\u010darkama Knji\u017enice i \u010ditaonice Glina i na\u0161om socijalnom radnicom krenuli sa radionicom na temu jabuka djevojka. Zajedni\u010dkim snagama izradili su prekrasne jabuke od papira koje \u0107e krasiti na\u0161 topli dom. Hvala Knji\u017enici&hellip;<\/p>\n","protected":false},"author":1,"featured_media":2979,"comment_status":"closed","ping_status":"closed","sticky":false,"template":"","format":"standard","meta":{"_monsterinsights_skip_tracking":false,"_monsterinsights_sitenote_active":false,"_monsterinsights_sitenote_note":"","_monsterinsights_sitenote_category":0,"ngg_post_thumbnail":0,"footnotes":""},"categories":[2],"tags":[],"aioseo_notices":[],"_links":{"self":[{"href":"https:\/\/dom-glina.hr\/index.php?rest_route=\/wp\/v2\/posts\/2978"}],"collection":[{"href":"https:\/\/dom-glina.hr\/index.php?rest_route=\/wp\/v2\/posts"}],"about":[{"href":"https:\/\/dom-glina.hr\/index.php?rest_route=\/wp\/v2\/types\/post"}],"author":[{"embeddable":true,"href":"https:\/\/dom-glina.hr\/index.php?rest_route=\/wp\/v2\/users\/1"}],"replies":[{"embeddable":true,"href":"https:\/\/dom-glina.hr\/index.php?rest_route=%2Fwp%2Fv2%2Fcomments&post=2978"}],"version-history":[{"count":1,"href":"https:\/\/dom-glina.hr\/index.php?rest_route=\/wp\/v2\/posts\/2978\/revisions"}],"predecessor-version":[{"id":2980,"href":"https:\/\/dom-glina.hr\/index.php?rest_route=\/wp\/v2\/posts\/2978\/revisions\/2980"}],"wp:featuredmedia":[{"embeddable":true,"href":"https:\/\/dom-glina.hr\/index.php?rest_route=\/wp\/v2\/media\/2979"}],"wp:attachment":[{"href":"https:\/\/dom-glina.hr\/index.php?rest_route=%2Fwp%2Fv2%2Fmedia&parent=2978"}],"wp:term":[{"taxonomy":"category","embeddable":true,"href":"https:\/\/dom-glina.hr\/index.php?rest_route=%2Fwp%2Fv2%2Fcategories&post=2978"},{"taxonomy":"post_tag","embeddable":true,"href":"https:\/\/dom-glina.hr\/index.php?rest_route=%2Fwp%2Fv2%2Ftags&post=2978"}],"curies":[{"name":"wp","href":"https:\/\/api.w.org\/{rel}","templated":true}]}}