{"id":2972,"date":"2019-10-11T12:03:02","date_gmt":"2019-10-11T10:03:02","guid":{"rendered":"http:\/\/dom-glina.hr\/?p=2972"},"modified":"2019-11-04T12:04:24","modified_gmt":"2019-11-04T11:04:24","slug":"drugi-i-drugaciji","status":"publish","type":"post","link":"https:\/\/dom-glina.hr\/?p=2972","title":{"rendered":"Drugi i druga\u010diji"},"content":{"rendered":"<p style=\"text-align: justify;\">[EDUKACIJA NAM JE VA\u017dNA] Na\u0161a socijalna radnica Marija \u0160aki\u0107 sudjelovala je na X. Konferenciji socijalnih radnika pod nazivom &#8220;Drugi i druga\u010diji &#8221; koja je odr\u017eana od 9.-11.listopada 2019.godine u hotelu Sheraton u Zagrebu. Brojni susreti i puno novih iskustava i znanja koja \u0107emo s veseljem prenijeti kod nas u Domu za starije osobe Glina. I sve to zbog Vas &#8211; dragi na\u0161i korisnici.<\/p>\n<p>&nbsp;<\/p>\n<!-- default-view.php -->\n<div\n\tclass=\"ngg-galleryoverview default-view \n\t ngg-ajax-pagination-none\t\"\n\tid=\"ngg-gallery-adfa8aba88450e7f4dda12d3b2dc806e-1\">\n\n\t\t<!-- Thumbnails -->\n\t\t\t\t<div id=\"ngg-image-0\" class=\"ngg-gallery-thumbnail-box \n\t\t\t\t\t\t\t\t\t\t\t\" \n\t\t\t>\n\t\t\t\t\t\t<div class=\"ngg-gallery-thumbnail\">\n\t\t\t<a href=\"https:\/\/dom-glina.hr\/wp-content\/gallery\/drugi-i-drugaciji-2019\/72181672_528331397977515_2526118215239598080_n.jpg\"\n\t\t\t\ttitle=\"\"\n\t\t\t\tdata-src=\"https:\/\/dom-glina.hr\/wp-content\/gallery\/drugi-i-drugaciji-2019\/72181672_528331397977515_2526118215239598080_n.jpg\"\n\t\t\t\tdata-thumbnail=\"https:\/\/dom-glina.hr\/wp-content\/gallery\/drugi-i-drugaciji-2019\/thumbs\/thumbs_72181672_528331397977515_2526118215239598080_n.jpg\"\n\t\t\t\tdata-image-id=\"706\"\n\t\t\t\tdata-title=\"72181672_528331397977515_2526118215239598080_n\"\n\t\t\t\tdata-description=\"\"\n\t\t\t\tdata-image-slug=\"72181672_528331397977515_2526118215239598080_n\"\n\t\t\t\tclass=\"ngg-fancybox\" rel=\"adfa8aba88450e7f4dda12d3b2dc806e\">\n\t\t\t\t<img\n\t\t\t\t\ttitle=\"72181672_528331397977515_2526118215239598080_n\"\n\t\t\t\t\talt=\"72181672_528331397977515_2526118215239598080_n\"\n\t\t\t\t\tsrc=\"https:\/\/dom-glina.hr\/wp-content\/gallery\/drugi-i-drugaciji-2019\/thumbs\/thumbs_72181672_528331397977515_2526118215239598080_n.jpg\"\n\t\t\t\t\twidth=\"240\"\n\t\t\t\t\theight=\"160\"\n\t\t\t\t\tstyle=\"max-width:100%;\"\n\t\t\t\t\/>\n\t\t\t<\/a>\n\t\t<\/div>\n\t\t\t\t\t\t\t<\/div> \n\t\t\t\n\t\t\t\t<div id=\"ngg-image-1\" class=\"ngg-gallery-thumbnail-box \n\t\t\t\t\t\t\t\t\t\t\t\" \n\t\t\t>\n\t\t\t\t\t\t<div class=\"ngg-gallery-thumbnail\">\n\t\t\t<a href=\"https:\/\/dom-glina.hr\/wp-content\/gallery\/drugi-i-drugaciji-2019\/72442373_528331361310852_1123808902014566400_n.jpg\"\n\t\t\t\ttitle=\"\"\n\t\t\t\tdata-src=\"https:\/\/dom-glina.hr\/wp-content\/gallery\/drugi-i-drugaciji-2019\/72442373_528331361310852_1123808902014566400_n.jpg\"\n\t\t\t\tdata-thumbnail=\"https:\/\/dom-glina.hr\/wp-content\/gallery\/drugi-i-drugaciji-2019\/thumbs\/thumbs_72442373_528331361310852_1123808902014566400_n.jpg\"\n\t\t\t\tdata-image-id=\"707\"\n\t\t\t\tdata-title=\"72442373_528331361310852_1123808902014566400_n\"\n\t\t\t\tdata-description=\"\"\n\t\t\t\tdata-image-slug=\"72442373_528331361310852_1123808902014566400_n\"\n\t\t\t\tclass=\"ngg-fancybox\" rel=\"adfa8aba88450e7f4dda12d3b2dc806e\">\n\t\t\t\t<img\n\t\t\t\t\ttitle=\"72442373_528331361310852_1123808902014566400_n\"\n\t\t\t\t\talt=\"72442373_528331361310852_1123808902014566400_n\"\n\t\t\t\t\tsrc=\"https:\/\/dom-glina.hr\/wp-content\/gallery\/drugi-i-drugaciji-2019\/thumbs\/thumbs_72442373_528331361310852_1123808902014566400_n.jpg\"\n\t\t\t\t\twidth=\"240\"\n\t\t\t\t\theight=\"160\"\n\t\t\t\t\tstyle=\"max-width:100%;\"\n\t\t\t\t\/>\n\t\t\t<\/a>\n\t\t<\/div>\n\t\t\t\t\t\t\t<\/div> \n\t\t\t\n\t\t\t\t<div id=\"ngg-image-2\" class=\"ngg-gallery-thumbnail-box \n\t\t\t\t\t\t\t\t\t\t\t\" \n\t\t\t>\n\t\t\t\t\t\t<div class=\"ngg-gallery-thumbnail\">\n\t\t\t<a href=\"https:\/\/dom-glina.hr\/wp-content\/gallery\/drugi-i-drugaciji-2019\/72573900_528331481310840_7436263383671767040_n.jpg\"\n\t\t\t\ttitle=\"\"\n\t\t\t\tdata-src=\"https:\/\/dom-glina.hr\/wp-content\/gallery\/drugi-i-drugaciji-2019\/72573900_528331481310840_7436263383671767040_n.jpg\"\n\t\t\t\tdata-thumbnail=\"https:\/\/dom-glina.hr\/wp-content\/gallery\/drugi-i-drugaciji-2019\/thumbs\/thumbs_72573900_528331481310840_7436263383671767040_n.jpg\"\n\t\t\t\tdata-image-id=\"708\"\n\t\t\t\tdata-title=\"72573900_528331481310840_7436263383671767040_n\"\n\t\t\t\tdata-description=\"\"\n\t\t\t\tdata-image-slug=\"72573900_528331481310840_7436263383671767040_n\"\n\t\t\t\tclass=\"ngg-fancybox\" rel=\"adfa8aba88450e7f4dda12d3b2dc806e\">\n\t\t\t\t<img\n\t\t\t\t\ttitle=\"72573900_528331481310840_7436263383671767040_n\"\n\t\t\t\t\talt=\"72573900_528331481310840_7436263383671767040_n\"\n\t\t\t\t\tsrc=\"https:\/\/dom-glina.hr\/wp-content\/gallery\/drugi-i-drugaciji-2019\/thumbs\/thumbs_72573900_528331481310840_7436263383671767040_n.jpg\"\n\t\t\t\t\twidth=\"240\"\n\t\t\t\t\theight=\"160\"\n\t\t\t\t\tstyle=\"max-width:100%;\"\n\t\t\t\t\/>\n\t\t\t<\/a>\n\t\t<\/div>\n\t\t\t\t\t\t\t<\/div> \n\t\t\t\n\t\t\t\t<div id=\"ngg-image-3\" class=\"ngg-gallery-thumbnail-box \n\t\t\t\t\t\t\t\t\t\t\t\" \n\t\t\t>\n\t\t\t\t\t\t<div class=\"ngg-gallery-thumbnail\">\n\t\t\t<a href=\"https:\/\/dom-glina.hr\/wp-content\/gallery\/drugi-i-drugaciji-2019\/72611575_528331444644177_8982196965915754496_n.jpg\"\n\t\t\t\ttitle=\"\"\n\t\t\t\tdata-src=\"https:\/\/dom-glina.hr\/wp-content\/gallery\/drugi-i-drugaciji-2019\/72611575_528331444644177_8982196965915754496_n.jpg\"\n\t\t\t\tdata-thumbnail=\"https:\/\/dom-glina.hr\/wp-content\/gallery\/drugi-i-drugaciji-2019\/thumbs\/thumbs_72611575_528331444644177_8982196965915754496_n.jpg\"\n\t\t\t\tdata-image-id=\"709\"\n\t\t\t\tdata-title=\"72611575_528331444644177_8982196965915754496_n\"\n\t\t\t\tdata-description=\"\"\n\t\t\t\tdata-image-slug=\"72611575_528331444644177_8982196965915754496_n\"\n\t\t\t\tclass=\"ngg-fancybox\" rel=\"adfa8aba88450e7f4dda12d3b2dc806e\">\n\t\t\t\t<img\n\t\t\t\t\ttitle=\"72611575_528331444644177_8982196965915754496_n\"\n\t\t\t\t\talt=\"72611575_528331444644177_8982196965915754496_n\"\n\t\t\t\t\tsrc=\"https:\/\/dom-glina.hr\/wp-content\/gallery\/drugi-i-drugaciji-2019\/thumbs\/thumbs_72611575_528331444644177_8982196965915754496_n.jpg\"\n\t\t\t\t\twidth=\"240\"\n\t\t\t\t\theight=\"160\"\n\t\t\t\t\tstyle=\"max-width:100%;\"\n\t\t\t\t\/>\n\t\t\t<\/a>\n\t\t<\/div>\n\t\t\t\t\t\t\t<\/div> \n\t\t\t\n\t\t\t\t<div id=\"ngg-image-4\" class=\"ngg-gallery-thumbnail-box \n\t\t\t\t\t\t\t\t\t\t\t\" \n\t\t\t>\n\t\t\t\t\t\t<div class=\"ngg-gallery-thumbnail\">\n\t\t\t<a href=\"https:\/\/dom-glina.hr\/wp-content\/gallery\/drugi-i-drugaciji-2019\/72835857_528331311310857_5882963606097625088_n.jpg\"\n\t\t\t\ttitle=\"\"\n\t\t\t\tdata-src=\"https:\/\/dom-glina.hr\/wp-content\/gallery\/drugi-i-drugaciji-2019\/72835857_528331311310857_5882963606097625088_n.jpg\"\n\t\t\t\tdata-thumbnail=\"https:\/\/dom-glina.hr\/wp-content\/gallery\/drugi-i-drugaciji-2019\/thumbs\/thumbs_72835857_528331311310857_5882963606097625088_n.jpg\"\n\t\t\t\tdata-image-id=\"710\"\n\t\t\t\tdata-title=\"72835857_528331311310857_5882963606097625088_n\"\n\t\t\t\tdata-description=\"\"\n\t\t\t\tdata-image-slug=\"72835857_528331311310857_5882963606097625088_n\"\n\t\t\t\tclass=\"ngg-fancybox\" rel=\"adfa8aba88450e7f4dda12d3b2dc806e\">\n\t\t\t\t<img\n\t\t\t\t\ttitle=\"72835857_528331311310857_5882963606097625088_n\"\n\t\t\t\t\talt=\"72835857_528331311310857_5882963606097625088_n\"\n\t\t\t\t\tsrc=\"https:\/\/dom-glina.hr\/wp-content\/gallery\/drugi-i-drugaciji-2019\/thumbs\/thumbs_72835857_528331311310857_5882963606097625088_n.jpg\"\n\t\t\t\t\twidth=\"240\"\n\t\t\t\t\theight=\"160\"\n\t\t\t\t\tstyle=\"max-width:100%;\"\n\t\t\t\t\/>\n\t\t\t<\/a>\n\t\t<\/div>\n\t\t\t\t\t\t\t<\/div> \n\t\t\t\n\t\n\t<br style=\"clear: both\" \/>\n\n\t\n\t\t<!-- Pagination -->\n\t\t<div class='ngg-clear'><\/div>\t<\/div>\n\n","protected":false},"excerpt":{"rendered":"<p>[EDUKACIJA NAM JE VA\u017dNA] Na\u0161a socijalna radnica Marija \u0160aki\u0107 sudjelovala je na X. Konferenciji socijalnih radnika pod nazivom &#8220;Drugi i druga\u010diji &#8221; koja je odr\u017eana od 9.-11.listopada 2019.godine u hotelu Sheraton u Zagrebu. Brojni susreti i puno novih iskustava i znanja koja \u0107emo s veseljem prenijeti kod nas u Domu za starije osobe Glina. I&hellip;<\/p>\n","protected":false},"author":1,"featured_media":2973,"comment_status":"closed","ping_status":"closed","sticky":false,"template":"","format":"standard","meta":{"_monsterinsights_skip_tracking":false,"_monsterinsights_sitenote_active":false,"_monsterinsights_sitenote_note":"","_monsterinsights_sitenote_category":0,"ngg_post_thumbnail":0,"footnotes":""},"categories":[2],"tags":[],"aioseo_notices":[],"_links":{"self":[{"href":"https:\/\/dom-glina.hr\/index.php?rest_route=\/wp\/v2\/posts\/2972"}],"collection":[{"href":"https:\/\/dom-glina.hr\/index.php?rest_route=\/wp\/v2\/posts"}],"about":[{"href":"https:\/\/dom-glina.hr\/index.php?rest_route=\/wp\/v2\/types\/post"}],"author":[{"embeddable":true,"href":"https:\/\/dom-glina.hr\/index.php?rest_route=\/wp\/v2\/users\/1"}],"replies":[{"embeddable":true,"href":"https:\/\/dom-glina.hr\/index.php?rest_route=%2Fwp%2Fv2%2Fcomments&post=2972"}],"version-history":[{"count":1,"href":"https:\/\/dom-glina.hr\/index.php?rest_route=\/wp\/v2\/posts\/2972\/revisions"}],"predecessor-version":[{"id":2974,"href":"https:\/\/dom-glina.hr\/index.php?rest_route=\/wp\/v2\/posts\/2972\/revisions\/2974"}],"wp:featuredmedia":[{"embeddable":true,"href":"https:\/\/dom-glina.hr\/index.php?rest_route=\/wp\/v2\/media\/2973"}],"wp:attachment":[{"href":"https:\/\/dom-glina.hr\/index.php?rest_route=%2Fwp%2Fv2%2Fmedia&parent=2972"}],"wp:term":[{"taxonomy":"category","embeddable":true,"href":"https:\/\/dom-glina.hr\/index.php?rest_route=%2Fwp%2Fv2%2Fcategories&post=2972"},{"taxonomy":"post_tag","embeddable":true,"href":"https:\/\/dom-glina.hr\/index.php?rest_route=%2Fwp%2Fv2%2Ftags&post=2972"}],"curies":[{"name":"wp","href":"https:\/\/api.w.org\/{rel}","templated":true}]}}