{"id":2966,"date":"2019-10-09T11:58:46","date_gmt":"2019-10-09T09:58:46","guid":{"rendered":"http:\/\/dom-glina.hr\/?p=2966"},"modified":"2019-11-04T12:00:35","modified_gmt":"2019-11-04T11:00:35","slug":"druzenja-uz-knjigu","status":"publish","type":"post","link":"https:\/\/dom-glina.hr\/?p=2966","title":{"rendered":"Dru\u017eenja uz knjigu"},"content":{"rendered":"<p style=\"text-align: justify;\">Za na\u0161e vrijedne \u010dita\u010de organiziramo ugodna popodnevna dru\u017eenja uz knjigu sa djelatnicom iz Knji\u017enice i \u010ditaonice Glina gospo\u0111om Ivanom Be\u0161li\u0107 Luka\u010d.<\/p>\n<p>&nbsp;<\/p>\n<!-- default-view.php -->\n<div\n\tclass=\"ngg-galleryoverview default-view \n\t ngg-ajax-pagination-none\t\"\n\tid=\"ngg-gallery-b5a7706cad07a9a61e802d5d3aee6d7e-1\">\n\n\t\t<!-- Thumbnails -->\n\t\t\t\t<div id=\"ngg-image-0\" class=\"ngg-gallery-thumbnail-box \n\t\t\t\t\t\t\t\t\t\t\t\" \n\t\t\t>\n\t\t\t\t\t\t<div class=\"ngg-gallery-thumbnail\">\n\t\t\t<a href=\"https:\/\/dom-glina.hr\/wp-content\/gallery\/druzenja-uz-knjigu-09122019\/71841926_526959138114741_7837914349938147328_n.jpg\"\n\t\t\t\ttitle=\"\"\n\t\t\t\tdata-src=\"https:\/\/dom-glina.hr\/wp-content\/gallery\/druzenja-uz-knjigu-09122019\/71841926_526959138114741_7837914349938147328_n.jpg\"\n\t\t\t\tdata-thumbnail=\"https:\/\/dom-glina.hr\/wp-content\/gallery\/druzenja-uz-knjigu-09122019\/thumbs\/thumbs_71841926_526959138114741_7837914349938147328_n.jpg\"\n\t\t\t\tdata-image-id=\"691\"\n\t\t\t\tdata-title=\"71841926_526959138114741_7837914349938147328_n\"\n\t\t\t\tdata-description=\"\"\n\t\t\t\tdata-image-slug=\"71841926_526959138114741_7837914349938147328_n\"\n\t\t\t\tclass=\"ngg-fancybox\" rel=\"b5a7706cad07a9a61e802d5d3aee6d7e\">\n\t\t\t\t<img\n\t\t\t\t\ttitle=\"71841926_526959138114741_7837914349938147328_n\"\n\t\t\t\t\talt=\"71841926_526959138114741_7837914349938147328_n\"\n\t\t\t\t\tsrc=\"https:\/\/dom-glina.hr\/wp-content\/gallery\/druzenja-uz-knjigu-09122019\/thumbs\/thumbs_71841926_526959138114741_7837914349938147328_n.jpg\"\n\t\t\t\t\twidth=\"240\"\n\t\t\t\t\theight=\"160\"\n\t\t\t\t\tstyle=\"max-width:100%;\"\n\t\t\t\t\/>\n\t\t\t<\/a>\n\t\t<\/div>\n\t\t\t\t\t\t\t<\/div> \n\t\t\t\n\t\t\t\t<div id=\"ngg-image-1\" class=\"ngg-gallery-thumbnail-box \n\t\t\t\t\t\t\t\t\t\t\t\" \n\t\t\t>\n\t\t\t\t\t\t<div class=\"ngg-gallery-thumbnail\">\n\t\t\t<a href=\"https:\/\/dom-glina.hr\/wp-content\/gallery\/druzenja-uz-knjigu-09122019\/71903212_526959251448063_155297680891838464_n.jpg\"\n\t\t\t\ttitle=\"\"\n\t\t\t\tdata-src=\"https:\/\/dom-glina.hr\/wp-content\/gallery\/druzenja-uz-knjigu-09122019\/71903212_526959251448063_155297680891838464_n.jpg\"\n\t\t\t\tdata-thumbnail=\"https:\/\/dom-glina.hr\/wp-content\/gallery\/druzenja-uz-knjigu-09122019\/thumbs\/thumbs_71903212_526959251448063_155297680891838464_n.jpg\"\n\t\t\t\tdata-image-id=\"692\"\n\t\t\t\tdata-title=\"71903212_526959251448063_155297680891838464_n\"\n\t\t\t\tdata-description=\"\"\n\t\t\t\tdata-image-slug=\"71903212_526959251448063_155297680891838464_n\"\n\t\t\t\tclass=\"ngg-fancybox\" rel=\"b5a7706cad07a9a61e802d5d3aee6d7e\">\n\t\t\t\t<img\n\t\t\t\t\ttitle=\"71903212_526959251448063_155297680891838464_n\"\n\t\t\t\t\talt=\"71903212_526959251448063_155297680891838464_n\"\n\t\t\t\t\tsrc=\"https:\/\/dom-glina.hr\/wp-content\/gallery\/druzenja-uz-knjigu-09122019\/thumbs\/thumbs_71903212_526959251448063_155297680891838464_n.jpg\"\n\t\t\t\t\twidth=\"240\"\n\t\t\t\t\theight=\"160\"\n\t\t\t\t\tstyle=\"max-width:100%;\"\n\t\t\t\t\/>\n\t\t\t<\/a>\n\t\t<\/div>\n\t\t\t\t\t\t\t<\/div> \n\t\t\t\n\t\t\t\t<div id=\"ngg-image-2\" class=\"ngg-gallery-thumbnail-box \n\t\t\t\t\t\t\t\t\t\t\t\" \n\t\t\t>\n\t\t\t\t\t\t<div class=\"ngg-gallery-thumbnail\">\n\t\t\t<a href=\"https:\/\/dom-glina.hr\/wp-content\/gallery\/druzenja-uz-knjigu-09122019\/72199791_526959184781403_6977996699675394048_n.jpg\"\n\t\t\t\ttitle=\"\"\n\t\t\t\tdata-src=\"https:\/\/dom-glina.hr\/wp-content\/gallery\/druzenja-uz-knjigu-09122019\/72199791_526959184781403_6977996699675394048_n.jpg\"\n\t\t\t\tdata-thumbnail=\"https:\/\/dom-glina.hr\/wp-content\/gallery\/druzenja-uz-knjigu-09122019\/thumbs\/thumbs_72199791_526959184781403_6977996699675394048_n.jpg\"\n\t\t\t\tdata-image-id=\"693\"\n\t\t\t\tdata-title=\"72199791_526959184781403_6977996699675394048_n\"\n\t\t\t\tdata-description=\"\"\n\t\t\t\tdata-image-slug=\"72199791_526959184781403_6977996699675394048_n\"\n\t\t\t\tclass=\"ngg-fancybox\" rel=\"b5a7706cad07a9a61e802d5d3aee6d7e\">\n\t\t\t\t<img\n\t\t\t\t\ttitle=\"72199791_526959184781403_6977996699675394048_n\"\n\t\t\t\t\talt=\"72199791_526959184781403_6977996699675394048_n\"\n\t\t\t\t\tsrc=\"https:\/\/dom-glina.hr\/wp-content\/gallery\/druzenja-uz-knjigu-09122019\/thumbs\/thumbs_72199791_526959184781403_6977996699675394048_n.jpg\"\n\t\t\t\t\twidth=\"240\"\n\t\t\t\t\theight=\"160\"\n\t\t\t\t\tstyle=\"max-width:100%;\"\n\t\t\t\t\/>\n\t\t\t<\/a>\n\t\t<\/div>\n\t\t\t\t\t\t\t<\/div> \n\t\t\t\n\t\n\t<br style=\"clear: both\" \/>\n\n\t\n\t\t<!-- Pagination -->\n\t\t<div class='ngg-clear'><\/div>\t<\/div>\n\n","protected":false},"excerpt":{"rendered":"<p>Za na\u0161e vrijedne \u010dita\u010de organiziramo ugodna popodnevna dru\u017eenja uz knjigu sa djelatnicom iz Knji\u017enice i \u010ditaonice Glina gospo\u0111om Ivanom Be\u0161li\u0107 Luka\u010d. &nbsp; &#8221; order_by=&#8221;sortorder&#8221; order_direction=&#8221;ASC&#8221; returns=&#8221;included&#8221; maximum_entity_count=&#8221;500&#8243;]<\/p>\n","protected":false},"author":1,"featured_media":2967,"comment_status":"closed","ping_status":"closed","sticky":false,"template":"","format":"standard","meta":{"_monsterinsights_skip_tracking":false,"_monsterinsights_sitenote_active":false,"_monsterinsights_sitenote_note":"","_monsterinsights_sitenote_category":0,"ngg_post_thumbnail":0,"footnotes":""},"categories":[2],"tags":[],"aioseo_notices":[],"_links":{"self":[{"href":"https:\/\/dom-glina.hr\/index.php?rest_route=\/wp\/v2\/posts\/2966"}],"collection":[{"href":"https:\/\/dom-glina.hr\/index.php?rest_route=\/wp\/v2\/posts"}],"about":[{"href":"https:\/\/dom-glina.hr\/index.php?rest_route=\/wp\/v2\/types\/post"}],"author":[{"embeddable":true,"href":"https:\/\/dom-glina.hr\/index.php?rest_route=\/wp\/v2\/users\/1"}],"replies":[{"embeddable":true,"href":"https:\/\/dom-glina.hr\/index.php?rest_route=%2Fwp%2Fv2%2Fcomments&post=2966"}],"version-history":[{"count":1,"href":"https:\/\/dom-glina.hr\/index.php?rest_route=\/wp\/v2\/posts\/2966\/revisions"}],"predecessor-version":[{"id":2968,"href":"https:\/\/dom-glina.hr\/index.php?rest_route=\/wp\/v2\/posts\/2966\/revisions\/2968"}],"wp:featuredmedia":[{"embeddable":true,"href":"https:\/\/dom-glina.hr\/index.php?rest_route=\/wp\/v2\/media\/2967"}],"wp:attachment":[{"href":"https:\/\/dom-glina.hr\/index.php?rest_route=%2Fwp%2Fv2%2Fmedia&parent=2966"}],"wp:term":[{"taxonomy":"category","embeddable":true,"href":"https:\/\/dom-glina.hr\/index.php?rest_route=%2Fwp%2Fv2%2Fcategories&post=2966"},{"taxonomy":"post_tag","embeddable":true,"href":"https:\/\/dom-glina.hr\/index.php?rest_route=%2Fwp%2Fv2%2Ftags&post=2966"}],"curies":[{"name":"wp","href":"https:\/\/api.w.org\/{rel}","templated":true}]}}