{"id":2753,"date":"2019-10-03T09:11:34","date_gmt":"2019-10-03T07:11:34","guid":{"rendered":"http:\/\/dom-glina.hr\/?p=2753"},"modified":"2019-10-03T09:12:05","modified_gmt":"2019-10-03T07:12:05","slug":"medunarodni-dan-starijih-osoba","status":"publish","type":"post","link":"https:\/\/dom-glina.hr\/?p=2753","title":{"rendered":"Me\u0111unarodni dan starijih osoba"},"content":{"rendered":"<p style=\"text-align: justify;\">Me\u0111unarodni dan starijih osoba uz promociju zbirke na\u0161eg korisnika Adama Hota koja sadr\u017ei literarne pjesme i fotografije na\u0161e prve godine rada.<\/p>\n<p style=\"text-align: justify;\">Dana 2. listopada 2019.godine Dom za starije osobe Glina sve\u010dano je proslavio Me\u0111unarodni dan starijih osoba uz promociju zbirke na\u0161eg korisnika Adama Hota koja sadr\u017ei literarne pjesme i fotografije na\u0161e prve godine rada. Urednice zbirke su na\u0161a ravnateljica Renata Tominovi\u0107- Cekovi\u0107 i ravnateljica Srednje \u0161kole Glina Marija Margu\u0161i\u0107 Novosel. Sve\u010danost je uz mnogobrojne drage goste uveli\u010dalo HAKUD Glinska Tamburica , volonteri Srednje \u0161kole Glina te mje\u0161oviti domski zbor Novi \u017eivot. Hvala svima na prekrasnom danu koji \u0107emo zasigurno dugo pamtiti.<\/p>\n<p>&nbsp;<\/p>\n<!-- default-view.php -->\n<div\n\tclass=\"ngg-galleryoverview default-view \n\t ngg-ajax-pagination-none\t\"\n\tid=\"ngg-gallery-627f2b3d8d5ed353ccfd0538c68f856a-1\">\n\n\t\t<!-- Thumbnails -->\n\t\t\t\t<div id=\"ngg-image-0\" class=\"ngg-gallery-thumbnail-box \n\t\t\t\t\t\t\t\t\t\t\t\" \n\t\t\t>\n\t\t\t\t\t\t<div class=\"ngg-gallery-thumbnail\">\n\t\t\t<a href=\"https:\/\/dom-glina.hr\/wp-content\/gallery\/medunarodni-dan-starijih-osoba-2019\/71142745_522083135269008_3251708864944406528_n.jpg\"\n\t\t\t\ttitle=\"\"\n\t\t\t\tdata-src=\"https:\/\/dom-glina.hr\/wp-content\/gallery\/medunarodni-dan-starijih-osoba-2019\/71142745_522083135269008_3251708864944406528_n.jpg\"\n\t\t\t\tdata-thumbnail=\"https:\/\/dom-glina.hr\/wp-content\/gallery\/medunarodni-dan-starijih-osoba-2019\/thumbs\/thumbs_71142745_522083135269008_3251708864944406528_n.jpg\"\n\t\t\t\tdata-image-id=\"670\"\n\t\t\t\tdata-title=\"71142745_522083135269008_3251708864944406528_n\"\n\t\t\t\tdata-description=\"\"\n\t\t\t\tdata-image-slug=\"71142745_522083135269008_3251708864944406528_n\"\n\t\t\t\tclass=\"ngg-fancybox\" rel=\"627f2b3d8d5ed353ccfd0538c68f856a\">\n\t\t\t\t<img\n\t\t\t\t\ttitle=\"71142745_522083135269008_3251708864944406528_n\"\n\t\t\t\t\talt=\"71142745_522083135269008_3251708864944406528_n\"\n\t\t\t\t\tsrc=\"https:\/\/dom-glina.hr\/wp-content\/gallery\/medunarodni-dan-starijih-osoba-2019\/thumbs\/thumbs_71142745_522083135269008_3251708864944406528_n.jpg\"\n\t\t\t\t\twidth=\"240\"\n\t\t\t\t\theight=\"160\"\n\t\t\t\t\tstyle=\"max-width:100%;\"\n\t\t\t\t\/>\n\t\t\t<\/a>\n\t\t<\/div>\n\t\t\t\t\t\t\t<\/div> \n\t\t\t\n\t\t\t\t<div id=\"ngg-image-1\" class=\"ngg-gallery-thumbnail-box \n\t\t\t\t\t\t\t\t\t\t\t\" \n\t\t\t>\n\t\t\t\t\t\t<div class=\"ngg-gallery-thumbnail\">\n\t\t\t<a href=\"https:\/\/dom-glina.hr\/wp-content\/gallery\/medunarodni-dan-starijih-osoba-2019\/71272540_522083711935617_5357359668920320000_n.jpg\"\n\t\t\t\ttitle=\"\"\n\t\t\t\tdata-src=\"https:\/\/dom-glina.hr\/wp-content\/gallery\/medunarodni-dan-starijih-osoba-2019\/71272540_522083711935617_5357359668920320000_n.jpg\"\n\t\t\t\tdata-thumbnail=\"https:\/\/dom-glina.hr\/wp-content\/gallery\/medunarodni-dan-starijih-osoba-2019\/thumbs\/thumbs_71272540_522083711935617_5357359668920320000_n.jpg\"\n\t\t\t\tdata-image-id=\"671\"\n\t\t\t\tdata-title=\"71272540_522083711935617_5357359668920320000_n\"\n\t\t\t\tdata-description=\"\"\n\t\t\t\tdata-image-slug=\"71272540_522083711935617_5357359668920320000_n\"\n\t\t\t\tclass=\"ngg-fancybox\" rel=\"627f2b3d8d5ed353ccfd0538c68f856a\">\n\t\t\t\t<img\n\t\t\t\t\ttitle=\"71272540_522083711935617_5357359668920320000_n\"\n\t\t\t\t\talt=\"71272540_522083711935617_5357359668920320000_n\"\n\t\t\t\t\tsrc=\"https:\/\/dom-glina.hr\/wp-content\/gallery\/medunarodni-dan-starijih-osoba-2019\/thumbs\/thumbs_71272540_522083711935617_5357359668920320000_n.jpg\"\n\t\t\t\t\twidth=\"240\"\n\t\t\t\t\theight=\"160\"\n\t\t\t\t\tstyle=\"max-width:100%;\"\n\t\t\t\t\/>\n\t\t\t<\/a>\n\t\t<\/div>\n\t\t\t\t\t\t\t<\/div> \n\t\t\t\n\t\t\t\t<div id=\"ngg-image-2\" class=\"ngg-gallery-thumbnail-box \n\t\t\t\t\t\t\t\t\t\t\t\" \n\t\t\t>\n\t\t\t\t\t\t<div class=\"ngg-gallery-thumbnail\">\n\t\t\t<a href=\"https:\/\/dom-glina.hr\/wp-content\/gallery\/medunarodni-dan-starijih-osoba-2019\/71296402_522083195269002_369915951132442624_n.jpg\"\n\t\t\t\ttitle=\"\"\n\t\t\t\tdata-src=\"https:\/\/dom-glina.hr\/wp-content\/gallery\/medunarodni-dan-starijih-osoba-2019\/71296402_522083195269002_369915951132442624_n.jpg\"\n\t\t\t\tdata-thumbnail=\"https:\/\/dom-glina.hr\/wp-content\/gallery\/medunarodni-dan-starijih-osoba-2019\/thumbs\/thumbs_71296402_522083195269002_369915951132442624_n.jpg\"\n\t\t\t\tdata-image-id=\"672\"\n\t\t\t\tdata-title=\"71296402_522083195269002_369915951132442624_n\"\n\t\t\t\tdata-description=\"\"\n\t\t\t\tdata-image-slug=\"71296402_522083195269002_369915951132442624_n\"\n\t\t\t\tclass=\"ngg-fancybox\" rel=\"627f2b3d8d5ed353ccfd0538c68f856a\">\n\t\t\t\t<img\n\t\t\t\t\ttitle=\"71296402_522083195269002_369915951132442624_n\"\n\t\t\t\t\talt=\"71296402_522083195269002_369915951132442624_n\"\n\t\t\t\t\tsrc=\"https:\/\/dom-glina.hr\/wp-content\/gallery\/medunarodni-dan-starijih-osoba-2019\/thumbs\/thumbs_71296402_522083195269002_369915951132442624_n.jpg\"\n\t\t\t\t\twidth=\"240\"\n\t\t\t\t\theight=\"160\"\n\t\t\t\t\tstyle=\"max-width:100%;\"\n\t\t\t\t\/>\n\t\t\t<\/a>\n\t\t<\/div>\n\t\t\t\t\t\t\t<\/div> \n\t\t\t\n\t\t\t\t<div id=\"ngg-image-3\" class=\"ngg-gallery-thumbnail-box \n\t\t\t\t\t\t\t\t\t\t\t\" \n\t\t\t>\n\t\t\t\t\t\t<div class=\"ngg-gallery-thumbnail\">\n\t\t\t<a href=\"https:\/\/dom-glina.hr\/wp-content\/gallery\/medunarodni-dan-starijih-osoba-2019\/71475876_522084008602254_3679563727331393536_n.jpg\"\n\t\t\t\ttitle=\"\"\n\t\t\t\tdata-src=\"https:\/\/dom-glina.hr\/wp-content\/gallery\/medunarodni-dan-starijih-osoba-2019\/71475876_522084008602254_3679563727331393536_n.jpg\"\n\t\t\t\tdata-thumbnail=\"https:\/\/dom-glina.hr\/wp-content\/gallery\/medunarodni-dan-starijih-osoba-2019\/thumbs\/thumbs_71475876_522084008602254_3679563727331393536_n.jpg\"\n\t\t\t\tdata-image-id=\"673\"\n\t\t\t\tdata-title=\"71475876_522084008602254_3679563727331393536_n\"\n\t\t\t\tdata-description=\"\"\n\t\t\t\tdata-image-slug=\"71475876_522084008602254_3679563727331393536_n\"\n\t\t\t\tclass=\"ngg-fancybox\" rel=\"627f2b3d8d5ed353ccfd0538c68f856a\">\n\t\t\t\t<img\n\t\t\t\t\ttitle=\"71475876_522084008602254_3679563727331393536_n\"\n\t\t\t\t\talt=\"71475876_522084008602254_3679563727331393536_n\"\n\t\t\t\t\tsrc=\"https:\/\/dom-glina.hr\/wp-content\/gallery\/medunarodni-dan-starijih-osoba-2019\/thumbs\/thumbs_71475876_522084008602254_3679563727331393536_n.jpg\"\n\t\t\t\t\twidth=\"240\"\n\t\t\t\t\theight=\"160\"\n\t\t\t\t\tstyle=\"max-width:100%;\"\n\t\t\t\t\/>\n\t\t\t<\/a>\n\t\t<\/div>\n\t\t\t\t\t\t\t<\/div> \n\t\t\t\n\t\t\t\t<div id=\"ngg-image-4\" class=\"ngg-gallery-thumbnail-box \n\t\t\t\t\t\t\t\t\t\t\t\" \n\t\t\t>\n\t\t\t\t\t\t<div class=\"ngg-gallery-thumbnail\">\n\t\t\t<a href=\"https:\/\/dom-glina.hr\/wp-content\/gallery\/medunarodni-dan-starijih-osoba-2019\/71517379_522082648602390_5513244166898843648_n.jpg\"\n\t\t\t\ttitle=\"\"\n\t\t\t\tdata-src=\"https:\/\/dom-glina.hr\/wp-content\/gallery\/medunarodni-dan-starijih-osoba-2019\/71517379_522082648602390_5513244166898843648_n.jpg\"\n\t\t\t\tdata-thumbnail=\"https:\/\/dom-glina.hr\/wp-content\/gallery\/medunarodni-dan-starijih-osoba-2019\/thumbs\/thumbs_71517379_522082648602390_5513244166898843648_n.jpg\"\n\t\t\t\tdata-image-id=\"674\"\n\t\t\t\tdata-title=\"71517379_522082648602390_5513244166898843648_n\"\n\t\t\t\tdata-description=\"\"\n\t\t\t\tdata-image-slug=\"71517379_522082648602390_5513244166898843648_n\"\n\t\t\t\tclass=\"ngg-fancybox\" rel=\"627f2b3d8d5ed353ccfd0538c68f856a\">\n\t\t\t\t<img\n\t\t\t\t\ttitle=\"71517379_522082648602390_5513244166898843648_n\"\n\t\t\t\t\talt=\"71517379_522082648602390_5513244166898843648_n\"\n\t\t\t\t\tsrc=\"https:\/\/dom-glina.hr\/wp-content\/gallery\/medunarodni-dan-starijih-osoba-2019\/thumbs\/thumbs_71517379_522082648602390_5513244166898843648_n.jpg\"\n\t\t\t\t\twidth=\"240\"\n\t\t\t\t\theight=\"160\"\n\t\t\t\t\tstyle=\"max-width:100%;\"\n\t\t\t\t\/>\n\t\t\t<\/a>\n\t\t<\/div>\n\t\t\t\t\t\t\t<\/div> \n\t\t\t\n\t\t\t\t<div id=\"ngg-image-5\" class=\"ngg-gallery-thumbnail-box \n\t\t\t\t\t\t\t\t\t\t\t\" \n\t\t\t>\n\t\t\t\t\t\t<div class=\"ngg-gallery-thumbnail\">\n\t\t\t<a href=\"https:\/\/dom-glina.hr\/wp-content\/gallery\/medunarodni-dan-starijih-osoba-2019\/71592541_522082748602380_7309438930770722816_n.jpg\"\n\t\t\t\ttitle=\"\"\n\t\t\t\tdata-src=\"https:\/\/dom-glina.hr\/wp-content\/gallery\/medunarodni-dan-starijih-osoba-2019\/71592541_522082748602380_7309438930770722816_n.jpg\"\n\t\t\t\tdata-thumbnail=\"https:\/\/dom-glina.hr\/wp-content\/gallery\/medunarodni-dan-starijih-osoba-2019\/thumbs\/thumbs_71592541_522082748602380_7309438930770722816_n.jpg\"\n\t\t\t\tdata-image-id=\"675\"\n\t\t\t\tdata-title=\"71592541_522082748602380_7309438930770722816_n\"\n\t\t\t\tdata-description=\"\"\n\t\t\t\tdata-image-slug=\"71592541_522082748602380_7309438930770722816_n\"\n\t\t\t\tclass=\"ngg-fancybox\" rel=\"627f2b3d8d5ed353ccfd0538c68f856a\">\n\t\t\t\t<img\n\t\t\t\t\ttitle=\"71592541_522082748602380_7309438930770722816_n\"\n\t\t\t\t\talt=\"71592541_522082748602380_7309438930770722816_n\"\n\t\t\t\t\tsrc=\"https:\/\/dom-glina.hr\/wp-content\/gallery\/medunarodni-dan-starijih-osoba-2019\/thumbs\/thumbs_71592541_522082748602380_7309438930770722816_n.jpg\"\n\t\t\t\t\twidth=\"240\"\n\t\t\t\t\theight=\"160\"\n\t\t\t\t\tstyle=\"max-width:100%;\"\n\t\t\t\t\/>\n\t\t\t<\/a>\n\t\t<\/div>\n\t\t\t\t\t\t\t<\/div> \n\t\t\t\n\t\t\t\t<div id=\"ngg-image-6\" class=\"ngg-gallery-thumbnail-box \n\t\t\t\t\t\t\t\t\t\t\t\" \n\t\t\t>\n\t\t\t\t\t\t<div class=\"ngg-gallery-thumbnail\">\n\t\t\t<a href=\"https:\/\/dom-glina.hr\/wp-content\/gallery\/medunarodni-dan-starijih-osoba-2019\/71592764_522083808602274_3865883415836360704_n.jpg\"\n\t\t\t\ttitle=\"\"\n\t\t\t\tdata-src=\"https:\/\/dom-glina.hr\/wp-content\/gallery\/medunarodni-dan-starijih-osoba-2019\/71592764_522083808602274_3865883415836360704_n.jpg\"\n\t\t\t\tdata-thumbnail=\"https:\/\/dom-glina.hr\/wp-content\/gallery\/medunarodni-dan-starijih-osoba-2019\/thumbs\/thumbs_71592764_522083808602274_3865883415836360704_n.jpg\"\n\t\t\t\tdata-image-id=\"676\"\n\t\t\t\tdata-title=\"71592764_522083808602274_3865883415836360704_n\"\n\t\t\t\tdata-description=\"\"\n\t\t\t\tdata-image-slug=\"71592764_522083808602274_3865883415836360704_n\"\n\t\t\t\tclass=\"ngg-fancybox\" rel=\"627f2b3d8d5ed353ccfd0538c68f856a\">\n\t\t\t\t<img\n\t\t\t\t\ttitle=\"71592764_522083808602274_3865883415836360704_n\"\n\t\t\t\t\talt=\"71592764_522083808602274_3865883415836360704_n\"\n\t\t\t\t\tsrc=\"https:\/\/dom-glina.hr\/wp-content\/gallery\/medunarodni-dan-starijih-osoba-2019\/thumbs\/thumbs_71592764_522083808602274_3865883415836360704_n.jpg\"\n\t\t\t\t\twidth=\"240\"\n\t\t\t\t\theight=\"160\"\n\t\t\t\t\tstyle=\"max-width:100%;\"\n\t\t\t\t\/>\n\t\t\t<\/a>\n\t\t<\/div>\n\t\t\t\t\t\t\t<\/div> \n\t\t\t\n\t\t\t\t<div id=\"ngg-image-7\" class=\"ngg-gallery-thumbnail-box \n\t\t\t\t\t\t\t\t\t\t\t\" \n\t\t\t>\n\t\t\t\t\t\t<div class=\"ngg-gallery-thumbnail\">\n\t\t\t<a href=\"https:\/\/dom-glina.hr\/wp-content\/gallery\/medunarodni-dan-starijih-osoba-2019\/71593861_522083418602313_9089340409787711488_n.jpg\"\n\t\t\t\ttitle=\"\"\n\t\t\t\tdata-src=\"https:\/\/dom-glina.hr\/wp-content\/gallery\/medunarodni-dan-starijih-osoba-2019\/71593861_522083418602313_9089340409787711488_n.jpg\"\n\t\t\t\tdata-thumbnail=\"https:\/\/dom-glina.hr\/wp-content\/gallery\/medunarodni-dan-starijih-osoba-2019\/thumbs\/thumbs_71593861_522083418602313_9089340409787711488_n.jpg\"\n\t\t\t\tdata-image-id=\"677\"\n\t\t\t\tdata-title=\"71593861_522083418602313_9089340409787711488_n\"\n\t\t\t\tdata-description=\"\"\n\t\t\t\tdata-image-slug=\"71593861_522083418602313_9089340409787711488_n\"\n\t\t\t\tclass=\"ngg-fancybox\" rel=\"627f2b3d8d5ed353ccfd0538c68f856a\">\n\t\t\t\t<img\n\t\t\t\t\ttitle=\"71593861_522083418602313_9089340409787711488_n\"\n\t\t\t\t\talt=\"71593861_522083418602313_9089340409787711488_n\"\n\t\t\t\t\tsrc=\"https:\/\/dom-glina.hr\/wp-content\/gallery\/medunarodni-dan-starijih-osoba-2019\/thumbs\/thumbs_71593861_522083418602313_9089340409787711488_n.jpg\"\n\t\t\t\t\twidth=\"240\"\n\t\t\t\t\theight=\"160\"\n\t\t\t\t\tstyle=\"max-width:100%;\"\n\t\t\t\t\/>\n\t\t\t<\/a>\n\t\t<\/div>\n\t\t\t\t\t\t\t<\/div> \n\t\t\t\n\t\t\t\t<div id=\"ngg-image-8\" class=\"ngg-gallery-thumbnail-box \n\t\t\t\t\t\t\t\t\t\t\t\" \n\t\t\t>\n\t\t\t\t\t\t<div class=\"ngg-gallery-thumbnail\">\n\t\t\t<a href=\"https:\/\/dom-glina.hr\/wp-content\/gallery\/medunarodni-dan-starijih-osoba-2019\/71677874_522083321935656_3094272449252950016_n.jpg\"\n\t\t\t\ttitle=\"\"\n\t\t\t\tdata-src=\"https:\/\/dom-glina.hr\/wp-content\/gallery\/medunarodni-dan-starijih-osoba-2019\/71677874_522083321935656_3094272449252950016_n.jpg\"\n\t\t\t\tdata-thumbnail=\"https:\/\/dom-glina.hr\/wp-content\/gallery\/medunarodni-dan-starijih-osoba-2019\/thumbs\/thumbs_71677874_522083321935656_3094272449252950016_n.jpg\"\n\t\t\t\tdata-image-id=\"678\"\n\t\t\t\tdata-title=\"71677874_522083321935656_3094272449252950016_n\"\n\t\t\t\tdata-description=\"\"\n\t\t\t\tdata-image-slug=\"71677874_522083321935656_3094272449252950016_n\"\n\t\t\t\tclass=\"ngg-fancybox\" rel=\"627f2b3d8d5ed353ccfd0538c68f856a\">\n\t\t\t\t<img\n\t\t\t\t\ttitle=\"71677874_522083321935656_3094272449252950016_n\"\n\t\t\t\t\talt=\"71677874_522083321935656_3094272449252950016_n\"\n\t\t\t\t\tsrc=\"https:\/\/dom-glina.hr\/wp-content\/gallery\/medunarodni-dan-starijih-osoba-2019\/thumbs\/thumbs_71677874_522083321935656_3094272449252950016_n.jpg\"\n\t\t\t\t\twidth=\"240\"\n\t\t\t\t\theight=\"160\"\n\t\t\t\t\tstyle=\"max-width:100%;\"\n\t\t\t\t\/>\n\t\t\t<\/a>\n\t\t<\/div>\n\t\t\t\t\t\t\t<\/div> \n\t\t\t\n\t\t\t\t<div id=\"ngg-image-9\" class=\"ngg-gallery-thumbnail-box \n\t\t\t\t\t\t\t\t\t\t\t\" \n\t\t\t>\n\t\t\t\t\t\t<div class=\"ngg-gallery-thumbnail\">\n\t\t\t<a href=\"https:\/\/dom-glina.hr\/wp-content\/gallery\/medunarodni-dan-starijih-osoba-2019\/71784964_522083915268930_4021919659304419328_n.jpg\"\n\t\t\t\ttitle=\"\"\n\t\t\t\tdata-src=\"https:\/\/dom-glina.hr\/wp-content\/gallery\/medunarodni-dan-starijih-osoba-2019\/71784964_522083915268930_4021919659304419328_n.jpg\"\n\t\t\t\tdata-thumbnail=\"https:\/\/dom-glina.hr\/wp-content\/gallery\/medunarodni-dan-starijih-osoba-2019\/thumbs\/thumbs_71784964_522083915268930_4021919659304419328_n.jpg\"\n\t\t\t\tdata-image-id=\"679\"\n\t\t\t\tdata-title=\"71784964_522083915268930_4021919659304419328_n\"\n\t\t\t\tdata-description=\"\"\n\t\t\t\tdata-image-slug=\"71784964_522083915268930_4021919659304419328_n\"\n\t\t\t\tclass=\"ngg-fancybox\" rel=\"627f2b3d8d5ed353ccfd0538c68f856a\">\n\t\t\t\t<img\n\t\t\t\t\ttitle=\"71784964_522083915268930_4021919659304419328_n\"\n\t\t\t\t\talt=\"71784964_522083915268930_4021919659304419328_n\"\n\t\t\t\t\tsrc=\"https:\/\/dom-glina.hr\/wp-content\/gallery\/medunarodni-dan-starijih-osoba-2019\/thumbs\/thumbs_71784964_522083915268930_4021919659304419328_n.jpg\"\n\t\t\t\t\twidth=\"240\"\n\t\t\t\t\theight=\"160\"\n\t\t\t\t\tstyle=\"max-width:100%;\"\n\t\t\t\t\/>\n\t\t\t<\/a>\n\t\t<\/div>\n\t\t\t\t\t\t\t<\/div> \n\t\t\t\n\t\t\t\t<div id=\"ngg-image-10\" class=\"ngg-gallery-thumbnail-box \n\t\t\t\t\t\t\t\t\t\t\t\" \n\t\t\t>\n\t\t\t\t\t\t<div class=\"ngg-gallery-thumbnail\">\n\t\t\t<a href=\"https:\/\/dom-glina.hr\/wp-content\/gallery\/medunarodni-dan-starijih-osoba-2019\/71827252_522082985269023_8022704677898420224_n.jpg\"\n\t\t\t\ttitle=\"\"\n\t\t\t\tdata-src=\"https:\/\/dom-glina.hr\/wp-content\/gallery\/medunarodni-dan-starijih-osoba-2019\/71827252_522082985269023_8022704677898420224_n.jpg\"\n\t\t\t\tdata-thumbnail=\"https:\/\/dom-glina.hr\/wp-content\/gallery\/medunarodni-dan-starijih-osoba-2019\/thumbs\/thumbs_71827252_522082985269023_8022704677898420224_n.jpg\"\n\t\t\t\tdata-image-id=\"680\"\n\t\t\t\tdata-title=\"71827252_522082985269023_8022704677898420224_n\"\n\t\t\t\tdata-description=\"\"\n\t\t\t\tdata-image-slug=\"71827252_522082985269023_8022704677898420224_n\"\n\t\t\t\tclass=\"ngg-fancybox\" rel=\"627f2b3d8d5ed353ccfd0538c68f856a\">\n\t\t\t\t<img\n\t\t\t\t\ttitle=\"71827252_522082985269023_8022704677898420224_n\"\n\t\t\t\t\talt=\"71827252_522082985269023_8022704677898420224_n\"\n\t\t\t\t\tsrc=\"https:\/\/dom-glina.hr\/wp-content\/gallery\/medunarodni-dan-starijih-osoba-2019\/thumbs\/thumbs_71827252_522082985269023_8022704677898420224_n.jpg\"\n\t\t\t\t\twidth=\"240\"\n\t\t\t\t\theight=\"160\"\n\t\t\t\t\tstyle=\"max-width:100%;\"\n\t\t\t\t\/>\n\t\t\t<\/a>\n\t\t<\/div>\n\t\t\t\t\t\t\t<\/div> \n\t\t\t\n\t\t\t\t<div id=\"ngg-image-11\" class=\"ngg-gallery-thumbnail-box \n\t\t\t\t\t\t\t\t\t\t\t\" \n\t\t\t>\n\t\t\t\t\t\t<div class=\"ngg-gallery-thumbnail\">\n\t\t\t<a href=\"https:\/\/dom-glina.hr\/wp-content\/gallery\/medunarodni-dan-starijih-osoba-2019\/71872950_522082925269029_1923460967044218880_n.jpg\"\n\t\t\t\ttitle=\"\"\n\t\t\t\tdata-src=\"https:\/\/dom-glina.hr\/wp-content\/gallery\/medunarodni-dan-starijih-osoba-2019\/71872950_522082925269029_1923460967044218880_n.jpg\"\n\t\t\t\tdata-thumbnail=\"https:\/\/dom-glina.hr\/wp-content\/gallery\/medunarodni-dan-starijih-osoba-2019\/thumbs\/thumbs_71872950_522082925269029_1923460967044218880_n.jpg\"\n\t\t\t\tdata-image-id=\"681\"\n\t\t\t\tdata-title=\"71872950_522082925269029_1923460967044218880_n\"\n\t\t\t\tdata-description=\"\"\n\t\t\t\tdata-image-slug=\"71872950_522082925269029_1923460967044218880_n\"\n\t\t\t\tclass=\"ngg-fancybox\" rel=\"627f2b3d8d5ed353ccfd0538c68f856a\">\n\t\t\t\t<img\n\t\t\t\t\ttitle=\"71872950_522082925269029_1923460967044218880_n\"\n\t\t\t\t\talt=\"71872950_522082925269029_1923460967044218880_n\"\n\t\t\t\t\tsrc=\"https:\/\/dom-glina.hr\/wp-content\/gallery\/medunarodni-dan-starijih-osoba-2019\/thumbs\/thumbs_71872950_522082925269029_1923460967044218880_n.jpg\"\n\t\t\t\t\twidth=\"240\"\n\t\t\t\t\theight=\"160\"\n\t\t\t\t\tstyle=\"max-width:100%;\"\n\t\t\t\t\/>\n\t\t\t<\/a>\n\t\t<\/div>\n\t\t\t\t\t\t\t<\/div> \n\t\t\t\n\t\t\t\t<div id=\"ngg-image-12\" class=\"ngg-gallery-thumbnail-box \n\t\t\t\t\t\t\t\t\t\t\t\" \n\t\t\t>\n\t\t\t\t\t\t<div class=\"ngg-gallery-thumbnail\">\n\t\t\t<a href=\"https:\/\/dom-glina.hr\/wp-content\/gallery\/medunarodni-dan-starijih-osoba-2019\/71908707_522083048602350_9133481884632743936_n.jpg\"\n\t\t\t\ttitle=\"\"\n\t\t\t\tdata-src=\"https:\/\/dom-glina.hr\/wp-content\/gallery\/medunarodni-dan-starijih-osoba-2019\/71908707_522083048602350_9133481884632743936_n.jpg\"\n\t\t\t\tdata-thumbnail=\"https:\/\/dom-glina.hr\/wp-content\/gallery\/medunarodni-dan-starijih-osoba-2019\/thumbs\/thumbs_71908707_522083048602350_9133481884632743936_n.jpg\"\n\t\t\t\tdata-image-id=\"682\"\n\t\t\t\tdata-title=\"71908707_522083048602350_9133481884632743936_n\"\n\t\t\t\tdata-description=\"\"\n\t\t\t\tdata-image-slug=\"71908707_522083048602350_9133481884632743936_n\"\n\t\t\t\tclass=\"ngg-fancybox\" rel=\"627f2b3d8d5ed353ccfd0538c68f856a\">\n\t\t\t\t<img\n\t\t\t\t\ttitle=\"71908707_522083048602350_9133481884632743936_n\"\n\t\t\t\t\talt=\"71908707_522083048602350_9133481884632743936_n\"\n\t\t\t\t\tsrc=\"https:\/\/dom-glina.hr\/wp-content\/gallery\/medunarodni-dan-starijih-osoba-2019\/thumbs\/thumbs_71908707_522083048602350_9133481884632743936_n.jpg\"\n\t\t\t\t\twidth=\"240\"\n\t\t\t\t\theight=\"160\"\n\t\t\t\t\tstyle=\"max-width:100%;\"\n\t\t\t\t\/>\n\t\t\t<\/a>\n\t\t<\/div>\n\t\t\t\t\t\t\t<\/div> \n\t\t\t\n\t\t\t\t<div id=\"ngg-image-13\" class=\"ngg-gallery-thumbnail-box \n\t\t\t\t\t\t\t\t\t\t\t\" \n\t\t\t>\n\t\t\t\t\t\t<div class=\"ngg-gallery-thumbnail\">\n\t\t\t<a href=\"https:\/\/dom-glina.hr\/wp-content\/gallery\/medunarodni-dan-starijih-osoba-2019\/71949004_522082691935719_1294946074401701888_n.jpg\"\n\t\t\t\ttitle=\"\"\n\t\t\t\tdata-src=\"https:\/\/dom-glina.hr\/wp-content\/gallery\/medunarodni-dan-starijih-osoba-2019\/71949004_522082691935719_1294946074401701888_n.jpg\"\n\t\t\t\tdata-thumbnail=\"https:\/\/dom-glina.hr\/wp-content\/gallery\/medunarodni-dan-starijih-osoba-2019\/thumbs\/thumbs_71949004_522082691935719_1294946074401701888_n.jpg\"\n\t\t\t\tdata-image-id=\"683\"\n\t\t\t\tdata-title=\"71949004_522082691935719_1294946074401701888_n\"\n\t\t\t\tdata-description=\"\"\n\t\t\t\tdata-image-slug=\"71949004_522082691935719_1294946074401701888_n\"\n\t\t\t\tclass=\"ngg-fancybox\" rel=\"627f2b3d8d5ed353ccfd0538c68f856a\">\n\t\t\t\t<img\n\t\t\t\t\ttitle=\"71949004_522082691935719_1294946074401701888_n\"\n\t\t\t\t\talt=\"71949004_522082691935719_1294946074401701888_n\"\n\t\t\t\t\tsrc=\"https:\/\/dom-glina.hr\/wp-content\/gallery\/medunarodni-dan-starijih-osoba-2019\/thumbs\/thumbs_71949004_522082691935719_1294946074401701888_n.jpg\"\n\t\t\t\t\twidth=\"240\"\n\t\t\t\t\theight=\"160\"\n\t\t\t\t\tstyle=\"max-width:100%;\"\n\t\t\t\t\/>\n\t\t\t<\/a>\n\t\t<\/div>\n\t\t\t\t\t\t\t<\/div> \n\t\t\t\n\t\t\t\t<div id=\"ngg-image-14\" class=\"ngg-gallery-thumbnail-box \n\t\t\t\t\t\t\t\t\t\t\t\" \n\t\t\t>\n\t\t\t\t\t\t<div class=\"ngg-gallery-thumbnail\">\n\t\t\t<a href=\"https:\/\/dom-glina.hr\/wp-content\/gallery\/medunarodni-dan-starijih-osoba-2019\/72099994_522083571935631_3821220665105580032_n.jpg\"\n\t\t\t\ttitle=\"\"\n\t\t\t\tdata-src=\"https:\/\/dom-glina.hr\/wp-content\/gallery\/medunarodni-dan-starijih-osoba-2019\/72099994_522083571935631_3821220665105580032_n.jpg\"\n\t\t\t\tdata-thumbnail=\"https:\/\/dom-glina.hr\/wp-content\/gallery\/medunarodni-dan-starijih-osoba-2019\/thumbs\/thumbs_72099994_522083571935631_3821220665105580032_n.jpg\"\n\t\t\t\tdata-image-id=\"684\"\n\t\t\t\tdata-title=\"72099994_522083571935631_3821220665105580032_n\"\n\t\t\t\tdata-description=\"\"\n\t\t\t\tdata-image-slug=\"72099994_522083571935631_3821220665105580032_n\"\n\t\t\t\tclass=\"ngg-fancybox\" rel=\"627f2b3d8d5ed353ccfd0538c68f856a\">\n\t\t\t\t<img\n\t\t\t\t\ttitle=\"72099994_522083571935631_3821220665105580032_n\"\n\t\t\t\t\talt=\"72099994_522083571935631_3821220665105580032_n\"\n\t\t\t\t\tsrc=\"https:\/\/dom-glina.hr\/wp-content\/gallery\/medunarodni-dan-starijih-osoba-2019\/thumbs\/thumbs_72099994_522083571935631_3821220665105580032_n.jpg\"\n\t\t\t\t\twidth=\"240\"\n\t\t\t\t\theight=\"160\"\n\t\t\t\t\tstyle=\"max-width:100%;\"\n\t\t\t\t\/>\n\t\t\t<\/a>\n\t\t<\/div>\n\t\t\t\t\t\t\t<\/div> \n\t\t\t\n\t\t\t\t<div id=\"ngg-image-15\" class=\"ngg-gallery-thumbnail-box \n\t\t\t\t\t\t\t\t\t\t\t\" \n\t\t\t>\n\t\t\t\t\t\t<div class=\"ngg-gallery-thumbnail\">\n\t\t\t<a href=\"https:\/\/dom-glina.hr\/wp-content\/gallery\/medunarodni-dan-starijih-osoba-2019\/72215527_522083878602267_7460767035383873536_n.jpg\"\n\t\t\t\ttitle=\"\"\n\t\t\t\tdata-src=\"https:\/\/dom-glina.hr\/wp-content\/gallery\/medunarodni-dan-starijih-osoba-2019\/72215527_522083878602267_7460767035383873536_n.jpg\"\n\t\t\t\tdata-thumbnail=\"https:\/\/dom-glina.hr\/wp-content\/gallery\/medunarodni-dan-starijih-osoba-2019\/thumbs\/thumbs_72215527_522083878602267_7460767035383873536_n.jpg\"\n\t\t\t\tdata-image-id=\"685\"\n\t\t\t\tdata-title=\"72215527_522083878602267_7460767035383873536_n\"\n\t\t\t\tdata-description=\"\"\n\t\t\t\tdata-image-slug=\"72215527_522083878602267_7460767035383873536_n\"\n\t\t\t\tclass=\"ngg-fancybox\" rel=\"627f2b3d8d5ed353ccfd0538c68f856a\">\n\t\t\t\t<img\n\t\t\t\t\ttitle=\"72215527_522083878602267_7460767035383873536_n\"\n\t\t\t\t\talt=\"72215527_522083878602267_7460767035383873536_n\"\n\t\t\t\t\tsrc=\"https:\/\/dom-glina.hr\/wp-content\/gallery\/medunarodni-dan-starijih-osoba-2019\/thumbs\/thumbs_72215527_522083878602267_7460767035383873536_n.jpg\"\n\t\t\t\t\twidth=\"240\"\n\t\t\t\t\theight=\"160\"\n\t\t\t\t\tstyle=\"max-width:100%;\"\n\t\t\t\t\/>\n\t\t\t<\/a>\n\t\t<\/div>\n\t\t\t\t\t\t\t<\/div> \n\t\t\t\n\t\t\t\t<div id=\"ngg-image-16\" class=\"ngg-gallery-thumbnail-box \n\t\t\t\t\t\t\t\t\t\t\t\" \n\t\t\t>\n\t\t\t\t\t\t<div class=\"ngg-gallery-thumbnail\">\n\t\t\t<a href=\"https:\/\/dom-glina.hr\/wp-content\/gallery\/medunarodni-dan-starijih-osoba-2019\/72289446_522083488602306_4851237196591529984_n.jpg\"\n\t\t\t\ttitle=\"\"\n\t\t\t\tdata-src=\"https:\/\/dom-glina.hr\/wp-content\/gallery\/medunarodni-dan-starijih-osoba-2019\/72289446_522083488602306_4851237196591529984_n.jpg\"\n\t\t\t\tdata-thumbnail=\"https:\/\/dom-glina.hr\/wp-content\/gallery\/medunarodni-dan-starijih-osoba-2019\/thumbs\/thumbs_72289446_522083488602306_4851237196591529984_n.jpg\"\n\t\t\t\tdata-image-id=\"686\"\n\t\t\t\tdata-title=\"72289446_522083488602306_4851237196591529984_n\"\n\t\t\t\tdata-description=\"\"\n\t\t\t\tdata-image-slug=\"72289446_522083488602306_4851237196591529984_n\"\n\t\t\t\tclass=\"ngg-fancybox\" rel=\"627f2b3d8d5ed353ccfd0538c68f856a\">\n\t\t\t\t<img\n\t\t\t\t\ttitle=\"72289446_522083488602306_4851237196591529984_n\"\n\t\t\t\t\talt=\"72289446_522083488602306_4851237196591529984_n\"\n\t\t\t\t\tsrc=\"https:\/\/dom-glina.hr\/wp-content\/gallery\/medunarodni-dan-starijih-osoba-2019\/thumbs\/thumbs_72289446_522083488602306_4851237196591529984_n.jpg\"\n\t\t\t\t\twidth=\"240\"\n\t\t\t\t\theight=\"160\"\n\t\t\t\t\tstyle=\"max-width:100%;\"\n\t\t\t\t\/>\n\t\t\t<\/a>\n\t\t<\/div>\n\t\t\t\t\t\t\t<\/div> \n\t\t\t\n\t\t\t\t<div id=\"ngg-image-17\" class=\"ngg-gallery-thumbnail-box \n\t\t\t\t\t\t\t\t\t\t\t\" \n\t\t\t>\n\t\t\t\t\t\t<div class=\"ngg-gallery-thumbnail\">\n\t\t\t<a href=\"https:\/\/dom-glina.hr\/wp-content\/gallery\/medunarodni-dan-starijih-osoba-2019\/72470572_522082851935703_8171668003583164416_n.jpg\"\n\t\t\t\ttitle=\"\"\n\t\t\t\tdata-src=\"https:\/\/dom-glina.hr\/wp-content\/gallery\/medunarodni-dan-starijih-osoba-2019\/72470572_522082851935703_8171668003583164416_n.jpg\"\n\t\t\t\tdata-thumbnail=\"https:\/\/dom-glina.hr\/wp-content\/gallery\/medunarodni-dan-starijih-osoba-2019\/thumbs\/thumbs_72470572_522082851935703_8171668003583164416_n.jpg\"\n\t\t\t\tdata-image-id=\"687\"\n\t\t\t\tdata-title=\"72470572_522082851935703_8171668003583164416_n\"\n\t\t\t\tdata-description=\"\"\n\t\t\t\tdata-image-slug=\"72470572_522082851935703_8171668003583164416_n\"\n\t\t\t\tclass=\"ngg-fancybox\" rel=\"627f2b3d8d5ed353ccfd0538c68f856a\">\n\t\t\t\t<img\n\t\t\t\t\ttitle=\"72470572_522082851935703_8171668003583164416_n\"\n\t\t\t\t\talt=\"72470572_522082851935703_8171668003583164416_n\"\n\t\t\t\t\tsrc=\"https:\/\/dom-glina.hr\/wp-content\/gallery\/medunarodni-dan-starijih-osoba-2019\/thumbs\/thumbs_72470572_522082851935703_8171668003583164416_n.jpg\"\n\t\t\t\t\twidth=\"240\"\n\t\t\t\t\theight=\"160\"\n\t\t\t\t\tstyle=\"max-width:100%;\"\n\t\t\t\t\/>\n\t\t\t<\/a>\n\t\t<\/div>\n\t\t\t\t\t\t\t<\/div> \n\t\t\t\n\t\t\t\t<div id=\"ngg-image-18\" class=\"ngg-gallery-thumbnail-box \n\t\t\t\t\t\t\t\t\t\t\t\" \n\t\t\t>\n\t\t\t\t\t\t<div class=\"ngg-gallery-thumbnail\">\n\t\t\t<a href=\"https:\/\/dom-glina.hr\/wp-content\/gallery\/medunarodni-dan-starijih-osoba-2019\/72482910_522083248602330_1412775641719242752_n.jpg\"\n\t\t\t\ttitle=\"\"\n\t\t\t\tdata-src=\"https:\/\/dom-glina.hr\/wp-content\/gallery\/medunarodni-dan-starijih-osoba-2019\/72482910_522083248602330_1412775641719242752_n.jpg\"\n\t\t\t\tdata-thumbnail=\"https:\/\/dom-glina.hr\/wp-content\/gallery\/medunarodni-dan-starijih-osoba-2019\/thumbs\/thumbs_72482910_522083248602330_1412775641719242752_n.jpg\"\n\t\t\t\tdata-image-id=\"688\"\n\t\t\t\tdata-title=\"72482910_522083248602330_1412775641719242752_n\"\n\t\t\t\tdata-description=\"\"\n\t\t\t\tdata-image-slug=\"72482910_522083248602330_1412775641719242752_n\"\n\t\t\t\tclass=\"ngg-fancybox\" rel=\"627f2b3d8d5ed353ccfd0538c68f856a\">\n\t\t\t\t<img\n\t\t\t\t\ttitle=\"72482910_522083248602330_1412775641719242752_n\"\n\t\t\t\t\talt=\"72482910_522083248602330_1412775641719242752_n\"\n\t\t\t\t\tsrc=\"https:\/\/dom-glina.hr\/wp-content\/gallery\/medunarodni-dan-starijih-osoba-2019\/thumbs\/thumbs_72482910_522083248602330_1412775641719242752_n.jpg\"\n\t\t\t\t\twidth=\"240\"\n\t\t\t\t\theight=\"160\"\n\t\t\t\t\tstyle=\"max-width:100%;\"\n\t\t\t\t\/>\n\t\t\t<\/a>\n\t\t<\/div>\n\t\t\t\t\t\t\t<\/div> \n\t\t\t\n\t\t\t\t<div id=\"ngg-image-19\" class=\"ngg-gallery-thumbnail-box \n\t\t\t\t\t\t\t\t\t\t\t\" \n\t\t\t>\n\t\t\t\t\t\t<div class=\"ngg-gallery-thumbnail\">\n\t\t\t<a href=\"https:\/\/dom-glina.hr\/wp-content\/gallery\/medunarodni-dan-starijih-osoba-2019\/72538594_522084041935584_5963417715170344960_n.jpg\"\n\t\t\t\ttitle=\"\"\n\t\t\t\tdata-src=\"https:\/\/dom-glina.hr\/wp-content\/gallery\/medunarodni-dan-starijih-osoba-2019\/72538594_522084041935584_5963417715170344960_n.jpg\"\n\t\t\t\tdata-thumbnail=\"https:\/\/dom-glina.hr\/wp-content\/gallery\/medunarodni-dan-starijih-osoba-2019\/thumbs\/thumbs_72538594_522084041935584_5963417715170344960_n.jpg\"\n\t\t\t\tdata-image-id=\"689\"\n\t\t\t\tdata-title=\"72538594_522084041935584_5963417715170344960_n\"\n\t\t\t\tdata-description=\"\"\n\t\t\t\tdata-image-slug=\"72538594_522084041935584_5963417715170344960_n\"\n\t\t\t\tclass=\"ngg-fancybox\" rel=\"627f2b3d8d5ed353ccfd0538c68f856a\">\n\t\t\t\t<img\n\t\t\t\t\ttitle=\"72538594_522084041935584_5963417715170344960_n\"\n\t\t\t\t\talt=\"72538594_522084041935584_5963417715170344960_n\"\n\t\t\t\t\tsrc=\"https:\/\/dom-glina.hr\/wp-content\/gallery\/medunarodni-dan-starijih-osoba-2019\/thumbs\/thumbs_72538594_522084041935584_5963417715170344960_n.jpg\"\n\t\t\t\t\twidth=\"240\"\n\t\t\t\t\theight=\"160\"\n\t\t\t\t\tstyle=\"max-width:100%;\"\n\t\t\t\t\/>\n\t\t\t<\/a>\n\t\t<\/div>\n\t\t\t\t\t\t\t<\/div> \n\t\t\t\n\t\t\t\t<div id=\"ngg-image-20\" class=\"ngg-gallery-thumbnail-box \n\t\t\t\t\t\t\t\t\t\t\t\" \n\t\t\t>\n\t\t\t\t\t\t<div class=\"ngg-gallery-thumbnail\">\n\t\t\t<a href=\"https:\/\/dom-glina.hr\/wp-content\/gallery\/medunarodni-dan-starijih-osoba-2019\/72675405_522083615268960_4472910415298297856_n.jpg\"\n\t\t\t\ttitle=\"\"\n\t\t\t\tdata-src=\"https:\/\/dom-glina.hr\/wp-content\/gallery\/medunarodni-dan-starijih-osoba-2019\/72675405_522083615268960_4472910415298297856_n.jpg\"\n\t\t\t\tdata-thumbnail=\"https:\/\/dom-glina.hr\/wp-content\/gallery\/medunarodni-dan-starijih-osoba-2019\/thumbs\/thumbs_72675405_522083615268960_4472910415298297856_n.jpg\"\n\t\t\t\tdata-image-id=\"690\"\n\t\t\t\tdata-title=\"72675405_522083615268960_4472910415298297856_n\"\n\t\t\t\tdata-description=\"\"\n\t\t\t\tdata-image-slug=\"72675405_522083615268960_4472910415298297856_n\"\n\t\t\t\tclass=\"ngg-fancybox\" rel=\"627f2b3d8d5ed353ccfd0538c68f856a\">\n\t\t\t\t<img\n\t\t\t\t\ttitle=\"72675405_522083615268960_4472910415298297856_n\"\n\t\t\t\t\talt=\"72675405_522083615268960_4472910415298297856_n\"\n\t\t\t\t\tsrc=\"https:\/\/dom-glina.hr\/wp-content\/gallery\/medunarodni-dan-starijih-osoba-2019\/thumbs\/thumbs_72675405_522083615268960_4472910415298297856_n.jpg\"\n\t\t\t\t\twidth=\"240\"\n\t\t\t\t\theight=\"160\"\n\t\t\t\t\tstyle=\"max-width:100%;\"\n\t\t\t\t\/>\n\t\t\t<\/a>\n\t\t<\/div>\n\t\t\t\t\t\t\t<\/div> \n\t\t\t\n\t\n\t<br style=\"clear: both\" \/>\n\n\t\n\t\t<!-- Pagination -->\n\t\t<div class='ngg-clear'><\/div>\t<\/div>\n\n<p>&nbsp;<\/p>\n<p><strong>PS-PORTAL.EU<\/strong><\/p>\n<p><span style=\"color: #3366ff;\"><a style=\"color: #3366ff;\" href=\"https:\/\/www.ps-portal.eu\/2019\/10\/02\/aktivni-i-raspjevani-i-u-zlatnim-godinama\/?fbclid=IwAR2q7J63aZ3mI1C-MgTTP5tuUQvBX-O8StZ3DVebwFDmvFzyqcDuf6bCm9w\" target=\"_blank\" rel=\"noopener\"><span style=\"text-decoration: underline;\"><em>https:\/\/www.ps-portal.eu\/2019\/10\/02\/aktivni-i-raspjevani-i-u-zlatnim-godinama\/?fbclid=IwAR2q7J63aZ3mI1C-MgTTP5tuUQvBX-O8StZ3DVebwFDmvFzyqcDuf6bCm9w<\/em><\/span><\/a><\/span><\/p>\n<p>&nbsp;<\/p>\n","protected":false},"excerpt":{"rendered":"<p>Me\u0111unarodni dan starijih osoba uz promociju zbirke na\u0161eg korisnika Adama Hota koja sadr\u017ei literarne pjesme i fotografije na\u0161e prve godine rada. Dana 2. listopada 2019.godine Dom za starije osobe Glina sve\u010dano je proslavio Me\u0111unarodni dan starijih osoba uz promociju zbirke na\u0161eg korisnika Adama Hota koja sadr\u017ei literarne pjesme i fotografije na\u0161e prve godine rada. Urednice&hellip;<\/p>\n","protected":false},"author":1,"featured_media":2782,"comment_status":"closed","ping_status":"closed","sticky":false,"template":"","format":"standard","meta":{"_monsterinsights_skip_tracking":false,"_monsterinsights_sitenote_active":false,"_monsterinsights_sitenote_note":"","_monsterinsights_sitenote_category":0,"ngg_post_thumbnail":0,"footnotes":""},"categories":[2],"tags":[],"aioseo_notices":[],"_links":{"self":[{"href":"https:\/\/dom-glina.hr\/index.php?rest_route=\/wp\/v2\/posts\/2753"}],"collection":[{"href":"https:\/\/dom-glina.hr\/index.php?rest_route=\/wp\/v2\/posts"}],"about":[{"href":"https:\/\/dom-glina.hr\/index.php?rest_route=\/wp\/v2\/types\/post"}],"author":[{"embeddable":true,"href":"https:\/\/dom-glina.hr\/index.php?rest_route=\/wp\/v2\/users\/1"}],"replies":[{"embeddable":true,"href":"https:\/\/dom-glina.hr\/index.php?rest_route=%2Fwp%2Fv2%2Fcomments&post=2753"}],"version-history":[{"count":2,"href":"https:\/\/dom-glina.hr\/index.php?rest_route=\/wp\/v2\/posts\/2753\/revisions"}],"predecessor-version":[{"id":2800,"href":"https:\/\/dom-glina.hr\/index.php?rest_route=\/wp\/v2\/posts\/2753\/revisions\/2800"}],"wp:featuredmedia":[{"embeddable":true,"href":"https:\/\/dom-glina.hr\/index.php?rest_route=\/wp\/v2\/media\/2782"}],"wp:attachment":[{"href":"https:\/\/dom-glina.hr\/index.php?rest_route=%2Fwp%2Fv2%2Fmedia&parent=2753"}],"wp:term":[{"taxonomy":"category","embeddable":true,"href":"https:\/\/dom-glina.hr\/index.php?rest_route=%2Fwp%2Fv2%2Fcategories&post=2753"},{"taxonomy":"post_tag","embeddable":true,"href":"https:\/\/dom-glina.hr\/index.php?rest_route=%2Fwp%2Fv2%2Ftags&post=2753"}],"curies":[{"name":"wp","href":"https:\/\/api.w.org\/{rel}","templated":true}]}}