{"id":2736,"date":"2019-08-08T07:37:34","date_gmt":"2019-08-08T05:37:34","guid":{"rendered":"http:\/\/dom-glina.hr\/?p=2736"},"modified":"2019-09-03T07:39:15","modified_gmt":"2019-09-03T05:39:15","slug":"ljetna-likovna-radionica-2019","status":"publish","type":"post","link":"https:\/\/dom-glina.hr\/?p=2736","title":{"rendered":"Ljetna likovna radionica 2019."},"content":{"rendered":"<p style=\"text-align: justify;\">Dana 8.8.2019.godine korisnici Doma su se jo\u0161 jednom pridru\u017eili najmla\u0111ima na ljetnim likovnim radionicama u Knji\u017enici i \u010ditaonici Glina.<\/p>\n<p>&nbsp;<\/p>\n<!-- default-view.php -->\n<div\n\tclass=\"ngg-galleryoverview default-view \n\t ngg-ajax-pagination-none\t\"\n\tid=\"ngg-gallery-437ffdfa5b07e69643551831b5c963d6-1\">\n\n\t\t<!-- Thumbnails -->\n\t\t\t\t<div id=\"ngg-image-0\" class=\"ngg-gallery-thumbnail-box \n\t\t\t\t\t\t\t\t\t\t\t\" \n\t\t\t>\n\t\t\t\t\t\t<div class=\"ngg-gallery-thumbnail\">\n\t\t\t<a href=\"https:\/\/dom-glina.hr\/wp-content\/gallery\/ljetna-likovna-radionica-2019\/67753726_487144798762842_495530473091497984_n.jpg\"\n\t\t\t\ttitle=\"\"\n\t\t\t\tdata-src=\"https:\/\/dom-glina.hr\/wp-content\/gallery\/ljetna-likovna-radionica-2019\/67753726_487144798762842_495530473091497984_n.jpg\"\n\t\t\t\tdata-thumbnail=\"https:\/\/dom-glina.hr\/wp-content\/gallery\/ljetna-likovna-radionica-2019\/thumbs\/thumbs_67753726_487144798762842_495530473091497984_n.jpg\"\n\t\t\t\tdata-image-id=\"626\"\n\t\t\t\tdata-title=\"67753726_487144798762842_495530473091497984_n\"\n\t\t\t\tdata-description=\"\"\n\t\t\t\tdata-image-slug=\"67753726_487144798762842_495530473091497984_n\"\n\t\t\t\tclass=\"ngg-fancybox\" rel=\"437ffdfa5b07e69643551831b5c963d6\">\n\t\t\t\t<img\n\t\t\t\t\ttitle=\"67753726_487144798762842_495530473091497984_n\"\n\t\t\t\t\talt=\"67753726_487144798762842_495530473091497984_n\"\n\t\t\t\t\tsrc=\"https:\/\/dom-glina.hr\/wp-content\/gallery\/ljetna-likovna-radionica-2019\/thumbs\/thumbs_67753726_487144798762842_495530473091497984_n.jpg\"\n\t\t\t\t\twidth=\"240\"\n\t\t\t\t\theight=\"160\"\n\t\t\t\t\tstyle=\"max-width:100%;\"\n\t\t\t\t\/>\n\t\t\t<\/a>\n\t\t<\/div>\n\t\t\t\t\t\t\t<\/div> \n\t\t\t\n\t\t\t\t<div id=\"ngg-image-1\" class=\"ngg-gallery-thumbnail-box \n\t\t\t\t\t\t\t\t\t\t\t\" \n\t\t\t>\n\t\t\t\t\t\t<div class=\"ngg-gallery-thumbnail\">\n\t\t\t<a href=\"https:\/\/dom-glina.hr\/wp-content\/gallery\/ljetna-likovna-radionica-2019\/67759179_487144762096179_6063718825168207872_n.jpg\"\n\t\t\t\ttitle=\"\"\n\t\t\t\tdata-src=\"https:\/\/dom-glina.hr\/wp-content\/gallery\/ljetna-likovna-radionica-2019\/67759179_487144762096179_6063718825168207872_n.jpg\"\n\t\t\t\tdata-thumbnail=\"https:\/\/dom-glina.hr\/wp-content\/gallery\/ljetna-likovna-radionica-2019\/thumbs\/thumbs_67759179_487144762096179_6063718825168207872_n.jpg\"\n\t\t\t\tdata-image-id=\"627\"\n\t\t\t\tdata-title=\"67759179_487144762096179_6063718825168207872_n\"\n\t\t\t\tdata-description=\"\"\n\t\t\t\tdata-image-slug=\"67759179_487144762096179_6063718825168207872_n\"\n\t\t\t\tclass=\"ngg-fancybox\" rel=\"437ffdfa5b07e69643551831b5c963d6\">\n\t\t\t\t<img\n\t\t\t\t\ttitle=\"67759179_487144762096179_6063718825168207872_n\"\n\t\t\t\t\talt=\"67759179_487144762096179_6063718825168207872_n\"\n\t\t\t\t\tsrc=\"https:\/\/dom-glina.hr\/wp-content\/gallery\/ljetna-likovna-radionica-2019\/thumbs\/thumbs_67759179_487144762096179_6063718825168207872_n.jpg\"\n\t\t\t\t\twidth=\"240\"\n\t\t\t\t\theight=\"160\"\n\t\t\t\t\tstyle=\"max-width:100%;\"\n\t\t\t\t\/>\n\t\t\t<\/a>\n\t\t<\/div>\n\t\t\t\t\t\t\t<\/div> \n\t\t\t\n\t\t\t\t<div id=\"ngg-image-2\" class=\"ngg-gallery-thumbnail-box \n\t\t\t\t\t\t\t\t\t\t\t\" \n\t\t\t>\n\t\t\t\t\t\t<div class=\"ngg-gallery-thumbnail\">\n\t\t\t<a href=\"https:\/\/dom-glina.hr\/wp-content\/gallery\/ljetna-likovna-radionica-2019\/67893315_487144828762839_1234722949215289344_n.jpg\"\n\t\t\t\ttitle=\"\"\n\t\t\t\tdata-src=\"https:\/\/dom-glina.hr\/wp-content\/gallery\/ljetna-likovna-radionica-2019\/67893315_487144828762839_1234722949215289344_n.jpg\"\n\t\t\t\tdata-thumbnail=\"https:\/\/dom-glina.hr\/wp-content\/gallery\/ljetna-likovna-radionica-2019\/thumbs\/thumbs_67893315_487144828762839_1234722949215289344_n.jpg\"\n\t\t\t\tdata-image-id=\"628\"\n\t\t\t\tdata-title=\"67893315_487144828762839_1234722949215289344_n\"\n\t\t\t\tdata-description=\"\"\n\t\t\t\tdata-image-slug=\"67893315_487144828762839_1234722949215289344_n\"\n\t\t\t\tclass=\"ngg-fancybox\" rel=\"437ffdfa5b07e69643551831b5c963d6\">\n\t\t\t\t<img\n\t\t\t\t\ttitle=\"67893315_487144828762839_1234722949215289344_n\"\n\t\t\t\t\talt=\"67893315_487144828762839_1234722949215289344_n\"\n\t\t\t\t\tsrc=\"https:\/\/dom-glina.hr\/wp-content\/gallery\/ljetna-likovna-radionica-2019\/thumbs\/thumbs_67893315_487144828762839_1234722949215289344_n.jpg\"\n\t\t\t\t\twidth=\"240\"\n\t\t\t\t\theight=\"160\"\n\t\t\t\t\tstyle=\"max-width:100%;\"\n\t\t\t\t\/>\n\t\t\t<\/a>\n\t\t<\/div>\n\t\t\t\t\t\t\t<\/div> \n\t\t\t\n\t\t\t\t<div id=\"ngg-image-3\" class=\"ngg-gallery-thumbnail-box \n\t\t\t\t\t\t\t\t\t\t\t\" \n\t\t\t>\n\t\t\t\t\t\t<div class=\"ngg-gallery-thumbnail\">\n\t\t\t<a href=\"https:\/\/dom-glina.hr\/wp-content\/gallery\/ljetna-likovna-radionica-2019\/67961762_487144722096183_7048023220858912768_n.jpg\"\n\t\t\t\ttitle=\"\"\n\t\t\t\tdata-src=\"https:\/\/dom-glina.hr\/wp-content\/gallery\/ljetna-likovna-radionica-2019\/67961762_487144722096183_7048023220858912768_n.jpg\"\n\t\t\t\tdata-thumbnail=\"https:\/\/dom-glina.hr\/wp-content\/gallery\/ljetna-likovna-radionica-2019\/thumbs\/thumbs_67961762_487144722096183_7048023220858912768_n.jpg\"\n\t\t\t\tdata-image-id=\"629\"\n\t\t\t\tdata-title=\"67961762_487144722096183_7048023220858912768_n\"\n\t\t\t\tdata-description=\"\"\n\t\t\t\tdata-image-slug=\"67961762_487144722096183_7048023220858912768_n\"\n\t\t\t\tclass=\"ngg-fancybox\" rel=\"437ffdfa5b07e69643551831b5c963d6\">\n\t\t\t\t<img\n\t\t\t\t\ttitle=\"67961762_487144722096183_7048023220858912768_n\"\n\t\t\t\t\talt=\"67961762_487144722096183_7048023220858912768_n\"\n\t\t\t\t\tsrc=\"https:\/\/dom-glina.hr\/wp-content\/gallery\/ljetna-likovna-radionica-2019\/thumbs\/thumbs_67961762_487144722096183_7048023220858912768_n.jpg\"\n\t\t\t\t\twidth=\"240\"\n\t\t\t\t\theight=\"160\"\n\t\t\t\t\tstyle=\"max-width:100%;\"\n\t\t\t\t\/>\n\t\t\t<\/a>\n\t\t<\/div>\n\t\t\t\t\t\t\t<\/div> \n\t\t\t\n\t\n\t<br style=\"clear: both\" \/>\n\n\t\n\t\t<!-- Pagination -->\n\t\t<div class='ngg-clear'><\/div>\t<\/div>\n\n","protected":false},"excerpt":{"rendered":"<p>Dana 8.8.2019.godine korisnici Doma su se jo\u0161 jednom pridru\u017eili najmla\u0111ima na ljetnim likovnim radionicama u Knji\u017enici i \u010ditaonici Glina. &nbsp; &#8221; order_by=&#8221;sortorder&#8221; order_direction=&#8221;ASC&#8221; returns=&#8221;included&#8221; maximum_entity_count=&#8221;500&#8243;]<\/p>\n","protected":false},"author":1,"featured_media":2737,"comment_status":"closed","ping_status":"closed","sticky":false,"template":"","format":"standard","meta":{"_monsterinsights_skip_tracking":false,"_monsterinsights_sitenote_active":false,"_monsterinsights_sitenote_note":"","_monsterinsights_sitenote_category":0,"ngg_post_thumbnail":0,"footnotes":""},"categories":[2],"tags":[],"aioseo_notices":[],"_links":{"self":[{"href":"https:\/\/dom-glina.hr\/index.php?rest_route=\/wp\/v2\/posts\/2736"}],"collection":[{"href":"https:\/\/dom-glina.hr\/index.php?rest_route=\/wp\/v2\/posts"}],"about":[{"href":"https:\/\/dom-glina.hr\/index.php?rest_route=\/wp\/v2\/types\/post"}],"author":[{"embeddable":true,"href":"https:\/\/dom-glina.hr\/index.php?rest_route=\/wp\/v2\/users\/1"}],"replies":[{"embeddable":true,"href":"https:\/\/dom-glina.hr\/index.php?rest_route=%2Fwp%2Fv2%2Fcomments&post=2736"}],"version-history":[{"count":1,"href":"https:\/\/dom-glina.hr\/index.php?rest_route=\/wp\/v2\/posts\/2736\/revisions"}],"predecessor-version":[{"id":2738,"href":"https:\/\/dom-glina.hr\/index.php?rest_route=\/wp\/v2\/posts\/2736\/revisions\/2738"}],"wp:featuredmedia":[{"embeddable":true,"href":"https:\/\/dom-glina.hr\/index.php?rest_route=\/wp\/v2\/media\/2737"}],"wp:attachment":[{"href":"https:\/\/dom-glina.hr\/index.php?rest_route=%2Fwp%2Fv2%2Fmedia&parent=2736"}],"wp:term":[{"taxonomy":"category","embeddable":true,"href":"https:\/\/dom-glina.hr\/index.php?rest_route=%2Fwp%2Fv2%2Fcategories&post=2736"},{"taxonomy":"post_tag","embeddable":true,"href":"https:\/\/dom-glina.hr\/index.php?rest_route=%2Fwp%2Fv2%2Ftags&post=2736"}],"curies":[{"name":"wp","href":"https:\/\/api.w.org\/{rel}","templated":true}]}}