{"id":2552,"date":"2019-06-15T06:06:19","date_gmt":"2019-06-15T04:06:19","guid":{"rendered":"http:\/\/dom-glina.hr\/?p=2552"},"modified":"2019-07-01T06:08:08","modified_gmt":"2019-07-01T04:08:08","slug":"svjetski-dan-svjesnosti-protiv-nasilja-nad-starijim-osobama","status":"publish","type":"post","link":"https:\/\/dom-glina.hr\/?p=2552","title":{"rendered":"Svjetski dan svjesnosti protiv nasilja nad starijim osobama"},"content":{"rendered":"<p style=\"text-align: justify;\">Dom za starije osobe Glina obilje\u017eio je svjetski dan svjesnosti protiv nasilja nad starijim osobama. Nasilje nad starijima je svaki \u010din koji \u0161teti starijoj osobi, a provodi se od strane nekoga kome vjeruju, poput odraslog djeteta, \u010dlanu obitelji, partneru, njegovatelju ili prijatelju. Me\u0111unarodni dan svjesnosti protiv nasilja nad starijim osobama obilje\u017eava se 15. lipnja, a ljubi\u010dasta boja ozna\u010dava mudrost, dostojanstvo, neovisnost i kreativnost.<\/p>\n<p>&nbsp;<\/p>\n<!-- default-view.php -->\n<div\n\tclass=\"ngg-galleryoverview default-view \n\t ngg-ajax-pagination-none\t\"\n\tid=\"ngg-gallery-7504b367f96294888432b074de62abeb-1\">\n\n\t\t<!-- Thumbnails -->\n\t\t\t\t<div id=\"ngg-image-0\" class=\"ngg-gallery-thumbnail-box \n\t\t\t\t\t\t\t\t\t\t\t\" \n\t\t\t>\n\t\t\t\t\t\t<div class=\"ngg-gallery-thumbnail\">\n\t\t\t<a href=\"https:\/\/dom-glina.hr\/wp-content\/gallery\/svjetski-dan-svjesnosti-protiv-nasilja-nad-starijim-osobama-2019\/62453366_453910715419584_1809577426699681792_o.jpg\"\n\t\t\t\ttitle=\"\"\n\t\t\t\tdata-src=\"https:\/\/dom-glina.hr\/wp-content\/gallery\/svjetski-dan-svjesnosti-protiv-nasilja-nad-starijim-osobama-2019\/62453366_453910715419584_1809577426699681792_o.jpg\"\n\t\t\t\tdata-thumbnail=\"https:\/\/dom-glina.hr\/wp-content\/gallery\/svjetski-dan-svjesnosti-protiv-nasilja-nad-starijim-osobama-2019\/thumbs\/thumbs_62453366_453910715419584_1809577426699681792_o.jpg\"\n\t\t\t\tdata-image-id=\"569\"\n\t\t\t\tdata-title=\"62453366_453910715419584_1809577426699681792_o\"\n\t\t\t\tdata-description=\"\"\n\t\t\t\tdata-image-slug=\"62453366_453910715419584_1809577426699681792_o\"\n\t\t\t\tclass=\"ngg-fancybox\" rel=\"7504b367f96294888432b074de62abeb\">\n\t\t\t\t<img\n\t\t\t\t\ttitle=\"62453366_453910715419584_1809577426699681792_o\"\n\t\t\t\t\talt=\"62453366_453910715419584_1809577426699681792_o\"\n\t\t\t\t\tsrc=\"https:\/\/dom-glina.hr\/wp-content\/gallery\/svjetski-dan-svjesnosti-protiv-nasilja-nad-starijim-osobama-2019\/thumbs\/thumbs_62453366_453910715419584_1809577426699681792_o.jpg\"\n\t\t\t\t\twidth=\"240\"\n\t\t\t\t\theight=\"160\"\n\t\t\t\t\tstyle=\"max-width:100%;\"\n\t\t\t\t\/>\n\t\t\t<\/a>\n\t\t<\/div>\n\t\t\t\t\t\t\t<\/div> \n\t\t\t\n\t\t\t\t<div id=\"ngg-image-1\" class=\"ngg-gallery-thumbnail-box \n\t\t\t\t\t\t\t\t\t\t\t\" \n\t\t\t>\n\t\t\t\t\t\t<div class=\"ngg-gallery-thumbnail\">\n\t\t\t<a href=\"https:\/\/dom-glina.hr\/wp-content\/gallery\/svjetski-dan-svjesnosti-protiv-nasilja-nad-starijim-osobama-2019\/62460816_453910162086306_6008370019711320064_o.jpg\"\n\t\t\t\ttitle=\"\"\n\t\t\t\tdata-src=\"https:\/\/dom-glina.hr\/wp-content\/gallery\/svjetski-dan-svjesnosti-protiv-nasilja-nad-starijim-osobama-2019\/62460816_453910162086306_6008370019711320064_o.jpg\"\n\t\t\t\tdata-thumbnail=\"https:\/\/dom-glina.hr\/wp-content\/gallery\/svjetski-dan-svjesnosti-protiv-nasilja-nad-starijim-osobama-2019\/thumbs\/thumbs_62460816_453910162086306_6008370019711320064_o.jpg\"\n\t\t\t\tdata-image-id=\"570\"\n\t\t\t\tdata-title=\"62460816_453910162086306_6008370019711320064_o\"\n\t\t\t\tdata-description=\"\"\n\t\t\t\tdata-image-slug=\"62460816_453910162086306_6008370019711320064_o\"\n\t\t\t\tclass=\"ngg-fancybox\" rel=\"7504b367f96294888432b074de62abeb\">\n\t\t\t\t<img\n\t\t\t\t\ttitle=\"62460816_453910162086306_6008370019711320064_o\"\n\t\t\t\t\talt=\"62460816_453910162086306_6008370019711320064_o\"\n\t\t\t\t\tsrc=\"https:\/\/dom-glina.hr\/wp-content\/gallery\/svjetski-dan-svjesnosti-protiv-nasilja-nad-starijim-osobama-2019\/thumbs\/thumbs_62460816_453910162086306_6008370019711320064_o.jpg\"\n\t\t\t\t\twidth=\"240\"\n\t\t\t\t\theight=\"160\"\n\t\t\t\t\tstyle=\"max-width:100%;\"\n\t\t\t\t\/>\n\t\t\t<\/a>\n\t\t<\/div>\n\t\t\t\t\t\t\t<\/div> \n\t\t\t\n\t\t\t\t<div id=\"ngg-image-2\" class=\"ngg-gallery-thumbnail-box \n\t\t\t\t\t\t\t\t\t\t\t\" \n\t\t\t>\n\t\t\t\t\t\t<div class=\"ngg-gallery-thumbnail\">\n\t\t\t<a href=\"https:\/\/dom-glina.hr\/wp-content\/gallery\/svjetski-dan-svjesnosti-protiv-nasilja-nad-starijim-osobama-2019\/62474036_453921258751863_931700490947788800_n.jpg\"\n\t\t\t\ttitle=\"\"\n\t\t\t\tdata-src=\"https:\/\/dom-glina.hr\/wp-content\/gallery\/svjetski-dan-svjesnosti-protiv-nasilja-nad-starijim-osobama-2019\/62474036_453921258751863_931700490947788800_n.jpg\"\n\t\t\t\tdata-thumbnail=\"https:\/\/dom-glina.hr\/wp-content\/gallery\/svjetski-dan-svjesnosti-protiv-nasilja-nad-starijim-osobama-2019\/thumbs\/thumbs_62474036_453921258751863_931700490947788800_n.jpg\"\n\t\t\t\tdata-image-id=\"571\"\n\t\t\t\tdata-title=\"62474036_453921258751863_931700490947788800_n\"\n\t\t\t\tdata-description=\"\"\n\t\t\t\tdata-image-slug=\"62474036_453921258751863_931700490947788800_n\"\n\t\t\t\tclass=\"ngg-fancybox\" rel=\"7504b367f96294888432b074de62abeb\">\n\t\t\t\t<img\n\t\t\t\t\ttitle=\"62474036_453921258751863_931700490947788800_n\"\n\t\t\t\t\talt=\"62474036_453921258751863_931700490947788800_n\"\n\t\t\t\t\tsrc=\"https:\/\/dom-glina.hr\/wp-content\/gallery\/svjetski-dan-svjesnosti-protiv-nasilja-nad-starijim-osobama-2019\/thumbs\/thumbs_62474036_453921258751863_931700490947788800_n.jpg\"\n\t\t\t\t\twidth=\"240\"\n\t\t\t\t\theight=\"160\"\n\t\t\t\t\tstyle=\"max-width:100%;\"\n\t\t\t\t\/>\n\t\t\t<\/a>\n\t\t<\/div>\n\t\t\t\t\t\t\t<\/div> \n\t\t\t\n\t\t\t\t<div id=\"ngg-image-3\" class=\"ngg-gallery-thumbnail-box \n\t\t\t\t\t\t\t\t\t\t\t\" \n\t\t\t>\n\t\t\t\t\t\t<div class=\"ngg-gallery-thumbnail\">\n\t\t\t<a href=\"https:\/\/dom-glina.hr\/wp-content\/gallery\/svjetski-dan-svjesnosti-protiv-nasilja-nad-starijim-osobama-2019\/62483697_453909735419682_2054429505040154624_n.jpg\"\n\t\t\t\ttitle=\"\"\n\t\t\t\tdata-src=\"https:\/\/dom-glina.hr\/wp-content\/gallery\/svjetski-dan-svjesnosti-protiv-nasilja-nad-starijim-osobama-2019\/62483697_453909735419682_2054429505040154624_n.jpg\"\n\t\t\t\tdata-thumbnail=\"https:\/\/dom-glina.hr\/wp-content\/gallery\/svjetski-dan-svjesnosti-protiv-nasilja-nad-starijim-osobama-2019\/thumbs\/thumbs_62483697_453909735419682_2054429505040154624_n.jpg\"\n\t\t\t\tdata-image-id=\"572\"\n\t\t\t\tdata-title=\"62483697_453909735419682_2054429505040154624_n\"\n\t\t\t\tdata-description=\"\"\n\t\t\t\tdata-image-slug=\"62483697_453909735419682_2054429505040154624_n\"\n\t\t\t\tclass=\"ngg-fancybox\" rel=\"7504b367f96294888432b074de62abeb\">\n\t\t\t\t<img\n\t\t\t\t\ttitle=\"62483697_453909735419682_2054429505040154624_n\"\n\t\t\t\t\talt=\"62483697_453909735419682_2054429505040154624_n\"\n\t\t\t\t\tsrc=\"https:\/\/dom-glina.hr\/wp-content\/gallery\/svjetski-dan-svjesnosti-protiv-nasilja-nad-starijim-osobama-2019\/thumbs\/thumbs_62483697_453909735419682_2054429505040154624_n.jpg\"\n\t\t\t\t\twidth=\"240\"\n\t\t\t\t\theight=\"160\"\n\t\t\t\t\tstyle=\"max-width:100%;\"\n\t\t\t\t\/>\n\t\t\t<\/a>\n\t\t<\/div>\n\t\t\t\t\t\t\t<\/div> \n\t\t\t\n\t\t\t\t<div id=\"ngg-image-4\" class=\"ngg-gallery-thumbnail-box \n\t\t\t\t\t\t\t\t\t\t\t\" \n\t\t\t>\n\t\t\t\t\t\t<div class=\"ngg-gallery-thumbnail\">\n\t\t\t<a href=\"https:\/\/dom-glina.hr\/wp-content\/gallery\/svjetski-dan-svjesnosti-protiv-nasilja-nad-starijim-osobama-2019\/62529577_453921428751846_8761050903730978816_n.jpg\"\n\t\t\t\ttitle=\"\"\n\t\t\t\tdata-src=\"https:\/\/dom-glina.hr\/wp-content\/gallery\/svjetski-dan-svjesnosti-protiv-nasilja-nad-starijim-osobama-2019\/62529577_453921428751846_8761050903730978816_n.jpg\"\n\t\t\t\tdata-thumbnail=\"https:\/\/dom-glina.hr\/wp-content\/gallery\/svjetski-dan-svjesnosti-protiv-nasilja-nad-starijim-osobama-2019\/thumbs\/thumbs_62529577_453921428751846_8761050903730978816_n.jpg\"\n\t\t\t\tdata-image-id=\"573\"\n\t\t\t\tdata-title=\"62529577_453921428751846_8761050903730978816_n\"\n\t\t\t\tdata-description=\"\"\n\t\t\t\tdata-image-slug=\"62529577_453921428751846_8761050903730978816_n\"\n\t\t\t\tclass=\"ngg-fancybox\" rel=\"7504b367f96294888432b074de62abeb\">\n\t\t\t\t<img\n\t\t\t\t\ttitle=\"62529577_453921428751846_8761050903730978816_n\"\n\t\t\t\t\talt=\"62529577_453921428751846_8761050903730978816_n\"\n\t\t\t\t\tsrc=\"https:\/\/dom-glina.hr\/wp-content\/gallery\/svjetski-dan-svjesnosti-protiv-nasilja-nad-starijim-osobama-2019\/thumbs\/thumbs_62529577_453921428751846_8761050903730978816_n.jpg\"\n\t\t\t\t\twidth=\"240\"\n\t\t\t\t\theight=\"160\"\n\t\t\t\t\tstyle=\"max-width:100%;\"\n\t\t\t\t\/>\n\t\t\t<\/a>\n\t\t<\/div>\n\t\t\t\t\t\t\t<\/div> \n\t\t\t\n\t\t\t\t<div id=\"ngg-image-5\" class=\"ngg-gallery-thumbnail-box \n\t\t\t\t\t\t\t\t\t\t\t\" \n\t\t\t>\n\t\t\t\t\t\t<div class=\"ngg-gallery-thumbnail\">\n\t\t\t<a href=\"https:\/\/dom-glina.hr\/wp-content\/gallery\/svjetski-dan-svjesnosti-protiv-nasilja-nad-starijim-osobama-2019\/62574114_453920925418563_9034020273237524480_o.jpg\"\n\t\t\t\ttitle=\"\"\n\t\t\t\tdata-src=\"https:\/\/dom-glina.hr\/wp-content\/gallery\/svjetski-dan-svjesnosti-protiv-nasilja-nad-starijim-osobama-2019\/62574114_453920925418563_9034020273237524480_o.jpg\"\n\t\t\t\tdata-thumbnail=\"https:\/\/dom-glina.hr\/wp-content\/gallery\/svjetski-dan-svjesnosti-protiv-nasilja-nad-starijim-osobama-2019\/thumbs\/thumbs_62574114_453920925418563_9034020273237524480_o.jpg\"\n\t\t\t\tdata-image-id=\"574\"\n\t\t\t\tdata-title=\"62574114_453920925418563_9034020273237524480_o\"\n\t\t\t\tdata-description=\"\"\n\t\t\t\tdata-image-slug=\"62574114_453920925418563_9034020273237524480_o\"\n\t\t\t\tclass=\"ngg-fancybox\" rel=\"7504b367f96294888432b074de62abeb\">\n\t\t\t\t<img\n\t\t\t\t\ttitle=\"62574114_453920925418563_9034020273237524480_o\"\n\t\t\t\t\talt=\"62574114_453920925418563_9034020273237524480_o\"\n\t\t\t\t\tsrc=\"https:\/\/dom-glina.hr\/wp-content\/gallery\/svjetski-dan-svjesnosti-protiv-nasilja-nad-starijim-osobama-2019\/thumbs\/thumbs_62574114_453920925418563_9034020273237524480_o.jpg\"\n\t\t\t\t\twidth=\"240\"\n\t\t\t\t\theight=\"160\"\n\t\t\t\t\tstyle=\"max-width:100%;\"\n\t\t\t\t\/>\n\t\t\t<\/a>\n\t\t<\/div>\n\t\t\t\t\t\t\t<\/div> \n\t\t\t\n\t\t\t\t<div id=\"ngg-image-6\" class=\"ngg-gallery-thumbnail-box \n\t\t\t\t\t\t\t\t\t\t\t\" \n\t\t\t>\n\t\t\t\t\t\t<div class=\"ngg-gallery-thumbnail\">\n\t\t\t<a href=\"https:\/\/dom-glina.hr\/wp-content\/gallery\/svjetski-dan-svjesnosti-protiv-nasilja-nad-starijim-osobama-2019\/64204068_453909512086371_7191593274505691136_o.jpg\"\n\t\t\t\ttitle=\"\"\n\t\t\t\tdata-src=\"https:\/\/dom-glina.hr\/wp-content\/gallery\/svjetski-dan-svjesnosti-protiv-nasilja-nad-starijim-osobama-2019\/64204068_453909512086371_7191593274505691136_o.jpg\"\n\t\t\t\tdata-thumbnail=\"https:\/\/dom-glina.hr\/wp-content\/gallery\/svjetski-dan-svjesnosti-protiv-nasilja-nad-starijim-osobama-2019\/thumbs\/thumbs_64204068_453909512086371_7191593274505691136_o.jpg\"\n\t\t\t\tdata-image-id=\"575\"\n\t\t\t\tdata-title=\"64204068_453909512086371_7191593274505691136_o\"\n\t\t\t\tdata-description=\"\"\n\t\t\t\tdata-image-slug=\"64204068_453909512086371_7191593274505691136_o\"\n\t\t\t\tclass=\"ngg-fancybox\" rel=\"7504b367f96294888432b074de62abeb\">\n\t\t\t\t<img\n\t\t\t\t\ttitle=\"64204068_453909512086371_7191593274505691136_o\"\n\t\t\t\t\talt=\"64204068_453909512086371_7191593274505691136_o\"\n\t\t\t\t\tsrc=\"https:\/\/dom-glina.hr\/wp-content\/gallery\/svjetski-dan-svjesnosti-protiv-nasilja-nad-starijim-osobama-2019\/thumbs\/thumbs_64204068_453909512086371_7191593274505691136_o.jpg\"\n\t\t\t\t\twidth=\"240\"\n\t\t\t\t\theight=\"160\"\n\t\t\t\t\tstyle=\"max-width:100%;\"\n\t\t\t\t\/>\n\t\t\t<\/a>\n\t\t<\/div>\n\t\t\t\t\t\t\t<\/div> \n\t\t\t\n\t\t\t\t<div id=\"ngg-image-7\" class=\"ngg-gallery-thumbnail-box \n\t\t\t\t\t\t\t\t\t\t\t\" \n\t\t\t>\n\t\t\t\t\t\t<div class=\"ngg-gallery-thumbnail\">\n\t\t\t<a href=\"https:\/\/dom-glina.hr\/wp-content\/gallery\/svjetski-dan-svjesnosti-protiv-nasilja-nad-starijim-osobama-2019\/64206057_453909932086329_6842676479340314624_n.jpg\"\n\t\t\t\ttitle=\"\"\n\t\t\t\tdata-src=\"https:\/\/dom-glina.hr\/wp-content\/gallery\/svjetski-dan-svjesnosti-protiv-nasilja-nad-starijim-osobama-2019\/64206057_453909932086329_6842676479340314624_n.jpg\"\n\t\t\t\tdata-thumbnail=\"https:\/\/dom-glina.hr\/wp-content\/gallery\/svjetski-dan-svjesnosti-protiv-nasilja-nad-starijim-osobama-2019\/thumbs\/thumbs_64206057_453909932086329_6842676479340314624_n.jpg\"\n\t\t\t\tdata-image-id=\"576\"\n\t\t\t\tdata-title=\"64206057_453909932086329_6842676479340314624_n\"\n\t\t\t\tdata-description=\"\"\n\t\t\t\tdata-image-slug=\"64206057_453909932086329_6842676479340314624_n\"\n\t\t\t\tclass=\"ngg-fancybox\" rel=\"7504b367f96294888432b074de62abeb\">\n\t\t\t\t<img\n\t\t\t\t\ttitle=\"64206057_453909932086329_6842676479340314624_n\"\n\t\t\t\t\talt=\"64206057_453909932086329_6842676479340314624_n\"\n\t\t\t\t\tsrc=\"https:\/\/dom-glina.hr\/wp-content\/gallery\/svjetski-dan-svjesnosti-protiv-nasilja-nad-starijim-osobama-2019\/thumbs\/thumbs_64206057_453909932086329_6842676479340314624_n.jpg\"\n\t\t\t\t\twidth=\"240\"\n\t\t\t\t\theight=\"160\"\n\t\t\t\t\tstyle=\"max-width:100%;\"\n\t\t\t\t\/>\n\t\t\t<\/a>\n\t\t<\/div>\n\t\t\t\t\t\t\t<\/div> \n\t\t\t\n\t\t\t\t<div id=\"ngg-image-8\" class=\"ngg-gallery-thumbnail-box \n\t\t\t\t\t\t\t\t\t\t\t\" \n\t\t\t>\n\t\t\t\t\t\t<div class=\"ngg-gallery-thumbnail\">\n\t\t\t<a href=\"https:\/\/dom-glina.hr\/wp-content\/gallery\/svjetski-dan-svjesnosti-protiv-nasilja-nad-starijim-osobama-2019\/64239950_453910818752907_2232710560955236352_n.jpg\"\n\t\t\t\ttitle=\"\"\n\t\t\t\tdata-src=\"https:\/\/dom-glina.hr\/wp-content\/gallery\/svjetski-dan-svjesnosti-protiv-nasilja-nad-starijim-osobama-2019\/64239950_453910818752907_2232710560955236352_n.jpg\"\n\t\t\t\tdata-thumbnail=\"https:\/\/dom-glina.hr\/wp-content\/gallery\/svjetski-dan-svjesnosti-protiv-nasilja-nad-starijim-osobama-2019\/thumbs\/thumbs_64239950_453910818752907_2232710560955236352_n.jpg\"\n\t\t\t\tdata-image-id=\"577\"\n\t\t\t\tdata-title=\"64239950_453910818752907_2232710560955236352_n\"\n\t\t\t\tdata-description=\"\"\n\t\t\t\tdata-image-slug=\"64239950_453910818752907_2232710560955236352_n\"\n\t\t\t\tclass=\"ngg-fancybox\" rel=\"7504b367f96294888432b074de62abeb\">\n\t\t\t\t<img\n\t\t\t\t\ttitle=\"64239950_453910818752907_2232710560955236352_n\"\n\t\t\t\t\talt=\"64239950_453910818752907_2232710560955236352_n\"\n\t\t\t\t\tsrc=\"https:\/\/dom-glina.hr\/wp-content\/gallery\/svjetski-dan-svjesnosti-protiv-nasilja-nad-starijim-osobama-2019\/thumbs\/thumbs_64239950_453910818752907_2232710560955236352_n.jpg\"\n\t\t\t\t\twidth=\"240\"\n\t\t\t\t\theight=\"160\"\n\t\t\t\t\tstyle=\"max-width:100%;\"\n\t\t\t\t\/>\n\t\t\t<\/a>\n\t\t<\/div>\n\t\t\t\t\t\t\t<\/div> \n\t\t\t\n\t\t\t\t<div id=\"ngg-image-9\" class=\"ngg-gallery-thumbnail-box \n\t\t\t\t\t\t\t\t\t\t\t\" \n\t\t\t>\n\t\t\t\t\t\t<div class=\"ngg-gallery-thumbnail\">\n\t\t\t<a href=\"https:\/\/dom-glina.hr\/wp-content\/gallery\/svjetski-dan-svjesnosti-protiv-nasilja-nad-starijim-osobama-2019\/64348579_453921968751792_9172039957827551232_o.jpg\"\n\t\t\t\ttitle=\"\"\n\t\t\t\tdata-src=\"https:\/\/dom-glina.hr\/wp-content\/gallery\/svjetski-dan-svjesnosti-protiv-nasilja-nad-starijim-osobama-2019\/64348579_453921968751792_9172039957827551232_o.jpg\"\n\t\t\t\tdata-thumbnail=\"https:\/\/dom-glina.hr\/wp-content\/gallery\/svjetski-dan-svjesnosti-protiv-nasilja-nad-starijim-osobama-2019\/thumbs\/thumbs_64348579_453921968751792_9172039957827551232_o.jpg\"\n\t\t\t\tdata-image-id=\"578\"\n\t\t\t\tdata-title=\"64348579_453921968751792_9172039957827551232_o\"\n\t\t\t\tdata-description=\"\"\n\t\t\t\tdata-image-slug=\"64348579_453921968751792_9172039957827551232_o\"\n\t\t\t\tclass=\"ngg-fancybox\" rel=\"7504b367f96294888432b074de62abeb\">\n\t\t\t\t<img\n\t\t\t\t\ttitle=\"64348579_453921968751792_9172039957827551232_o\"\n\t\t\t\t\talt=\"64348579_453921968751792_9172039957827551232_o\"\n\t\t\t\t\tsrc=\"https:\/\/dom-glina.hr\/wp-content\/gallery\/svjetski-dan-svjesnosti-protiv-nasilja-nad-starijim-osobama-2019\/thumbs\/thumbs_64348579_453921968751792_9172039957827551232_o.jpg\"\n\t\t\t\t\twidth=\"240\"\n\t\t\t\t\theight=\"160\"\n\t\t\t\t\tstyle=\"max-width:100%;\"\n\t\t\t\t\/>\n\t\t\t<\/a>\n\t\t<\/div>\n\t\t\t\t\t\t\t<\/div> \n\t\t\t\n\t\t\t\t<div id=\"ngg-image-10\" class=\"ngg-gallery-thumbnail-box \n\t\t\t\t\t\t\t\t\t\t\t\" \n\t\t\t>\n\t\t\t\t\t\t<div class=\"ngg-gallery-thumbnail\">\n\t\t\t<a href=\"https:\/\/dom-glina.hr\/wp-content\/gallery\/svjetski-dan-svjesnosti-protiv-nasilja-nad-starijim-osobama-2019\/64358596_453910475419608_4760574912328892416_o.jpg\"\n\t\t\t\ttitle=\"\"\n\t\t\t\tdata-src=\"https:\/\/dom-glina.hr\/wp-content\/gallery\/svjetski-dan-svjesnosti-protiv-nasilja-nad-starijim-osobama-2019\/64358596_453910475419608_4760574912328892416_o.jpg\"\n\t\t\t\tdata-thumbnail=\"https:\/\/dom-glina.hr\/wp-content\/gallery\/svjetski-dan-svjesnosti-protiv-nasilja-nad-starijim-osobama-2019\/thumbs\/thumbs_64358596_453910475419608_4760574912328892416_o.jpg\"\n\t\t\t\tdata-image-id=\"579\"\n\t\t\t\tdata-title=\"64358596_453910475419608_4760574912328892416_o\"\n\t\t\t\tdata-description=\"\"\n\t\t\t\tdata-image-slug=\"64358596_453910475419608_4760574912328892416_o\"\n\t\t\t\tclass=\"ngg-fancybox\" rel=\"7504b367f96294888432b074de62abeb\">\n\t\t\t\t<img\n\t\t\t\t\ttitle=\"64358596_453910475419608_4760574912328892416_o\"\n\t\t\t\t\talt=\"64358596_453910475419608_4760574912328892416_o\"\n\t\t\t\t\tsrc=\"https:\/\/dom-glina.hr\/wp-content\/gallery\/svjetski-dan-svjesnosti-protiv-nasilja-nad-starijim-osobama-2019\/thumbs\/thumbs_64358596_453910475419608_4760574912328892416_o.jpg\"\n\t\t\t\t\twidth=\"240\"\n\t\t\t\t\theight=\"160\"\n\t\t\t\t\tstyle=\"max-width:100%;\"\n\t\t\t\t\/>\n\t\t\t<\/a>\n\t\t<\/div>\n\t\t\t\t\t\t\t<\/div> \n\t\t\t\n\t\t\t\t<div id=\"ngg-image-11\" class=\"ngg-gallery-thumbnail-box \n\t\t\t\t\t\t\t\t\t\t\t\" \n\t\t\t>\n\t\t\t\t\t\t<div class=\"ngg-gallery-thumbnail\">\n\t\t\t<a href=\"https:\/\/dom-glina.hr\/wp-content\/gallery\/svjetski-dan-svjesnosti-protiv-nasilja-nad-starijim-osobama-2019\/64394309_453911048752884_3547890943547932672_n.jpg\"\n\t\t\t\ttitle=\"\"\n\t\t\t\tdata-src=\"https:\/\/dom-glina.hr\/wp-content\/gallery\/svjetski-dan-svjesnosti-protiv-nasilja-nad-starijim-osobama-2019\/64394309_453911048752884_3547890943547932672_n.jpg\"\n\t\t\t\tdata-thumbnail=\"https:\/\/dom-glina.hr\/wp-content\/gallery\/svjetski-dan-svjesnosti-protiv-nasilja-nad-starijim-osobama-2019\/thumbs\/thumbs_64394309_453911048752884_3547890943547932672_n.jpg\"\n\t\t\t\tdata-image-id=\"580\"\n\t\t\t\tdata-title=\"64394309_453911048752884_3547890943547932672_n\"\n\t\t\t\tdata-description=\"\"\n\t\t\t\tdata-image-slug=\"64394309_453911048752884_3547890943547932672_n\"\n\t\t\t\tclass=\"ngg-fancybox\" rel=\"7504b367f96294888432b074de62abeb\">\n\t\t\t\t<img\n\t\t\t\t\ttitle=\"64394309_453911048752884_3547890943547932672_n\"\n\t\t\t\t\talt=\"64394309_453911048752884_3547890943547932672_n\"\n\t\t\t\t\tsrc=\"https:\/\/dom-glina.hr\/wp-content\/gallery\/svjetski-dan-svjesnosti-protiv-nasilja-nad-starijim-osobama-2019\/thumbs\/thumbs_64394309_453911048752884_3547890943547932672_n.jpg\"\n\t\t\t\t\twidth=\"240\"\n\t\t\t\t\theight=\"160\"\n\t\t\t\t\tstyle=\"max-width:100%;\"\n\t\t\t\t\/>\n\t\t\t<\/a>\n\t\t<\/div>\n\t\t\t\t\t\t\t<\/div> \n\t\t\t\n\t\t\t\t<div id=\"ngg-image-12\" class=\"ngg-gallery-thumbnail-box \n\t\t\t\t\t\t\t\t\t\t\t\" \n\t\t\t>\n\t\t\t\t\t\t<div class=\"ngg-gallery-thumbnail\">\n\t\t\t<a href=\"https:\/\/dom-glina.hr\/wp-content\/gallery\/svjetski-dan-svjesnosti-protiv-nasilja-nad-starijim-osobama-2019\/64404845_453909372086385_8799766112599277568_n.jpg\"\n\t\t\t\ttitle=\"\"\n\t\t\t\tdata-src=\"https:\/\/dom-glina.hr\/wp-content\/gallery\/svjetski-dan-svjesnosti-protiv-nasilja-nad-starijim-osobama-2019\/64404845_453909372086385_8799766112599277568_n.jpg\"\n\t\t\t\tdata-thumbnail=\"https:\/\/dom-glina.hr\/wp-content\/gallery\/svjetski-dan-svjesnosti-protiv-nasilja-nad-starijim-osobama-2019\/thumbs\/thumbs_64404845_453909372086385_8799766112599277568_n.jpg\"\n\t\t\t\tdata-image-id=\"581\"\n\t\t\t\tdata-title=\"64404845_453909372086385_8799766112599277568_n\"\n\t\t\t\tdata-description=\"\"\n\t\t\t\tdata-image-slug=\"64404845_453909372086385_8799766112599277568_n\"\n\t\t\t\tclass=\"ngg-fancybox\" rel=\"7504b367f96294888432b074de62abeb\">\n\t\t\t\t<img\n\t\t\t\t\ttitle=\"64404845_453909372086385_8799766112599277568_n\"\n\t\t\t\t\talt=\"64404845_453909372086385_8799766112599277568_n\"\n\t\t\t\t\tsrc=\"https:\/\/dom-glina.hr\/wp-content\/gallery\/svjetski-dan-svjesnosti-protiv-nasilja-nad-starijim-osobama-2019\/thumbs\/thumbs_64404845_453909372086385_8799766112599277568_n.jpg\"\n\t\t\t\t\twidth=\"240\"\n\t\t\t\t\theight=\"160\"\n\t\t\t\t\tstyle=\"max-width:100%;\"\n\t\t\t\t\/>\n\t\t\t<\/a>\n\t\t<\/div>\n\t\t\t\t\t\t\t<\/div> \n\t\t\t\n\t\t\t\t<div id=\"ngg-image-13\" class=\"ngg-gallery-thumbnail-box \n\t\t\t\t\t\t\t\t\t\t\t\" \n\t\t\t>\n\t\t\t\t\t\t<div class=\"ngg-gallery-thumbnail\">\n\t\t\t<a href=\"https:\/\/dom-glina.hr\/wp-content\/gallery\/svjetski-dan-svjesnosti-protiv-nasilja-nad-starijim-osobama-2019\/64460640_453921768751812_3327533046516678656_n.jpg\"\n\t\t\t\ttitle=\"\"\n\t\t\t\tdata-src=\"https:\/\/dom-glina.hr\/wp-content\/gallery\/svjetski-dan-svjesnosti-protiv-nasilja-nad-starijim-osobama-2019\/64460640_453921768751812_3327533046516678656_n.jpg\"\n\t\t\t\tdata-thumbnail=\"https:\/\/dom-glina.hr\/wp-content\/gallery\/svjetski-dan-svjesnosti-protiv-nasilja-nad-starijim-osobama-2019\/thumbs\/thumbs_64460640_453921768751812_3327533046516678656_n.jpg\"\n\t\t\t\tdata-image-id=\"582\"\n\t\t\t\tdata-title=\"64460640_453921768751812_3327533046516678656_n\"\n\t\t\t\tdata-description=\"\"\n\t\t\t\tdata-image-slug=\"64460640_453921768751812_3327533046516678656_n\"\n\t\t\t\tclass=\"ngg-fancybox\" rel=\"7504b367f96294888432b074de62abeb\">\n\t\t\t\t<img\n\t\t\t\t\ttitle=\"64460640_453921768751812_3327533046516678656_n\"\n\t\t\t\t\talt=\"64460640_453921768751812_3327533046516678656_n\"\n\t\t\t\t\tsrc=\"https:\/\/dom-glina.hr\/wp-content\/gallery\/svjetski-dan-svjesnosti-protiv-nasilja-nad-starijim-osobama-2019\/thumbs\/thumbs_64460640_453921768751812_3327533046516678656_n.jpg\"\n\t\t\t\t\twidth=\"240\"\n\t\t\t\t\theight=\"160\"\n\t\t\t\t\tstyle=\"max-width:100%;\"\n\t\t\t\t\/>\n\t\t\t<\/a>\n\t\t<\/div>\n\t\t\t\t\t\t\t<\/div> \n\t\t\t\n\t\t\t\t<div id=\"ngg-image-14\" class=\"ngg-gallery-thumbnail-box \n\t\t\t\t\t\t\t\t\t\t\t\" \n\t\t\t>\n\t\t\t\t\t\t<div class=\"ngg-gallery-thumbnail\">\n\t\t\t<a href=\"https:\/\/dom-glina.hr\/wp-content\/gallery\/svjetski-dan-svjesnosti-protiv-nasilja-nad-starijim-osobama-2019\/64869514_453920752085247_3862689807004073984_o.jpg\"\n\t\t\t\ttitle=\"\"\n\t\t\t\tdata-src=\"https:\/\/dom-glina.hr\/wp-content\/gallery\/svjetski-dan-svjesnosti-protiv-nasilja-nad-starijim-osobama-2019\/64869514_453920752085247_3862689807004073984_o.jpg\"\n\t\t\t\tdata-thumbnail=\"https:\/\/dom-glina.hr\/wp-content\/gallery\/svjetski-dan-svjesnosti-protiv-nasilja-nad-starijim-osobama-2019\/thumbs\/thumbs_64869514_453920752085247_3862689807004073984_o.jpg\"\n\t\t\t\tdata-image-id=\"583\"\n\t\t\t\tdata-title=\"64869514_453920752085247_3862689807004073984_o\"\n\t\t\t\tdata-description=\"\"\n\t\t\t\tdata-image-slug=\"64869514_453920752085247_3862689807004073984_o\"\n\t\t\t\tclass=\"ngg-fancybox\" rel=\"7504b367f96294888432b074de62abeb\">\n\t\t\t\t<img\n\t\t\t\t\ttitle=\"64869514_453920752085247_3862689807004073984_o\"\n\t\t\t\t\talt=\"64869514_453920752085247_3862689807004073984_o\"\n\t\t\t\t\tsrc=\"https:\/\/dom-glina.hr\/wp-content\/gallery\/svjetski-dan-svjesnosti-protiv-nasilja-nad-starijim-osobama-2019\/thumbs\/thumbs_64869514_453920752085247_3862689807004073984_o.jpg\"\n\t\t\t\t\twidth=\"240\"\n\t\t\t\t\theight=\"160\"\n\t\t\t\t\tstyle=\"max-width:100%;\"\n\t\t\t\t\/>\n\t\t\t<\/a>\n\t\t<\/div>\n\t\t\t\t\t\t\t<\/div> \n\t\t\t\n\t\n\t<br style=\"clear: both\" \/>\n\n\t\n\t\t<!-- Pagination -->\n\t\t<div class='ngg-clear'><\/div>\t<\/div>\n\n","protected":false},"excerpt":{"rendered":"<p>Dom za starije osobe Glina obilje\u017eio je svjetski dan svjesnosti protiv nasilja nad starijim osobama. Nasilje nad starijima je svaki \u010din koji \u0161teti starijoj osobi, a provodi se od strane nekoga kome vjeruju, poput odraslog djeteta, \u010dlanu obitelji, partneru, njegovatelju ili prijatelju. Me\u0111unarodni dan svjesnosti protiv nasilja nad starijim osobama obilje\u017eava se 15. lipnja, a&hellip;<\/p>\n","protected":false},"author":1,"featured_media":2553,"comment_status":"closed","ping_status":"closed","sticky":false,"template":"","format":"standard","meta":{"_monsterinsights_skip_tracking":false,"_monsterinsights_sitenote_active":false,"_monsterinsights_sitenote_note":"","_monsterinsights_sitenote_category":0,"ngg_post_thumbnail":0,"footnotes":""},"categories":[2],"tags":[],"aioseo_notices":[],"_links":{"self":[{"href":"https:\/\/dom-glina.hr\/index.php?rest_route=\/wp\/v2\/posts\/2552"}],"collection":[{"href":"https:\/\/dom-glina.hr\/index.php?rest_route=\/wp\/v2\/posts"}],"about":[{"href":"https:\/\/dom-glina.hr\/index.php?rest_route=\/wp\/v2\/types\/post"}],"author":[{"embeddable":true,"href":"https:\/\/dom-glina.hr\/index.php?rest_route=\/wp\/v2\/users\/1"}],"replies":[{"embeddable":true,"href":"https:\/\/dom-glina.hr\/index.php?rest_route=%2Fwp%2Fv2%2Fcomments&post=2552"}],"version-history":[{"count":1,"href":"https:\/\/dom-glina.hr\/index.php?rest_route=\/wp\/v2\/posts\/2552\/revisions"}],"predecessor-version":[{"id":2554,"href":"https:\/\/dom-glina.hr\/index.php?rest_route=\/wp\/v2\/posts\/2552\/revisions\/2554"}],"wp:featuredmedia":[{"embeddable":true,"href":"https:\/\/dom-glina.hr\/index.php?rest_route=\/wp\/v2\/media\/2553"}],"wp:attachment":[{"href":"https:\/\/dom-glina.hr\/index.php?rest_route=%2Fwp%2Fv2%2Fmedia&parent=2552"}],"wp:term":[{"taxonomy":"category","embeddable":true,"href":"https:\/\/dom-glina.hr\/index.php?rest_route=%2Fwp%2Fv2%2Fcategories&post=2552"},{"taxonomy":"post_tag","embeddable":true,"href":"https:\/\/dom-glina.hr\/index.php?rest_route=%2Fwp%2Fv2%2Ftags&post=2552"}],"curies":[{"name":"wp","href":"https:\/\/api.w.org\/{rel}","templated":true}]}}