{"id":2479,"date":"2019-06-07T08:19:03","date_gmt":"2019-06-07T06:19:03","guid":{"rendered":"http:\/\/dom-glina.hr\/?p=2479"},"modified":"2019-06-11T08:21:19","modified_gmt":"2019-06-11T06:21:19","slug":"posjet-predstavnika-veleposlanstva-sad-a","status":"publish","type":"post","link":"https:\/\/dom-glina.hr\/?p=2479","title":{"rendered":"Posjet predstavnika veleposlanstva SAD-a"},"content":{"rendered":"<p style=\"text-align: justify;\">Dana 7. lipnja 2019. god. posjetili su nas predstavnici Veleposlanstva Sjedinjenih Ameri\u010dkih Dr\u017eava te predstavnica UNHCR-a Kristina Beni\u0107 Belavi\u0107. Cilj posjete bio je obilazak nekoliko lokacija na kojima se provodi Regionalni Stambeni Projekt.<\/p>\n<p>&nbsp;<\/p>\n<!-- default-view.php -->\n<div\n\tclass=\"ngg-galleryoverview default-view \n\t ngg-ajax-pagination-none\t\"\n\tid=\"ngg-gallery-7ca8718c79445c2bb6a4ae9d13a417a2-1\">\n\n\t\t<!-- Thumbnails -->\n\t\t\t\t<div id=\"ngg-image-0\" class=\"ngg-gallery-thumbnail-box \n\t\t\t\t\t\t\t\t\t\t\t\" \n\t\t\t>\n\t\t\t\t\t\t<div class=\"ngg-gallery-thumbnail\">\n\t\t\t<a href=\"https:\/\/dom-glina.hr\/wp-content\/gallery\/posjet-predstavnika-veleposlanstva-sad-a-2019\/20190607_125708.jpg\"\n\t\t\t\ttitle=\"\"\n\t\t\t\tdata-src=\"https:\/\/dom-glina.hr\/wp-content\/gallery\/posjet-predstavnika-veleposlanstva-sad-a-2019\/20190607_125708.jpg\"\n\t\t\t\tdata-thumbnail=\"https:\/\/dom-glina.hr\/wp-content\/gallery\/posjet-predstavnika-veleposlanstva-sad-a-2019\/thumbs\/thumbs_20190607_125708.jpg\"\n\t\t\t\tdata-image-id=\"555\"\n\t\t\t\tdata-title=\"20190607_125708\"\n\t\t\t\tdata-description=\"\"\n\t\t\t\tdata-image-slug=\"20190607_125708\"\n\t\t\t\tclass=\"ngg-fancybox\" rel=\"7ca8718c79445c2bb6a4ae9d13a417a2\">\n\t\t\t\t<img\n\t\t\t\t\ttitle=\"20190607_125708\"\n\t\t\t\t\talt=\"20190607_125708\"\n\t\t\t\t\tsrc=\"https:\/\/dom-glina.hr\/wp-content\/gallery\/posjet-predstavnika-veleposlanstva-sad-a-2019\/thumbs\/thumbs_20190607_125708.jpg\"\n\t\t\t\t\twidth=\"240\"\n\t\t\t\t\theight=\"160\"\n\t\t\t\t\tstyle=\"max-width:100%;\"\n\t\t\t\t\/>\n\t\t\t<\/a>\n\t\t<\/div>\n\t\t\t\t\t\t\t<\/div> \n\t\t\t\n\t\t\t\t<div id=\"ngg-image-1\" class=\"ngg-gallery-thumbnail-box \n\t\t\t\t\t\t\t\t\t\t\t\" \n\t\t\t>\n\t\t\t\t\t\t<div class=\"ngg-gallery-thumbnail\">\n\t\t\t<a href=\"https:\/\/dom-glina.hr\/wp-content\/gallery\/posjet-predstavnika-veleposlanstva-sad-a-2019\/20190607_125715.jpg\"\n\t\t\t\ttitle=\"\"\n\t\t\t\tdata-src=\"https:\/\/dom-glina.hr\/wp-content\/gallery\/posjet-predstavnika-veleposlanstva-sad-a-2019\/20190607_125715.jpg\"\n\t\t\t\tdata-thumbnail=\"https:\/\/dom-glina.hr\/wp-content\/gallery\/posjet-predstavnika-veleposlanstva-sad-a-2019\/thumbs\/thumbs_20190607_125715.jpg\"\n\t\t\t\tdata-image-id=\"556\"\n\t\t\t\tdata-title=\"20190607_125715\"\n\t\t\t\tdata-description=\"\"\n\t\t\t\tdata-image-slug=\"20190607_125715\"\n\t\t\t\tclass=\"ngg-fancybox\" rel=\"7ca8718c79445c2bb6a4ae9d13a417a2\">\n\t\t\t\t<img\n\t\t\t\t\ttitle=\"20190607_125715\"\n\t\t\t\t\talt=\"20190607_125715\"\n\t\t\t\t\tsrc=\"https:\/\/dom-glina.hr\/wp-content\/gallery\/posjet-predstavnika-veleposlanstva-sad-a-2019\/thumbs\/thumbs_20190607_125715.jpg\"\n\t\t\t\t\twidth=\"240\"\n\t\t\t\t\theight=\"160\"\n\t\t\t\t\tstyle=\"max-width:100%;\"\n\t\t\t\t\/>\n\t\t\t<\/a>\n\t\t<\/div>\n\t\t\t\t\t\t\t<\/div> \n\t\t\t\n\t\t\t\t<div id=\"ngg-image-2\" class=\"ngg-gallery-thumbnail-box \n\t\t\t\t\t\t\t\t\t\t\t\" \n\t\t\t>\n\t\t\t\t\t\t<div class=\"ngg-gallery-thumbnail\">\n\t\t\t<a href=\"https:\/\/dom-glina.hr\/wp-content\/gallery\/posjet-predstavnika-veleposlanstva-sad-a-2019\/20190607_125728.jpg\"\n\t\t\t\ttitle=\"\"\n\t\t\t\tdata-src=\"https:\/\/dom-glina.hr\/wp-content\/gallery\/posjet-predstavnika-veleposlanstva-sad-a-2019\/20190607_125728.jpg\"\n\t\t\t\tdata-thumbnail=\"https:\/\/dom-glina.hr\/wp-content\/gallery\/posjet-predstavnika-veleposlanstva-sad-a-2019\/thumbs\/thumbs_20190607_125728.jpg\"\n\t\t\t\tdata-image-id=\"557\"\n\t\t\t\tdata-title=\"20190607_125728\"\n\t\t\t\tdata-description=\"\"\n\t\t\t\tdata-image-slug=\"20190607_125728\"\n\t\t\t\tclass=\"ngg-fancybox\" rel=\"7ca8718c79445c2bb6a4ae9d13a417a2\">\n\t\t\t\t<img\n\t\t\t\t\ttitle=\"20190607_125728\"\n\t\t\t\t\talt=\"20190607_125728\"\n\t\t\t\t\tsrc=\"https:\/\/dom-glina.hr\/wp-content\/gallery\/posjet-predstavnika-veleposlanstva-sad-a-2019\/thumbs\/thumbs_20190607_125728.jpg\"\n\t\t\t\t\twidth=\"240\"\n\t\t\t\t\theight=\"160\"\n\t\t\t\t\tstyle=\"max-width:100%;\"\n\t\t\t\t\/>\n\t\t\t<\/a>\n\t\t<\/div>\n\t\t\t\t\t\t\t<\/div> \n\t\t\t\n\t\t\t\t<div id=\"ngg-image-3\" class=\"ngg-gallery-thumbnail-box \n\t\t\t\t\t\t\t\t\t\t\t\" \n\t\t\t>\n\t\t\t\t\t\t<div class=\"ngg-gallery-thumbnail\">\n\t\t\t<a href=\"https:\/\/dom-glina.hr\/wp-content\/gallery\/posjet-predstavnika-veleposlanstva-sad-a-2019\/20190607_125750.jpg\"\n\t\t\t\ttitle=\"\"\n\t\t\t\tdata-src=\"https:\/\/dom-glina.hr\/wp-content\/gallery\/posjet-predstavnika-veleposlanstva-sad-a-2019\/20190607_125750.jpg\"\n\t\t\t\tdata-thumbnail=\"https:\/\/dom-glina.hr\/wp-content\/gallery\/posjet-predstavnika-veleposlanstva-sad-a-2019\/thumbs\/thumbs_20190607_125750.jpg\"\n\t\t\t\tdata-image-id=\"558\"\n\t\t\t\tdata-title=\"20190607_125750\"\n\t\t\t\tdata-description=\"\"\n\t\t\t\tdata-image-slug=\"20190607_125750\"\n\t\t\t\tclass=\"ngg-fancybox\" rel=\"7ca8718c79445c2bb6a4ae9d13a417a2\">\n\t\t\t\t<img\n\t\t\t\t\ttitle=\"20190607_125750\"\n\t\t\t\t\talt=\"20190607_125750\"\n\t\t\t\t\tsrc=\"https:\/\/dom-glina.hr\/wp-content\/gallery\/posjet-predstavnika-veleposlanstva-sad-a-2019\/thumbs\/thumbs_20190607_125750.jpg\"\n\t\t\t\t\twidth=\"240\"\n\t\t\t\t\theight=\"160\"\n\t\t\t\t\tstyle=\"max-width:100%;\"\n\t\t\t\t\/>\n\t\t\t<\/a>\n\t\t<\/div>\n\t\t\t\t\t\t\t<\/div> \n\t\t\t\n\t\t\t\t<div id=\"ngg-image-4\" class=\"ngg-gallery-thumbnail-box \n\t\t\t\t\t\t\t\t\t\t\t\" \n\t\t\t>\n\t\t\t\t\t\t<div class=\"ngg-gallery-thumbnail\">\n\t\t\t<a href=\"https:\/\/dom-glina.hr\/wp-content\/gallery\/posjet-predstavnika-veleposlanstva-sad-a-2019\/20190607_130020.jpg\"\n\t\t\t\ttitle=\"\"\n\t\t\t\tdata-src=\"https:\/\/dom-glina.hr\/wp-content\/gallery\/posjet-predstavnika-veleposlanstva-sad-a-2019\/20190607_130020.jpg\"\n\t\t\t\tdata-thumbnail=\"https:\/\/dom-glina.hr\/wp-content\/gallery\/posjet-predstavnika-veleposlanstva-sad-a-2019\/thumbs\/thumbs_20190607_130020.jpg\"\n\t\t\t\tdata-image-id=\"559\"\n\t\t\t\tdata-title=\"20190607_130020\"\n\t\t\t\tdata-description=\"\"\n\t\t\t\tdata-image-slug=\"20190607_130020\"\n\t\t\t\tclass=\"ngg-fancybox\" rel=\"7ca8718c79445c2bb6a4ae9d13a417a2\">\n\t\t\t\t<img\n\t\t\t\t\ttitle=\"20190607_130020\"\n\t\t\t\t\talt=\"20190607_130020\"\n\t\t\t\t\tsrc=\"https:\/\/dom-glina.hr\/wp-content\/gallery\/posjet-predstavnika-veleposlanstva-sad-a-2019\/thumbs\/thumbs_20190607_130020.jpg\"\n\t\t\t\t\twidth=\"240\"\n\t\t\t\t\theight=\"160\"\n\t\t\t\t\tstyle=\"max-width:100%;\"\n\t\t\t\t\/>\n\t\t\t<\/a>\n\t\t<\/div>\n\t\t\t\t\t\t\t<\/div> \n\t\t\t\n\t\t\t\t<div id=\"ngg-image-5\" class=\"ngg-gallery-thumbnail-box \n\t\t\t\t\t\t\t\t\t\t\t\" \n\t\t\t>\n\t\t\t\t\t\t<div class=\"ngg-gallery-thumbnail\">\n\t\t\t<a href=\"https:\/\/dom-glina.hr\/wp-content\/gallery\/posjet-predstavnika-veleposlanstva-sad-a-2019\/20190607_130200.jpg\"\n\t\t\t\ttitle=\"\"\n\t\t\t\tdata-src=\"https:\/\/dom-glina.hr\/wp-content\/gallery\/posjet-predstavnika-veleposlanstva-sad-a-2019\/20190607_130200.jpg\"\n\t\t\t\tdata-thumbnail=\"https:\/\/dom-glina.hr\/wp-content\/gallery\/posjet-predstavnika-veleposlanstva-sad-a-2019\/thumbs\/thumbs_20190607_130200.jpg\"\n\t\t\t\tdata-image-id=\"560\"\n\t\t\t\tdata-title=\"20190607_130200\"\n\t\t\t\tdata-description=\"\"\n\t\t\t\tdata-image-slug=\"20190607_130200\"\n\t\t\t\tclass=\"ngg-fancybox\" rel=\"7ca8718c79445c2bb6a4ae9d13a417a2\">\n\t\t\t\t<img\n\t\t\t\t\ttitle=\"20190607_130200\"\n\t\t\t\t\talt=\"20190607_130200\"\n\t\t\t\t\tsrc=\"https:\/\/dom-glina.hr\/wp-content\/gallery\/posjet-predstavnika-veleposlanstva-sad-a-2019\/thumbs\/thumbs_20190607_130200.jpg\"\n\t\t\t\t\twidth=\"240\"\n\t\t\t\t\theight=\"160\"\n\t\t\t\t\tstyle=\"max-width:100%;\"\n\t\t\t\t\/>\n\t\t\t<\/a>\n\t\t<\/div>\n\t\t\t\t\t\t\t<\/div> \n\t\t\t\n\t\t\t\t<div id=\"ngg-image-6\" class=\"ngg-gallery-thumbnail-box \n\t\t\t\t\t\t\t\t\t\t\t\" \n\t\t\t>\n\t\t\t\t\t\t<div class=\"ngg-gallery-thumbnail\">\n\t\t\t<a href=\"https:\/\/dom-glina.hr\/wp-content\/gallery\/posjet-predstavnika-veleposlanstva-sad-a-2019\/20190607_130209.jpg\"\n\t\t\t\ttitle=\"\"\n\t\t\t\tdata-src=\"https:\/\/dom-glina.hr\/wp-content\/gallery\/posjet-predstavnika-veleposlanstva-sad-a-2019\/20190607_130209.jpg\"\n\t\t\t\tdata-thumbnail=\"https:\/\/dom-glina.hr\/wp-content\/gallery\/posjet-predstavnika-veleposlanstva-sad-a-2019\/thumbs\/thumbs_20190607_130209.jpg\"\n\t\t\t\tdata-image-id=\"561\"\n\t\t\t\tdata-title=\"20190607_130209\"\n\t\t\t\tdata-description=\"\"\n\t\t\t\tdata-image-slug=\"20190607_130209\"\n\t\t\t\tclass=\"ngg-fancybox\" rel=\"7ca8718c79445c2bb6a4ae9d13a417a2\">\n\t\t\t\t<img\n\t\t\t\t\ttitle=\"20190607_130209\"\n\t\t\t\t\talt=\"20190607_130209\"\n\t\t\t\t\tsrc=\"https:\/\/dom-glina.hr\/wp-content\/gallery\/posjet-predstavnika-veleposlanstva-sad-a-2019\/thumbs\/thumbs_20190607_130209.jpg\"\n\t\t\t\t\twidth=\"240\"\n\t\t\t\t\theight=\"160\"\n\t\t\t\t\tstyle=\"max-width:100%;\"\n\t\t\t\t\/>\n\t\t\t<\/a>\n\t\t<\/div>\n\t\t\t\t\t\t\t<\/div> \n\t\t\t\n\t\t\t\t<div id=\"ngg-image-7\" class=\"ngg-gallery-thumbnail-box \n\t\t\t\t\t\t\t\t\t\t\t\" \n\t\t\t>\n\t\t\t\t\t\t<div class=\"ngg-gallery-thumbnail\">\n\t\t\t<a href=\"https:\/\/dom-glina.hr\/wp-content\/gallery\/posjet-predstavnika-veleposlanstva-sad-a-2019\/20190607_130219.jpg\"\n\t\t\t\ttitle=\"\"\n\t\t\t\tdata-src=\"https:\/\/dom-glina.hr\/wp-content\/gallery\/posjet-predstavnika-veleposlanstva-sad-a-2019\/20190607_130219.jpg\"\n\t\t\t\tdata-thumbnail=\"https:\/\/dom-glina.hr\/wp-content\/gallery\/posjet-predstavnika-veleposlanstva-sad-a-2019\/thumbs\/thumbs_20190607_130219.jpg\"\n\t\t\t\tdata-image-id=\"562\"\n\t\t\t\tdata-title=\"20190607_130219\"\n\t\t\t\tdata-description=\"\"\n\t\t\t\tdata-image-slug=\"20190607_130219\"\n\t\t\t\tclass=\"ngg-fancybox\" rel=\"7ca8718c79445c2bb6a4ae9d13a417a2\">\n\t\t\t\t<img\n\t\t\t\t\ttitle=\"20190607_130219\"\n\t\t\t\t\talt=\"20190607_130219\"\n\t\t\t\t\tsrc=\"https:\/\/dom-glina.hr\/wp-content\/gallery\/posjet-predstavnika-veleposlanstva-sad-a-2019\/thumbs\/thumbs_20190607_130219.jpg\"\n\t\t\t\t\twidth=\"240\"\n\t\t\t\t\theight=\"160\"\n\t\t\t\t\tstyle=\"max-width:100%;\"\n\t\t\t\t\/>\n\t\t\t<\/a>\n\t\t<\/div>\n\t\t\t\t\t\t\t<\/div> \n\t\t\t\n\t\t\t\t<div id=\"ngg-image-8\" class=\"ngg-gallery-thumbnail-box \n\t\t\t\t\t\t\t\t\t\t\t\" \n\t\t\t>\n\t\t\t\t\t\t<div class=\"ngg-gallery-thumbnail\">\n\t\t\t<a href=\"https:\/\/dom-glina.hr\/wp-content\/gallery\/posjet-predstavnika-veleposlanstva-sad-a-2019\/20190607_130250.jpg\"\n\t\t\t\ttitle=\"\"\n\t\t\t\tdata-src=\"https:\/\/dom-glina.hr\/wp-content\/gallery\/posjet-predstavnika-veleposlanstva-sad-a-2019\/20190607_130250.jpg\"\n\t\t\t\tdata-thumbnail=\"https:\/\/dom-glina.hr\/wp-content\/gallery\/posjet-predstavnika-veleposlanstva-sad-a-2019\/thumbs\/thumbs_20190607_130250.jpg\"\n\t\t\t\tdata-image-id=\"563\"\n\t\t\t\tdata-title=\"20190607_130250\"\n\t\t\t\tdata-description=\"\"\n\t\t\t\tdata-image-slug=\"20190607_130250\"\n\t\t\t\tclass=\"ngg-fancybox\" rel=\"7ca8718c79445c2bb6a4ae9d13a417a2\">\n\t\t\t\t<img\n\t\t\t\t\ttitle=\"20190607_130250\"\n\t\t\t\t\talt=\"20190607_130250\"\n\t\t\t\t\tsrc=\"https:\/\/dom-glina.hr\/wp-content\/gallery\/posjet-predstavnika-veleposlanstva-sad-a-2019\/thumbs\/thumbs_20190607_130250.jpg\"\n\t\t\t\t\twidth=\"240\"\n\t\t\t\t\theight=\"160\"\n\t\t\t\t\tstyle=\"max-width:100%;\"\n\t\t\t\t\/>\n\t\t\t<\/a>\n\t\t<\/div>\n\t\t\t\t\t\t\t<\/div> \n\t\t\t\n\t\t\t\t<div id=\"ngg-image-9\" class=\"ngg-gallery-thumbnail-box \n\t\t\t\t\t\t\t\t\t\t\t\" \n\t\t\t>\n\t\t\t\t\t\t<div class=\"ngg-gallery-thumbnail\">\n\t\t\t<a href=\"https:\/\/dom-glina.hr\/wp-content\/gallery\/posjet-predstavnika-veleposlanstva-sad-a-2019\/20190607_130252.jpg\"\n\t\t\t\ttitle=\"\"\n\t\t\t\tdata-src=\"https:\/\/dom-glina.hr\/wp-content\/gallery\/posjet-predstavnika-veleposlanstva-sad-a-2019\/20190607_130252.jpg\"\n\t\t\t\tdata-thumbnail=\"https:\/\/dom-glina.hr\/wp-content\/gallery\/posjet-predstavnika-veleposlanstva-sad-a-2019\/thumbs\/thumbs_20190607_130252.jpg\"\n\t\t\t\tdata-image-id=\"564\"\n\t\t\t\tdata-title=\"20190607_130252\"\n\t\t\t\tdata-description=\"\"\n\t\t\t\tdata-image-slug=\"20190607_130252\"\n\t\t\t\tclass=\"ngg-fancybox\" rel=\"7ca8718c79445c2bb6a4ae9d13a417a2\">\n\t\t\t\t<img\n\t\t\t\t\ttitle=\"20190607_130252\"\n\t\t\t\t\talt=\"20190607_130252\"\n\t\t\t\t\tsrc=\"https:\/\/dom-glina.hr\/wp-content\/gallery\/posjet-predstavnika-veleposlanstva-sad-a-2019\/thumbs\/thumbs_20190607_130252.jpg\"\n\t\t\t\t\twidth=\"240\"\n\t\t\t\t\theight=\"160\"\n\t\t\t\t\tstyle=\"max-width:100%;\"\n\t\t\t\t\/>\n\t\t\t<\/a>\n\t\t<\/div>\n\t\t\t\t\t\t\t<\/div> \n\t\t\t\n\t\t\t\t<div id=\"ngg-image-10\" class=\"ngg-gallery-thumbnail-box \n\t\t\t\t\t\t\t\t\t\t\t\" \n\t\t\t>\n\t\t\t\t\t\t<div class=\"ngg-gallery-thumbnail\">\n\t\t\t<a href=\"https:\/\/dom-glina.hr\/wp-content\/gallery\/posjet-predstavnika-veleposlanstva-sad-a-2019\/20190607_130413.jpg\"\n\t\t\t\ttitle=\"\"\n\t\t\t\tdata-src=\"https:\/\/dom-glina.hr\/wp-content\/gallery\/posjet-predstavnika-veleposlanstva-sad-a-2019\/20190607_130413.jpg\"\n\t\t\t\tdata-thumbnail=\"https:\/\/dom-glina.hr\/wp-content\/gallery\/posjet-predstavnika-veleposlanstva-sad-a-2019\/thumbs\/thumbs_20190607_130413.jpg\"\n\t\t\t\tdata-image-id=\"565\"\n\t\t\t\tdata-title=\"20190607_130413\"\n\t\t\t\tdata-description=\"\"\n\t\t\t\tdata-image-slug=\"20190607_130413\"\n\t\t\t\tclass=\"ngg-fancybox\" rel=\"7ca8718c79445c2bb6a4ae9d13a417a2\">\n\t\t\t\t<img\n\t\t\t\t\ttitle=\"20190607_130413\"\n\t\t\t\t\talt=\"20190607_130413\"\n\t\t\t\t\tsrc=\"https:\/\/dom-glina.hr\/wp-content\/gallery\/posjet-predstavnika-veleposlanstva-sad-a-2019\/thumbs\/thumbs_20190607_130413.jpg\"\n\t\t\t\t\twidth=\"240\"\n\t\t\t\t\theight=\"160\"\n\t\t\t\t\tstyle=\"max-width:100%;\"\n\t\t\t\t\/>\n\t\t\t<\/a>\n\t\t<\/div>\n\t\t\t\t\t\t\t<\/div> \n\t\t\t\n\t\t\t\t<div id=\"ngg-image-11\" class=\"ngg-gallery-thumbnail-box \n\t\t\t\t\t\t\t\t\t\t\t\" \n\t\t\t>\n\t\t\t\t\t\t<div class=\"ngg-gallery-thumbnail\">\n\t\t\t<a href=\"https:\/\/dom-glina.hr\/wp-content\/gallery\/posjet-predstavnika-veleposlanstva-sad-a-2019\/20190607_130419.jpg\"\n\t\t\t\ttitle=\"\"\n\t\t\t\tdata-src=\"https:\/\/dom-glina.hr\/wp-content\/gallery\/posjet-predstavnika-veleposlanstva-sad-a-2019\/20190607_130419.jpg\"\n\t\t\t\tdata-thumbnail=\"https:\/\/dom-glina.hr\/wp-content\/gallery\/posjet-predstavnika-veleposlanstva-sad-a-2019\/thumbs\/thumbs_20190607_130419.jpg\"\n\t\t\t\tdata-image-id=\"566\"\n\t\t\t\tdata-title=\"20190607_130419\"\n\t\t\t\tdata-description=\"\"\n\t\t\t\tdata-image-slug=\"20190607_130419\"\n\t\t\t\tclass=\"ngg-fancybox\" rel=\"7ca8718c79445c2bb6a4ae9d13a417a2\">\n\t\t\t\t<img\n\t\t\t\t\ttitle=\"20190607_130419\"\n\t\t\t\t\talt=\"20190607_130419\"\n\t\t\t\t\tsrc=\"https:\/\/dom-glina.hr\/wp-content\/gallery\/posjet-predstavnika-veleposlanstva-sad-a-2019\/thumbs\/thumbs_20190607_130419.jpg\"\n\t\t\t\t\twidth=\"240\"\n\t\t\t\t\theight=\"160\"\n\t\t\t\t\tstyle=\"max-width:100%;\"\n\t\t\t\t\/>\n\t\t\t<\/a>\n\t\t<\/div>\n\t\t\t\t\t\t\t<\/div> \n\t\t\t\n\t\t\t\t<div id=\"ngg-image-12\" class=\"ngg-gallery-thumbnail-box \n\t\t\t\t\t\t\t\t\t\t\t\" \n\t\t\t>\n\t\t\t\t\t\t<div class=\"ngg-gallery-thumbnail\">\n\t\t\t<a href=\"https:\/\/dom-glina.hr\/wp-content\/gallery\/posjet-predstavnika-veleposlanstva-sad-a-2019\/20190607_130434.jpg\"\n\t\t\t\ttitle=\"\"\n\t\t\t\tdata-src=\"https:\/\/dom-glina.hr\/wp-content\/gallery\/posjet-predstavnika-veleposlanstva-sad-a-2019\/20190607_130434.jpg\"\n\t\t\t\tdata-thumbnail=\"https:\/\/dom-glina.hr\/wp-content\/gallery\/posjet-predstavnika-veleposlanstva-sad-a-2019\/thumbs\/thumbs_20190607_130434.jpg\"\n\t\t\t\tdata-image-id=\"567\"\n\t\t\t\tdata-title=\"20190607_130434\"\n\t\t\t\tdata-description=\"\"\n\t\t\t\tdata-image-slug=\"20190607_130434\"\n\t\t\t\tclass=\"ngg-fancybox\" rel=\"7ca8718c79445c2bb6a4ae9d13a417a2\">\n\t\t\t\t<img\n\t\t\t\t\ttitle=\"20190607_130434\"\n\t\t\t\t\talt=\"20190607_130434\"\n\t\t\t\t\tsrc=\"https:\/\/dom-glina.hr\/wp-content\/gallery\/posjet-predstavnika-veleposlanstva-sad-a-2019\/thumbs\/thumbs_20190607_130434.jpg\"\n\t\t\t\t\twidth=\"240\"\n\t\t\t\t\theight=\"160\"\n\t\t\t\t\tstyle=\"max-width:100%;\"\n\t\t\t\t\/>\n\t\t\t<\/a>\n\t\t<\/div>\n\t\t\t\t\t\t\t<\/div> \n\t\t\t\n\t\t\t\t<div id=\"ngg-image-13\" class=\"ngg-gallery-thumbnail-box \n\t\t\t\t\t\t\t\t\t\t\t\" \n\t\t\t>\n\t\t\t\t\t\t<div class=\"ngg-gallery-thumbnail\">\n\t\t\t<a href=\"https:\/\/dom-glina.hr\/wp-content\/gallery\/posjet-predstavnika-veleposlanstva-sad-a-2019\/20190607_130740.jpg\"\n\t\t\t\ttitle=\"\"\n\t\t\t\tdata-src=\"https:\/\/dom-glina.hr\/wp-content\/gallery\/posjet-predstavnika-veleposlanstva-sad-a-2019\/20190607_130740.jpg\"\n\t\t\t\tdata-thumbnail=\"https:\/\/dom-glina.hr\/wp-content\/gallery\/posjet-predstavnika-veleposlanstva-sad-a-2019\/thumbs\/thumbs_20190607_130740.jpg\"\n\t\t\t\tdata-image-id=\"568\"\n\t\t\t\tdata-title=\"20190607_130740\"\n\t\t\t\tdata-description=\"\"\n\t\t\t\tdata-image-slug=\"20190607_130740\"\n\t\t\t\tclass=\"ngg-fancybox\" rel=\"7ca8718c79445c2bb6a4ae9d13a417a2\">\n\t\t\t\t<img\n\t\t\t\t\ttitle=\"20190607_130740\"\n\t\t\t\t\talt=\"20190607_130740\"\n\t\t\t\t\tsrc=\"https:\/\/dom-glina.hr\/wp-content\/gallery\/posjet-predstavnika-veleposlanstva-sad-a-2019\/thumbs\/thumbs_20190607_130740.jpg\"\n\t\t\t\t\twidth=\"240\"\n\t\t\t\t\theight=\"160\"\n\t\t\t\t\tstyle=\"max-width:100%;\"\n\t\t\t\t\/>\n\t\t\t<\/a>\n\t\t<\/div>\n\t\t\t\t\t\t\t<\/div> \n\t\t\t\n\t\n\t<br style=\"clear: both\" \/>\n\n\t\n\t\t<!-- Pagination -->\n\t\t<div class='ngg-clear'><\/div>\t<\/div>\n\n","protected":false},"excerpt":{"rendered":"<p>Dana 7. lipnja 2019. god. posjetili su nas predstavnici Veleposlanstva Sjedinjenih Ameri\u010dkih Dr\u017eava te predstavnica UNHCR-a Kristina Beni\u0107 Belavi\u0107. Cilj posjete bio je obilazak nekoliko lokacija na kojima se provodi Regionalni Stambeni Projekt. &nbsp; &#8221; order_by=&#8221;sortorder&#8221; order_direction=&#8221;ASC&#8221; returns=&#8221;included&#8221; maximum_entity_count=&#8221;500&#8243;]<\/p>\n","protected":false},"author":1,"featured_media":2488,"comment_status":"closed","ping_status":"closed","sticky":false,"template":"","format":"standard","meta":{"_monsterinsights_skip_tracking":false,"_monsterinsights_sitenote_active":false,"_monsterinsights_sitenote_note":"","_monsterinsights_sitenote_category":0,"ngg_post_thumbnail":0,"footnotes":""},"categories":[2],"tags":[],"aioseo_notices":[],"_links":{"self":[{"href":"https:\/\/dom-glina.hr\/index.php?rest_route=\/wp\/v2\/posts\/2479"}],"collection":[{"href":"https:\/\/dom-glina.hr\/index.php?rest_route=\/wp\/v2\/posts"}],"about":[{"href":"https:\/\/dom-glina.hr\/index.php?rest_route=\/wp\/v2\/types\/post"}],"author":[{"embeddable":true,"href":"https:\/\/dom-glina.hr\/index.php?rest_route=\/wp\/v2\/users\/1"}],"replies":[{"embeddable":true,"href":"https:\/\/dom-glina.hr\/index.php?rest_route=%2Fwp%2Fv2%2Fcomments&post=2479"}],"version-history":[{"count":1,"href":"https:\/\/dom-glina.hr\/index.php?rest_route=\/wp\/v2\/posts\/2479\/revisions"}],"predecessor-version":[{"id":2489,"href":"https:\/\/dom-glina.hr\/index.php?rest_route=\/wp\/v2\/posts\/2479\/revisions\/2489"}],"wp:featuredmedia":[{"embeddable":true,"href":"https:\/\/dom-glina.hr\/index.php?rest_route=\/wp\/v2\/media\/2488"}],"wp:attachment":[{"href":"https:\/\/dom-glina.hr\/index.php?rest_route=%2Fwp%2Fv2%2Fmedia&parent=2479"}],"wp:term":[{"taxonomy":"category","embeddable":true,"href":"https:\/\/dom-glina.hr\/index.php?rest_route=%2Fwp%2Fv2%2Fcategories&post=2479"},{"taxonomy":"post_tag","embeddable":true,"href":"https:\/\/dom-glina.hr\/index.php?rest_route=%2Fwp%2Fv2%2Ftags&post=2479"}],"curies":[{"name":"wp","href":"https:\/\/api.w.org\/{rel}","templated":true}]}}