{"id":2424,"date":"2019-05-23T14:55:09","date_gmt":"2019-05-23T12:55:09","guid":{"rendered":"http:\/\/dom-glina.hr\/?p=2424"},"modified":"2019-05-23T14:55:09","modified_gmt":"2019-05-23T12:55:09","slug":"proslava-rodendana-2","status":"publish","type":"post","link":"https:\/\/dom-glina.hr\/?p=2424","title":{"rendered":"Proslava ro\u0111endana"},"content":{"rendered":"<p style=\"text-align: justify;\">22.05.2019. godine u Domu smo po obi\u010daju veselo obilje\u017eili ro\u0111endane na\u0161ih korisnika uz pjesmu, tortu i poklone. Uz muziku harmonike bilo je tu spontanih be\u0107araca i plesa.<\/p>\n<p>&nbsp;<\/p>\n<!-- default-view.php -->\n<div\n\tclass=\"ngg-galleryoverview default-view \n\t ngg-ajax-pagination-none\t\"\n\tid=\"ngg-gallery-61064d9bb9dd6f8285c73edda659e59f-1\">\n\n\t\t<!-- Thumbnails -->\n\t\t\t\t<div id=\"ngg-image-0\" class=\"ngg-gallery-thumbnail-box \n\t\t\t\t\t\t\t\t\t\t\t\" \n\t\t\t>\n\t\t\t\t\t\t<div class=\"ngg-gallery-thumbnail\">\n\t\t\t<a href=\"https:\/\/dom-glina.hr\/wp-content\/gallery\/proslava-rodendana-052019\/20190522_131057.jpg\"\n\t\t\t\ttitle=\"\"\n\t\t\t\tdata-src=\"https:\/\/dom-glina.hr\/wp-content\/gallery\/proslava-rodendana-052019\/20190522_131057.jpg\"\n\t\t\t\tdata-thumbnail=\"https:\/\/dom-glina.hr\/wp-content\/gallery\/proslava-rodendana-052019\/thumbs\/thumbs_20190522_131057.jpg\"\n\t\t\t\tdata-image-id=\"526\"\n\t\t\t\tdata-title=\"20190522_131057\"\n\t\t\t\tdata-description=\"\"\n\t\t\t\tdata-image-slug=\"20190522_131057\"\n\t\t\t\tclass=\"ngg-fancybox\" rel=\"61064d9bb9dd6f8285c73edda659e59f\">\n\t\t\t\t<img\n\t\t\t\t\ttitle=\"20190522_131057\"\n\t\t\t\t\talt=\"20190522_131057\"\n\t\t\t\t\tsrc=\"https:\/\/dom-glina.hr\/wp-content\/gallery\/proslava-rodendana-052019\/thumbs\/thumbs_20190522_131057.jpg\"\n\t\t\t\t\twidth=\"240\"\n\t\t\t\t\theight=\"160\"\n\t\t\t\t\tstyle=\"max-width:100%;\"\n\t\t\t\t\/>\n\t\t\t<\/a>\n\t\t<\/div>\n\t\t\t\t\t\t\t<\/div> \n\t\t\t\n\t\t\t\t<div id=\"ngg-image-1\" class=\"ngg-gallery-thumbnail-box \n\t\t\t\t\t\t\t\t\t\t\t\" \n\t\t\t>\n\t\t\t\t\t\t<div class=\"ngg-gallery-thumbnail\">\n\t\t\t<a href=\"https:\/\/dom-glina.hr\/wp-content\/gallery\/proslava-rodendana-052019\/20190522_131128.jpg\"\n\t\t\t\ttitle=\"\"\n\t\t\t\tdata-src=\"https:\/\/dom-glina.hr\/wp-content\/gallery\/proslava-rodendana-052019\/20190522_131128.jpg\"\n\t\t\t\tdata-thumbnail=\"https:\/\/dom-glina.hr\/wp-content\/gallery\/proslava-rodendana-052019\/thumbs\/thumbs_20190522_131128.jpg\"\n\t\t\t\tdata-image-id=\"527\"\n\t\t\t\tdata-title=\"20190522_131128\"\n\t\t\t\tdata-description=\"\"\n\t\t\t\tdata-image-slug=\"20190522_131128\"\n\t\t\t\tclass=\"ngg-fancybox\" rel=\"61064d9bb9dd6f8285c73edda659e59f\">\n\t\t\t\t<img\n\t\t\t\t\ttitle=\"20190522_131128\"\n\t\t\t\t\talt=\"20190522_131128\"\n\t\t\t\t\tsrc=\"https:\/\/dom-glina.hr\/wp-content\/gallery\/proslava-rodendana-052019\/thumbs\/thumbs_20190522_131128.jpg\"\n\t\t\t\t\twidth=\"240\"\n\t\t\t\t\theight=\"160\"\n\t\t\t\t\tstyle=\"max-width:100%;\"\n\t\t\t\t\/>\n\t\t\t<\/a>\n\t\t<\/div>\n\t\t\t\t\t\t\t<\/div> \n\t\t\t\n\t\t\t\t<div id=\"ngg-image-2\" class=\"ngg-gallery-thumbnail-box \n\t\t\t\t\t\t\t\t\t\t\t\" \n\t\t\t>\n\t\t\t\t\t\t<div class=\"ngg-gallery-thumbnail\">\n\t\t\t<a href=\"https:\/\/dom-glina.hr\/wp-content\/gallery\/proslava-rodendana-052019\/20190522_131321.jpg\"\n\t\t\t\ttitle=\"\"\n\t\t\t\tdata-src=\"https:\/\/dom-glina.hr\/wp-content\/gallery\/proslava-rodendana-052019\/20190522_131321.jpg\"\n\t\t\t\tdata-thumbnail=\"https:\/\/dom-glina.hr\/wp-content\/gallery\/proslava-rodendana-052019\/thumbs\/thumbs_20190522_131321.jpg\"\n\t\t\t\tdata-image-id=\"528\"\n\t\t\t\tdata-title=\"20190522_131321\"\n\t\t\t\tdata-description=\"\"\n\t\t\t\tdata-image-slug=\"20190522_131321\"\n\t\t\t\tclass=\"ngg-fancybox\" rel=\"61064d9bb9dd6f8285c73edda659e59f\">\n\t\t\t\t<img\n\t\t\t\t\ttitle=\"20190522_131321\"\n\t\t\t\t\talt=\"20190522_131321\"\n\t\t\t\t\tsrc=\"https:\/\/dom-glina.hr\/wp-content\/gallery\/proslava-rodendana-052019\/thumbs\/thumbs_20190522_131321.jpg\"\n\t\t\t\t\twidth=\"240\"\n\t\t\t\t\theight=\"160\"\n\t\t\t\t\tstyle=\"max-width:100%;\"\n\t\t\t\t\/>\n\t\t\t<\/a>\n\t\t<\/div>\n\t\t\t\t\t\t\t<\/div> \n\t\t\t\n\t\t\t\t<div id=\"ngg-image-3\" class=\"ngg-gallery-thumbnail-box \n\t\t\t\t\t\t\t\t\t\t\t\" \n\t\t\t>\n\t\t\t\t\t\t<div class=\"ngg-gallery-thumbnail\">\n\t\t\t<a href=\"https:\/\/dom-glina.hr\/wp-content\/gallery\/proslava-rodendana-052019\/20190522_131408.jpg\"\n\t\t\t\ttitle=\"\"\n\t\t\t\tdata-src=\"https:\/\/dom-glina.hr\/wp-content\/gallery\/proslava-rodendana-052019\/20190522_131408.jpg\"\n\t\t\t\tdata-thumbnail=\"https:\/\/dom-glina.hr\/wp-content\/gallery\/proslava-rodendana-052019\/thumbs\/thumbs_20190522_131408.jpg\"\n\t\t\t\tdata-image-id=\"529\"\n\t\t\t\tdata-title=\"20190522_131408\"\n\t\t\t\tdata-description=\"\"\n\t\t\t\tdata-image-slug=\"20190522_131408\"\n\t\t\t\tclass=\"ngg-fancybox\" rel=\"61064d9bb9dd6f8285c73edda659e59f\">\n\t\t\t\t<img\n\t\t\t\t\ttitle=\"20190522_131408\"\n\t\t\t\t\talt=\"20190522_131408\"\n\t\t\t\t\tsrc=\"https:\/\/dom-glina.hr\/wp-content\/gallery\/proslava-rodendana-052019\/thumbs\/thumbs_20190522_131408.jpg\"\n\t\t\t\t\twidth=\"240\"\n\t\t\t\t\theight=\"160\"\n\t\t\t\t\tstyle=\"max-width:100%;\"\n\t\t\t\t\/>\n\t\t\t<\/a>\n\t\t<\/div>\n\t\t\t\t\t\t\t<\/div> \n\t\t\t\n\t\t\t\t<div id=\"ngg-image-4\" class=\"ngg-gallery-thumbnail-box \n\t\t\t\t\t\t\t\t\t\t\t\" \n\t\t\t>\n\t\t\t\t\t\t<div class=\"ngg-gallery-thumbnail\">\n\t\t\t<a href=\"https:\/\/dom-glina.hr\/wp-content\/gallery\/proslava-rodendana-052019\/20190522_131439.jpg\"\n\t\t\t\ttitle=\"\"\n\t\t\t\tdata-src=\"https:\/\/dom-glina.hr\/wp-content\/gallery\/proslava-rodendana-052019\/20190522_131439.jpg\"\n\t\t\t\tdata-thumbnail=\"https:\/\/dom-glina.hr\/wp-content\/gallery\/proslava-rodendana-052019\/thumbs\/thumbs_20190522_131439.jpg\"\n\t\t\t\tdata-image-id=\"530\"\n\t\t\t\tdata-title=\"20190522_131439\"\n\t\t\t\tdata-description=\"\"\n\t\t\t\tdata-image-slug=\"20190522_131439\"\n\t\t\t\tclass=\"ngg-fancybox\" rel=\"61064d9bb9dd6f8285c73edda659e59f\">\n\t\t\t\t<img\n\t\t\t\t\ttitle=\"20190522_131439\"\n\t\t\t\t\talt=\"20190522_131439\"\n\t\t\t\t\tsrc=\"https:\/\/dom-glina.hr\/wp-content\/gallery\/proslava-rodendana-052019\/thumbs\/thumbs_20190522_131439.jpg\"\n\t\t\t\t\twidth=\"240\"\n\t\t\t\t\theight=\"160\"\n\t\t\t\t\tstyle=\"max-width:100%;\"\n\t\t\t\t\/>\n\t\t\t<\/a>\n\t\t<\/div>\n\t\t\t\t\t\t\t<\/div> \n\t\t\t\n\t\t\t\t<div id=\"ngg-image-5\" class=\"ngg-gallery-thumbnail-box \n\t\t\t\t\t\t\t\t\t\t\t\" \n\t\t\t>\n\t\t\t\t\t\t<div class=\"ngg-gallery-thumbnail\">\n\t\t\t<a href=\"https:\/\/dom-glina.hr\/wp-content\/gallery\/proslava-rodendana-052019\/20190522_131509.jpg\"\n\t\t\t\ttitle=\"\"\n\t\t\t\tdata-src=\"https:\/\/dom-glina.hr\/wp-content\/gallery\/proslava-rodendana-052019\/20190522_131509.jpg\"\n\t\t\t\tdata-thumbnail=\"https:\/\/dom-glina.hr\/wp-content\/gallery\/proslava-rodendana-052019\/thumbs\/thumbs_20190522_131509.jpg\"\n\t\t\t\tdata-image-id=\"531\"\n\t\t\t\tdata-title=\"20190522_131509\"\n\t\t\t\tdata-description=\"\"\n\t\t\t\tdata-image-slug=\"20190522_131509\"\n\t\t\t\tclass=\"ngg-fancybox\" rel=\"61064d9bb9dd6f8285c73edda659e59f\">\n\t\t\t\t<img\n\t\t\t\t\ttitle=\"20190522_131509\"\n\t\t\t\t\talt=\"20190522_131509\"\n\t\t\t\t\tsrc=\"https:\/\/dom-glina.hr\/wp-content\/gallery\/proslava-rodendana-052019\/thumbs\/thumbs_20190522_131509.jpg\"\n\t\t\t\t\twidth=\"240\"\n\t\t\t\t\theight=\"160\"\n\t\t\t\t\tstyle=\"max-width:100%;\"\n\t\t\t\t\/>\n\t\t\t<\/a>\n\t\t<\/div>\n\t\t\t\t\t\t\t<\/div> \n\t\t\t\n\t\t\t\t<div id=\"ngg-image-6\" class=\"ngg-gallery-thumbnail-box \n\t\t\t\t\t\t\t\t\t\t\t\" \n\t\t\t>\n\t\t\t\t\t\t<div class=\"ngg-gallery-thumbnail\">\n\t\t\t<a href=\"https:\/\/dom-glina.hr\/wp-content\/gallery\/proslava-rodendana-052019\/20190522_131540.jpg\"\n\t\t\t\ttitle=\"\"\n\t\t\t\tdata-src=\"https:\/\/dom-glina.hr\/wp-content\/gallery\/proslava-rodendana-052019\/20190522_131540.jpg\"\n\t\t\t\tdata-thumbnail=\"https:\/\/dom-glina.hr\/wp-content\/gallery\/proslava-rodendana-052019\/thumbs\/thumbs_20190522_131540.jpg\"\n\t\t\t\tdata-image-id=\"532\"\n\t\t\t\tdata-title=\"20190522_131540\"\n\t\t\t\tdata-description=\"\"\n\t\t\t\tdata-image-slug=\"20190522_131540\"\n\t\t\t\tclass=\"ngg-fancybox\" rel=\"61064d9bb9dd6f8285c73edda659e59f\">\n\t\t\t\t<img\n\t\t\t\t\ttitle=\"20190522_131540\"\n\t\t\t\t\talt=\"20190522_131540\"\n\t\t\t\t\tsrc=\"https:\/\/dom-glina.hr\/wp-content\/gallery\/proslava-rodendana-052019\/thumbs\/thumbs_20190522_131540.jpg\"\n\t\t\t\t\twidth=\"240\"\n\t\t\t\t\theight=\"160\"\n\t\t\t\t\tstyle=\"max-width:100%;\"\n\t\t\t\t\/>\n\t\t\t<\/a>\n\t\t<\/div>\n\t\t\t\t\t\t\t<\/div> \n\t\t\t\n\t\t\t\t<div id=\"ngg-image-7\" class=\"ngg-gallery-thumbnail-box \n\t\t\t\t\t\t\t\t\t\t\t\" \n\t\t\t>\n\t\t\t\t\t\t<div class=\"ngg-gallery-thumbnail\">\n\t\t\t<a href=\"https:\/\/dom-glina.hr\/wp-content\/gallery\/proslava-rodendana-052019\/20190522_131602.jpg\"\n\t\t\t\ttitle=\"\"\n\t\t\t\tdata-src=\"https:\/\/dom-glina.hr\/wp-content\/gallery\/proslava-rodendana-052019\/20190522_131602.jpg\"\n\t\t\t\tdata-thumbnail=\"https:\/\/dom-glina.hr\/wp-content\/gallery\/proslava-rodendana-052019\/thumbs\/thumbs_20190522_131602.jpg\"\n\t\t\t\tdata-image-id=\"533\"\n\t\t\t\tdata-title=\"20190522_131602\"\n\t\t\t\tdata-description=\"\"\n\t\t\t\tdata-image-slug=\"20190522_131602\"\n\t\t\t\tclass=\"ngg-fancybox\" rel=\"61064d9bb9dd6f8285c73edda659e59f\">\n\t\t\t\t<img\n\t\t\t\t\ttitle=\"20190522_131602\"\n\t\t\t\t\talt=\"20190522_131602\"\n\t\t\t\t\tsrc=\"https:\/\/dom-glina.hr\/wp-content\/gallery\/proslava-rodendana-052019\/thumbs\/thumbs_20190522_131602.jpg\"\n\t\t\t\t\twidth=\"240\"\n\t\t\t\t\theight=\"160\"\n\t\t\t\t\tstyle=\"max-width:100%;\"\n\t\t\t\t\/>\n\t\t\t<\/a>\n\t\t<\/div>\n\t\t\t\t\t\t\t<\/div> \n\t\t\t\n\t\t\t\t<div id=\"ngg-image-8\" class=\"ngg-gallery-thumbnail-box \n\t\t\t\t\t\t\t\t\t\t\t\" \n\t\t\t>\n\t\t\t\t\t\t<div class=\"ngg-gallery-thumbnail\">\n\t\t\t<a href=\"https:\/\/dom-glina.hr\/wp-content\/gallery\/proslava-rodendana-052019\/20190522_131638.jpg\"\n\t\t\t\ttitle=\"\"\n\t\t\t\tdata-src=\"https:\/\/dom-glina.hr\/wp-content\/gallery\/proslava-rodendana-052019\/20190522_131638.jpg\"\n\t\t\t\tdata-thumbnail=\"https:\/\/dom-glina.hr\/wp-content\/gallery\/proslava-rodendana-052019\/thumbs\/thumbs_20190522_131638.jpg\"\n\t\t\t\tdata-image-id=\"534\"\n\t\t\t\tdata-title=\"20190522_131638\"\n\t\t\t\tdata-description=\"\"\n\t\t\t\tdata-image-slug=\"20190522_131638\"\n\t\t\t\tclass=\"ngg-fancybox\" rel=\"61064d9bb9dd6f8285c73edda659e59f\">\n\t\t\t\t<img\n\t\t\t\t\ttitle=\"20190522_131638\"\n\t\t\t\t\talt=\"20190522_131638\"\n\t\t\t\t\tsrc=\"https:\/\/dom-glina.hr\/wp-content\/gallery\/proslava-rodendana-052019\/thumbs\/thumbs_20190522_131638.jpg\"\n\t\t\t\t\twidth=\"240\"\n\t\t\t\t\theight=\"160\"\n\t\t\t\t\tstyle=\"max-width:100%;\"\n\t\t\t\t\/>\n\t\t\t<\/a>\n\t\t<\/div>\n\t\t\t\t\t\t\t<\/div> \n\t\t\t\n\t\t\t\t<div id=\"ngg-image-9\" class=\"ngg-gallery-thumbnail-box \n\t\t\t\t\t\t\t\t\t\t\t\" \n\t\t\t>\n\t\t\t\t\t\t<div class=\"ngg-gallery-thumbnail\">\n\t\t\t<a href=\"https:\/\/dom-glina.hr\/wp-content\/gallery\/proslava-rodendana-052019\/20190522_131706.jpg\"\n\t\t\t\ttitle=\"\"\n\t\t\t\tdata-src=\"https:\/\/dom-glina.hr\/wp-content\/gallery\/proslava-rodendana-052019\/20190522_131706.jpg\"\n\t\t\t\tdata-thumbnail=\"https:\/\/dom-glina.hr\/wp-content\/gallery\/proslava-rodendana-052019\/thumbs\/thumbs_20190522_131706.jpg\"\n\t\t\t\tdata-image-id=\"535\"\n\t\t\t\tdata-title=\"20190522_131706\"\n\t\t\t\tdata-description=\"\"\n\t\t\t\tdata-image-slug=\"20190522_131706\"\n\t\t\t\tclass=\"ngg-fancybox\" rel=\"61064d9bb9dd6f8285c73edda659e59f\">\n\t\t\t\t<img\n\t\t\t\t\ttitle=\"20190522_131706\"\n\t\t\t\t\talt=\"20190522_131706\"\n\t\t\t\t\tsrc=\"https:\/\/dom-glina.hr\/wp-content\/gallery\/proslava-rodendana-052019\/thumbs\/thumbs_20190522_131706.jpg\"\n\t\t\t\t\twidth=\"240\"\n\t\t\t\t\theight=\"160\"\n\t\t\t\t\tstyle=\"max-width:100%;\"\n\t\t\t\t\/>\n\t\t\t<\/a>\n\t\t<\/div>\n\t\t\t\t\t\t\t<\/div> \n\t\t\t\n\t\t\t\t<div id=\"ngg-image-10\" class=\"ngg-gallery-thumbnail-box \n\t\t\t\t\t\t\t\t\t\t\t\" \n\t\t\t>\n\t\t\t\t\t\t<div class=\"ngg-gallery-thumbnail\">\n\t\t\t<a href=\"https:\/\/dom-glina.hr\/wp-content\/gallery\/proslava-rodendana-052019\/20190522_131735.jpg\"\n\t\t\t\ttitle=\"\"\n\t\t\t\tdata-src=\"https:\/\/dom-glina.hr\/wp-content\/gallery\/proslava-rodendana-052019\/20190522_131735.jpg\"\n\t\t\t\tdata-thumbnail=\"https:\/\/dom-glina.hr\/wp-content\/gallery\/proslava-rodendana-052019\/thumbs\/thumbs_20190522_131735.jpg\"\n\t\t\t\tdata-image-id=\"536\"\n\t\t\t\tdata-title=\"20190522_131735\"\n\t\t\t\tdata-description=\"\"\n\t\t\t\tdata-image-slug=\"20190522_131735\"\n\t\t\t\tclass=\"ngg-fancybox\" rel=\"61064d9bb9dd6f8285c73edda659e59f\">\n\t\t\t\t<img\n\t\t\t\t\ttitle=\"20190522_131735\"\n\t\t\t\t\talt=\"20190522_131735\"\n\t\t\t\t\tsrc=\"https:\/\/dom-glina.hr\/wp-content\/gallery\/proslava-rodendana-052019\/thumbs\/thumbs_20190522_131735.jpg\"\n\t\t\t\t\twidth=\"240\"\n\t\t\t\t\theight=\"160\"\n\t\t\t\t\tstyle=\"max-width:100%;\"\n\t\t\t\t\/>\n\t\t\t<\/a>\n\t\t<\/div>\n\t\t\t\t\t\t\t<\/div> \n\t\t\t\n\t\t\t\t<div id=\"ngg-image-11\" class=\"ngg-gallery-thumbnail-box \n\t\t\t\t\t\t\t\t\t\t\t\" \n\t\t\t>\n\t\t\t\t\t\t<div class=\"ngg-gallery-thumbnail\">\n\t\t\t<a href=\"https:\/\/dom-glina.hr\/wp-content\/gallery\/proslava-rodendana-052019\/20190522_133003.jpg\"\n\t\t\t\ttitle=\"\"\n\t\t\t\tdata-src=\"https:\/\/dom-glina.hr\/wp-content\/gallery\/proslava-rodendana-052019\/20190522_133003.jpg\"\n\t\t\t\tdata-thumbnail=\"https:\/\/dom-glina.hr\/wp-content\/gallery\/proslava-rodendana-052019\/thumbs\/thumbs_20190522_133003.jpg\"\n\t\t\t\tdata-image-id=\"537\"\n\t\t\t\tdata-title=\"20190522_133003\"\n\t\t\t\tdata-description=\"\"\n\t\t\t\tdata-image-slug=\"20190522_133003\"\n\t\t\t\tclass=\"ngg-fancybox\" rel=\"61064d9bb9dd6f8285c73edda659e59f\">\n\t\t\t\t<img\n\t\t\t\t\ttitle=\"20190522_133003\"\n\t\t\t\t\talt=\"20190522_133003\"\n\t\t\t\t\tsrc=\"https:\/\/dom-glina.hr\/wp-content\/gallery\/proslava-rodendana-052019\/thumbs\/thumbs_20190522_133003.jpg\"\n\t\t\t\t\twidth=\"240\"\n\t\t\t\t\theight=\"160\"\n\t\t\t\t\tstyle=\"max-width:100%;\"\n\t\t\t\t\/>\n\t\t\t<\/a>\n\t\t<\/div>\n\t\t\t\t\t\t\t<\/div> \n\t\t\t\n\t\t\t\t<div id=\"ngg-image-12\" class=\"ngg-gallery-thumbnail-box \n\t\t\t\t\t\t\t\t\t\t\t\" \n\t\t\t>\n\t\t\t\t\t\t<div class=\"ngg-gallery-thumbnail\">\n\t\t\t<a href=\"https:\/\/dom-glina.hr\/wp-content\/gallery\/proslava-rodendana-052019\/20190522_133017.jpg\"\n\t\t\t\ttitle=\"\"\n\t\t\t\tdata-src=\"https:\/\/dom-glina.hr\/wp-content\/gallery\/proslava-rodendana-052019\/20190522_133017.jpg\"\n\t\t\t\tdata-thumbnail=\"https:\/\/dom-glina.hr\/wp-content\/gallery\/proslava-rodendana-052019\/thumbs\/thumbs_20190522_133017.jpg\"\n\t\t\t\tdata-image-id=\"538\"\n\t\t\t\tdata-title=\"20190522_133017\"\n\t\t\t\tdata-description=\"\"\n\t\t\t\tdata-image-slug=\"20190522_133017\"\n\t\t\t\tclass=\"ngg-fancybox\" rel=\"61064d9bb9dd6f8285c73edda659e59f\">\n\t\t\t\t<img\n\t\t\t\t\ttitle=\"20190522_133017\"\n\t\t\t\t\talt=\"20190522_133017\"\n\t\t\t\t\tsrc=\"https:\/\/dom-glina.hr\/wp-content\/gallery\/proslava-rodendana-052019\/thumbs\/thumbs_20190522_133017.jpg\"\n\t\t\t\t\twidth=\"240\"\n\t\t\t\t\theight=\"160\"\n\t\t\t\t\tstyle=\"max-width:100%;\"\n\t\t\t\t\/>\n\t\t\t<\/a>\n\t\t<\/div>\n\t\t\t\t\t\t\t<\/div> \n\t\t\t\n\t\t\t\t<div id=\"ngg-image-13\" class=\"ngg-gallery-thumbnail-box \n\t\t\t\t\t\t\t\t\t\t\t\" \n\t\t\t>\n\t\t\t\t\t\t<div class=\"ngg-gallery-thumbnail\">\n\t\t\t<a href=\"https:\/\/dom-glina.hr\/wp-content\/gallery\/proslava-rodendana-052019\/20190522_133720.jpg\"\n\t\t\t\ttitle=\"\"\n\t\t\t\tdata-src=\"https:\/\/dom-glina.hr\/wp-content\/gallery\/proslava-rodendana-052019\/20190522_133720.jpg\"\n\t\t\t\tdata-thumbnail=\"https:\/\/dom-glina.hr\/wp-content\/gallery\/proslava-rodendana-052019\/thumbs\/thumbs_20190522_133720.jpg\"\n\t\t\t\tdata-image-id=\"539\"\n\t\t\t\tdata-title=\"20190522_133720\"\n\t\t\t\tdata-description=\"\"\n\t\t\t\tdata-image-slug=\"20190522_133720\"\n\t\t\t\tclass=\"ngg-fancybox\" rel=\"61064d9bb9dd6f8285c73edda659e59f\">\n\t\t\t\t<img\n\t\t\t\t\ttitle=\"20190522_133720\"\n\t\t\t\t\talt=\"20190522_133720\"\n\t\t\t\t\tsrc=\"https:\/\/dom-glina.hr\/wp-content\/gallery\/proslava-rodendana-052019\/thumbs\/thumbs_20190522_133720.jpg\"\n\t\t\t\t\twidth=\"240\"\n\t\t\t\t\theight=\"160\"\n\t\t\t\t\tstyle=\"max-width:100%;\"\n\t\t\t\t\/>\n\t\t\t<\/a>\n\t\t<\/div>\n\t\t\t\t\t\t\t<\/div> \n\t\t\t\n\t\t\t\t<div id=\"ngg-image-14\" class=\"ngg-gallery-thumbnail-box \n\t\t\t\t\t\t\t\t\t\t\t\" \n\t\t\t>\n\t\t\t\t\t\t<div class=\"ngg-gallery-thumbnail\">\n\t\t\t<a href=\"https:\/\/dom-glina.hr\/wp-content\/gallery\/proslava-rodendana-052019\/20190522_134429.jpg\"\n\t\t\t\ttitle=\"\"\n\t\t\t\tdata-src=\"https:\/\/dom-glina.hr\/wp-content\/gallery\/proslava-rodendana-052019\/20190522_134429.jpg\"\n\t\t\t\tdata-thumbnail=\"https:\/\/dom-glina.hr\/wp-content\/gallery\/proslava-rodendana-052019\/thumbs\/thumbs_20190522_134429.jpg\"\n\t\t\t\tdata-image-id=\"540\"\n\t\t\t\tdata-title=\"20190522_134429\"\n\t\t\t\tdata-description=\"\"\n\t\t\t\tdata-image-slug=\"20190522_134429\"\n\t\t\t\tclass=\"ngg-fancybox\" rel=\"61064d9bb9dd6f8285c73edda659e59f\">\n\t\t\t\t<img\n\t\t\t\t\ttitle=\"20190522_134429\"\n\t\t\t\t\talt=\"20190522_134429\"\n\t\t\t\t\tsrc=\"https:\/\/dom-glina.hr\/wp-content\/gallery\/proslava-rodendana-052019\/thumbs\/thumbs_20190522_134429.jpg\"\n\t\t\t\t\twidth=\"240\"\n\t\t\t\t\theight=\"160\"\n\t\t\t\t\tstyle=\"max-width:100%;\"\n\t\t\t\t\/>\n\t\t\t<\/a>\n\t\t<\/div>\n\t\t\t\t\t\t\t<\/div> \n\t\t\t\n\t\t\t\t<div id=\"ngg-image-15\" class=\"ngg-gallery-thumbnail-box \n\t\t\t\t\t\t\t\t\t\t\t\" \n\t\t\t>\n\t\t\t\t\t\t<div class=\"ngg-gallery-thumbnail\">\n\t\t\t<a href=\"https:\/\/dom-glina.hr\/wp-content\/gallery\/proslava-rodendana-052019\/20190522_134437.jpg\"\n\t\t\t\ttitle=\"\"\n\t\t\t\tdata-src=\"https:\/\/dom-glina.hr\/wp-content\/gallery\/proslava-rodendana-052019\/20190522_134437.jpg\"\n\t\t\t\tdata-thumbnail=\"https:\/\/dom-glina.hr\/wp-content\/gallery\/proslava-rodendana-052019\/thumbs\/thumbs_20190522_134437.jpg\"\n\t\t\t\tdata-image-id=\"541\"\n\t\t\t\tdata-title=\"20190522_134437\"\n\t\t\t\tdata-description=\"\"\n\t\t\t\tdata-image-slug=\"20190522_134437\"\n\t\t\t\tclass=\"ngg-fancybox\" rel=\"61064d9bb9dd6f8285c73edda659e59f\">\n\t\t\t\t<img\n\t\t\t\t\ttitle=\"20190522_134437\"\n\t\t\t\t\talt=\"20190522_134437\"\n\t\t\t\t\tsrc=\"https:\/\/dom-glina.hr\/wp-content\/gallery\/proslava-rodendana-052019\/thumbs\/thumbs_20190522_134437.jpg\"\n\t\t\t\t\twidth=\"240\"\n\t\t\t\t\theight=\"160\"\n\t\t\t\t\tstyle=\"max-width:100%;\"\n\t\t\t\t\/>\n\t\t\t<\/a>\n\t\t<\/div>\n\t\t\t\t\t\t\t<\/div> \n\t\t\t\n\t\t\t\t<div id=\"ngg-image-16\" class=\"ngg-gallery-thumbnail-box \n\t\t\t\t\t\t\t\t\t\t\t\" \n\t\t\t>\n\t\t\t\t\t\t<div class=\"ngg-gallery-thumbnail\">\n\t\t\t<a href=\"https:\/\/dom-glina.hr\/wp-content\/gallery\/proslava-rodendana-052019\/20190522_135339.jpg\"\n\t\t\t\ttitle=\"\"\n\t\t\t\tdata-src=\"https:\/\/dom-glina.hr\/wp-content\/gallery\/proslava-rodendana-052019\/20190522_135339.jpg\"\n\t\t\t\tdata-thumbnail=\"https:\/\/dom-glina.hr\/wp-content\/gallery\/proslava-rodendana-052019\/thumbs\/thumbs_20190522_135339.jpg\"\n\t\t\t\tdata-image-id=\"542\"\n\t\t\t\tdata-title=\"20190522_135339\"\n\t\t\t\tdata-description=\"\"\n\t\t\t\tdata-image-slug=\"20190522_135339\"\n\t\t\t\tclass=\"ngg-fancybox\" rel=\"61064d9bb9dd6f8285c73edda659e59f\">\n\t\t\t\t<img\n\t\t\t\t\ttitle=\"20190522_135339\"\n\t\t\t\t\talt=\"20190522_135339\"\n\t\t\t\t\tsrc=\"https:\/\/dom-glina.hr\/wp-content\/gallery\/proslava-rodendana-052019\/thumbs\/thumbs_20190522_135339.jpg\"\n\t\t\t\t\twidth=\"240\"\n\t\t\t\t\theight=\"160\"\n\t\t\t\t\tstyle=\"max-width:100%;\"\n\t\t\t\t\/>\n\t\t\t<\/a>\n\t\t<\/div>\n\t\t\t\t\t\t\t<\/div> \n\t\t\t\n\t\t\t\t<div id=\"ngg-image-17\" class=\"ngg-gallery-thumbnail-box \n\t\t\t\t\t\t\t\t\t\t\t\" \n\t\t\t>\n\t\t\t\t\t\t<div class=\"ngg-gallery-thumbnail\">\n\t\t\t<a href=\"https:\/\/dom-glina.hr\/wp-content\/gallery\/proslava-rodendana-052019\/20190522_135509.jpg\"\n\t\t\t\ttitle=\"\"\n\t\t\t\tdata-src=\"https:\/\/dom-glina.hr\/wp-content\/gallery\/proslava-rodendana-052019\/20190522_135509.jpg\"\n\t\t\t\tdata-thumbnail=\"https:\/\/dom-glina.hr\/wp-content\/gallery\/proslava-rodendana-052019\/thumbs\/thumbs_20190522_135509.jpg\"\n\t\t\t\tdata-image-id=\"543\"\n\t\t\t\tdata-title=\"20190522_135509\"\n\t\t\t\tdata-description=\"\"\n\t\t\t\tdata-image-slug=\"20190522_135509\"\n\t\t\t\tclass=\"ngg-fancybox\" rel=\"61064d9bb9dd6f8285c73edda659e59f\">\n\t\t\t\t<img\n\t\t\t\t\ttitle=\"20190522_135509\"\n\t\t\t\t\talt=\"20190522_135509\"\n\t\t\t\t\tsrc=\"https:\/\/dom-glina.hr\/wp-content\/gallery\/proslava-rodendana-052019\/thumbs\/thumbs_20190522_135509.jpg\"\n\t\t\t\t\twidth=\"240\"\n\t\t\t\t\theight=\"160\"\n\t\t\t\t\tstyle=\"max-width:100%;\"\n\t\t\t\t\/>\n\t\t\t<\/a>\n\t\t<\/div>\n\t\t\t\t\t\t\t<\/div> \n\t\t\t\n\t\n\t<br style=\"clear: both\" \/>\n\n\t\n\t\t<!-- Pagination -->\n\t\t<div class='ngg-clear'><\/div>\t<\/div>\n\n","protected":false},"excerpt":{"rendered":"<p>22.05.2019. godine u Domu smo po obi\u010daju veselo obilje\u017eili ro\u0111endane na\u0161ih korisnika uz pjesmu, tortu i poklone. Uz muziku harmonike bilo je tu spontanih be\u0107araca i plesa. &nbsp; &#8221; order_by=&#8221;sortorder&#8221; order_direction=&#8221;ASC&#8221; returns=&#8221;included&#8221; maximum_entity_count=&#8221;500&#8243;]<\/p>\n","protected":false},"author":1,"featured_media":2425,"comment_status":"closed","ping_status":"closed","sticky":false,"template":"","format":"standard","meta":{"_monsterinsights_skip_tracking":false,"_monsterinsights_sitenote_active":false,"_monsterinsights_sitenote_note":"","_monsterinsights_sitenote_category":0,"ngg_post_thumbnail":0,"footnotes":""},"categories":[2],"tags":[],"aioseo_notices":[],"_links":{"self":[{"href":"https:\/\/dom-glina.hr\/index.php?rest_route=\/wp\/v2\/posts\/2424"}],"collection":[{"href":"https:\/\/dom-glina.hr\/index.php?rest_route=\/wp\/v2\/posts"}],"about":[{"href":"https:\/\/dom-glina.hr\/index.php?rest_route=\/wp\/v2\/types\/post"}],"author":[{"embeddable":true,"href":"https:\/\/dom-glina.hr\/index.php?rest_route=\/wp\/v2\/users\/1"}],"replies":[{"embeddable":true,"href":"https:\/\/dom-glina.hr\/index.php?rest_route=%2Fwp%2Fv2%2Fcomments&post=2424"}],"version-history":[{"count":1,"href":"https:\/\/dom-glina.hr\/index.php?rest_route=\/wp\/v2\/posts\/2424\/revisions"}],"predecessor-version":[{"id":2426,"href":"https:\/\/dom-glina.hr\/index.php?rest_route=\/wp\/v2\/posts\/2424\/revisions\/2426"}],"wp:featuredmedia":[{"embeddable":true,"href":"https:\/\/dom-glina.hr\/index.php?rest_route=\/wp\/v2\/media\/2425"}],"wp:attachment":[{"href":"https:\/\/dom-glina.hr\/index.php?rest_route=%2Fwp%2Fv2%2Fmedia&parent=2424"}],"wp:term":[{"taxonomy":"category","embeddable":true,"href":"https:\/\/dom-glina.hr\/index.php?rest_route=%2Fwp%2Fv2%2Fcategories&post=2424"},{"taxonomy":"post_tag","embeddable":true,"href":"https:\/\/dom-glina.hr\/index.php?rest_route=%2Fwp%2Fv2%2Ftags&post=2424"}],"curies":[{"name":"wp","href":"https:\/\/api.w.org\/{rel}","templated":true}]}}