{"id":2325,"date":"2019-05-07T17:30:13","date_gmt":"2019-05-07T15:30:13","guid":{"rendered":"http:\/\/dom-glina.hr\/?p=2325"},"modified":"2019-05-08T17:32:17","modified_gmt":"2019-05-08T15:32:17","slug":"prva-godisnjica-doma-za-starije-osobe-glina","status":"publish","type":"post","link":"https:\/\/dom-glina.hr\/?p=2325","title":{"rendered":"Prva godi\u0161njica Doma za starije osobe Glina"},"content":{"rendered":"<p style=\"text-align: justify;\">7.svibnja 2019. godine sve\u010dano je obilje\u017eena prva godi\u0161njica postojanja i rada Doma. Sve\u010danom obilje\u017eavanju uz mnogobrojne goste prisustvovali su \u017eupan sisa\u010dko-moslava\u010dki Ivo \u017dini\u0107, te zamjenici \u017eupana Roman Rosavec i Ivan Celjak, pomo\u0107nica ministrice za socijalnu politiku Maja Vu\u010dini\u0107 Kne\u017eevi\u0107, zamjenica dr\u017eavnog tajnika Sredi\u0161njeg dr\u017eavnog ureda za obnovu i stambeno zbrinjavanje Tatjana Vukobratovi\u0107 Spasojevi\u0107, ravnatelj Dr\u017eavne geodetske uprave Damir \u0160antek te gradona\u010delnik grada Gline Stjepan Kostanjevi\u0107. Na sve\u010danosti nastupio je na\u0161 mje\u0161oviti pjeva\u010dki zbor \u201eNovi \u017eivot\u201c, Kulturno umjetni\u010dka udruga Tre\u0107a sre\u0107a te poseban gost pjeva\u010d David Temelkov.<\/p>\n<p>&nbsp;<\/p>\n<!-- default-view.php -->\n<div\n\tclass=\"ngg-galleryoverview default-view \n\t ngg-ajax-pagination-none\t\"\n\tid=\"ngg-gallery-bb5ed37f67c7580113c23f91a35a6283-1\">\n\n\t\t<!-- Thumbnails -->\n\t\t\t\t<div id=\"ngg-image-0\" class=\"ngg-gallery-thumbnail-box \n\t\t\t\t\t\t\t\t\t\t\t\" \n\t\t\t>\n\t\t\t\t\t\t<div class=\"ngg-gallery-thumbnail\">\n\t\t\t<a href=\"https:\/\/dom-glina.hr\/wp-content\/gallery\/prva-godisnjica-postojanja-i-rada-doma\/20190507_123807.jpg\"\n\t\t\t\ttitle=\"\"\n\t\t\t\tdata-src=\"https:\/\/dom-glina.hr\/wp-content\/gallery\/prva-godisnjica-postojanja-i-rada-doma\/20190507_123807.jpg\"\n\t\t\t\tdata-thumbnail=\"https:\/\/dom-glina.hr\/wp-content\/gallery\/prva-godisnjica-postojanja-i-rada-doma\/thumbs\/thumbs_20190507_123807.jpg\"\n\t\t\t\tdata-image-id=\"471\"\n\t\t\t\tdata-title=\"20190507_123807\"\n\t\t\t\tdata-description=\"\"\n\t\t\t\tdata-image-slug=\"20190507_123807\"\n\t\t\t\tclass=\"ngg-fancybox\" rel=\"bb5ed37f67c7580113c23f91a35a6283\">\n\t\t\t\t<img\n\t\t\t\t\ttitle=\"20190507_123807\"\n\t\t\t\t\talt=\"20190507_123807\"\n\t\t\t\t\tsrc=\"https:\/\/dom-glina.hr\/wp-content\/gallery\/prva-godisnjica-postojanja-i-rada-doma\/thumbs\/thumbs_20190507_123807.jpg\"\n\t\t\t\t\twidth=\"240\"\n\t\t\t\t\theight=\"160\"\n\t\t\t\t\tstyle=\"max-width:100%;\"\n\t\t\t\t\/>\n\t\t\t<\/a>\n\t\t<\/div>\n\t\t\t\t\t\t\t<\/div> \n\t\t\t\n\t\t\t\t<div id=\"ngg-image-1\" class=\"ngg-gallery-thumbnail-box \n\t\t\t\t\t\t\t\t\t\t\t\" \n\t\t\t>\n\t\t\t\t\t\t<div class=\"ngg-gallery-thumbnail\">\n\t\t\t<a href=\"https:\/\/dom-glina.hr\/wp-content\/gallery\/prva-godisnjica-postojanja-i-rada-doma\/20190507_131518.jpg\"\n\t\t\t\ttitle=\"\"\n\t\t\t\tdata-src=\"https:\/\/dom-glina.hr\/wp-content\/gallery\/prva-godisnjica-postojanja-i-rada-doma\/20190507_131518.jpg\"\n\t\t\t\tdata-thumbnail=\"https:\/\/dom-glina.hr\/wp-content\/gallery\/prva-godisnjica-postojanja-i-rada-doma\/thumbs\/thumbs_20190507_131518.jpg\"\n\t\t\t\tdata-image-id=\"472\"\n\t\t\t\tdata-title=\"20190507_131518\"\n\t\t\t\tdata-description=\"\"\n\t\t\t\tdata-image-slug=\"20190507_131518\"\n\t\t\t\tclass=\"ngg-fancybox\" rel=\"bb5ed37f67c7580113c23f91a35a6283\">\n\t\t\t\t<img\n\t\t\t\t\ttitle=\"20190507_131518\"\n\t\t\t\t\talt=\"20190507_131518\"\n\t\t\t\t\tsrc=\"https:\/\/dom-glina.hr\/wp-content\/gallery\/prva-godisnjica-postojanja-i-rada-doma\/thumbs\/thumbs_20190507_131518.jpg\"\n\t\t\t\t\twidth=\"240\"\n\t\t\t\t\theight=\"160\"\n\t\t\t\t\tstyle=\"max-width:100%;\"\n\t\t\t\t\/>\n\t\t\t<\/a>\n\t\t<\/div>\n\t\t\t\t\t\t\t<\/div> \n\t\t\t\n\t\t\t\t<div id=\"ngg-image-2\" class=\"ngg-gallery-thumbnail-box \n\t\t\t\t\t\t\t\t\t\t\t\" \n\t\t\t>\n\t\t\t\t\t\t<div class=\"ngg-gallery-thumbnail\">\n\t\t\t<a href=\"https:\/\/dom-glina.hr\/wp-content\/gallery\/prva-godisnjica-postojanja-i-rada-doma\/20190507_132547.jpg\"\n\t\t\t\ttitle=\"\"\n\t\t\t\tdata-src=\"https:\/\/dom-glina.hr\/wp-content\/gallery\/prva-godisnjica-postojanja-i-rada-doma\/20190507_132547.jpg\"\n\t\t\t\tdata-thumbnail=\"https:\/\/dom-glina.hr\/wp-content\/gallery\/prva-godisnjica-postojanja-i-rada-doma\/thumbs\/thumbs_20190507_132547.jpg\"\n\t\t\t\tdata-image-id=\"473\"\n\t\t\t\tdata-title=\"20190507_132547\"\n\t\t\t\tdata-description=\"\"\n\t\t\t\tdata-image-slug=\"20190507_132547\"\n\t\t\t\tclass=\"ngg-fancybox\" rel=\"bb5ed37f67c7580113c23f91a35a6283\">\n\t\t\t\t<img\n\t\t\t\t\ttitle=\"20190507_132547\"\n\t\t\t\t\talt=\"20190507_132547\"\n\t\t\t\t\tsrc=\"https:\/\/dom-glina.hr\/wp-content\/gallery\/prva-godisnjica-postojanja-i-rada-doma\/thumbs\/thumbs_20190507_132547.jpg\"\n\t\t\t\t\twidth=\"240\"\n\t\t\t\t\theight=\"160\"\n\t\t\t\t\tstyle=\"max-width:100%;\"\n\t\t\t\t\/>\n\t\t\t<\/a>\n\t\t<\/div>\n\t\t\t\t\t\t\t<\/div> \n\t\t\t\n\t\t\t\t<div id=\"ngg-image-3\" class=\"ngg-gallery-thumbnail-box \n\t\t\t\t\t\t\t\t\t\t\t\" \n\t\t\t>\n\t\t\t\t\t\t<div class=\"ngg-gallery-thumbnail\">\n\t\t\t<a href=\"https:\/\/dom-glina.hr\/wp-content\/gallery\/prva-godisnjica-postojanja-i-rada-doma\/20190507_133613.jpg\"\n\t\t\t\ttitle=\"\"\n\t\t\t\tdata-src=\"https:\/\/dom-glina.hr\/wp-content\/gallery\/prva-godisnjica-postojanja-i-rada-doma\/20190507_133613.jpg\"\n\t\t\t\tdata-thumbnail=\"https:\/\/dom-glina.hr\/wp-content\/gallery\/prva-godisnjica-postojanja-i-rada-doma\/thumbs\/thumbs_20190507_133613.jpg\"\n\t\t\t\tdata-image-id=\"474\"\n\t\t\t\tdata-title=\"20190507_133613\"\n\t\t\t\tdata-description=\"\"\n\t\t\t\tdata-image-slug=\"20190507_133613\"\n\t\t\t\tclass=\"ngg-fancybox\" rel=\"bb5ed37f67c7580113c23f91a35a6283\">\n\t\t\t\t<img\n\t\t\t\t\ttitle=\"20190507_133613\"\n\t\t\t\t\talt=\"20190507_133613\"\n\t\t\t\t\tsrc=\"https:\/\/dom-glina.hr\/wp-content\/gallery\/prva-godisnjica-postojanja-i-rada-doma\/thumbs\/thumbs_20190507_133613.jpg\"\n\t\t\t\t\twidth=\"240\"\n\t\t\t\t\theight=\"160\"\n\t\t\t\t\tstyle=\"max-width:100%;\"\n\t\t\t\t\/>\n\t\t\t<\/a>\n\t\t<\/div>\n\t\t\t\t\t\t\t<\/div> \n\t\t\t\n\t\t\t\t<div id=\"ngg-image-4\" class=\"ngg-gallery-thumbnail-box \n\t\t\t\t\t\t\t\t\t\t\t\" \n\t\t\t>\n\t\t\t\t\t\t<div class=\"ngg-gallery-thumbnail\">\n\t\t\t<a href=\"https:\/\/dom-glina.hr\/wp-content\/gallery\/prva-godisnjica-postojanja-i-rada-doma\/20190507_135413.jpg\"\n\t\t\t\ttitle=\"\"\n\t\t\t\tdata-src=\"https:\/\/dom-glina.hr\/wp-content\/gallery\/prva-godisnjica-postojanja-i-rada-doma\/20190507_135413.jpg\"\n\t\t\t\tdata-thumbnail=\"https:\/\/dom-glina.hr\/wp-content\/gallery\/prva-godisnjica-postojanja-i-rada-doma\/thumbs\/thumbs_20190507_135413.jpg\"\n\t\t\t\tdata-image-id=\"475\"\n\t\t\t\tdata-title=\"20190507_135413\"\n\t\t\t\tdata-description=\"\"\n\t\t\t\tdata-image-slug=\"20190507_135413\"\n\t\t\t\tclass=\"ngg-fancybox\" rel=\"bb5ed37f67c7580113c23f91a35a6283\">\n\t\t\t\t<img\n\t\t\t\t\ttitle=\"20190507_135413\"\n\t\t\t\t\talt=\"20190507_135413\"\n\t\t\t\t\tsrc=\"https:\/\/dom-glina.hr\/wp-content\/gallery\/prva-godisnjica-postojanja-i-rada-doma\/thumbs\/thumbs_20190507_135413.jpg\"\n\t\t\t\t\twidth=\"240\"\n\t\t\t\t\theight=\"160\"\n\t\t\t\t\tstyle=\"max-width:100%;\"\n\t\t\t\t\/>\n\t\t\t<\/a>\n\t\t<\/div>\n\t\t\t\t\t\t\t<\/div> \n\t\t\t\n\t\t\t\t<div id=\"ngg-image-5\" class=\"ngg-gallery-thumbnail-box \n\t\t\t\t\t\t\t\t\t\t\t\" \n\t\t\t>\n\t\t\t\t\t\t<div class=\"ngg-gallery-thumbnail\">\n\t\t\t<a href=\"https:\/\/dom-glina.hr\/wp-content\/gallery\/prva-godisnjica-postojanja-i-rada-doma\/20190507_135733.jpg\"\n\t\t\t\ttitle=\"\"\n\t\t\t\tdata-src=\"https:\/\/dom-glina.hr\/wp-content\/gallery\/prva-godisnjica-postojanja-i-rada-doma\/20190507_135733.jpg\"\n\t\t\t\tdata-thumbnail=\"https:\/\/dom-glina.hr\/wp-content\/gallery\/prva-godisnjica-postojanja-i-rada-doma\/thumbs\/thumbs_20190507_135733.jpg\"\n\t\t\t\tdata-image-id=\"476\"\n\t\t\t\tdata-title=\"20190507_135733\"\n\t\t\t\tdata-description=\"\"\n\t\t\t\tdata-image-slug=\"20190507_135733\"\n\t\t\t\tclass=\"ngg-fancybox\" rel=\"bb5ed37f67c7580113c23f91a35a6283\">\n\t\t\t\t<img\n\t\t\t\t\ttitle=\"20190507_135733\"\n\t\t\t\t\talt=\"20190507_135733\"\n\t\t\t\t\tsrc=\"https:\/\/dom-glina.hr\/wp-content\/gallery\/prva-godisnjica-postojanja-i-rada-doma\/thumbs\/thumbs_20190507_135733.jpg\"\n\t\t\t\t\twidth=\"240\"\n\t\t\t\t\theight=\"160\"\n\t\t\t\t\tstyle=\"max-width:100%;\"\n\t\t\t\t\/>\n\t\t\t<\/a>\n\t\t<\/div>\n\t\t\t\t\t\t\t<\/div> \n\t\t\t\n\t\t\t\t<div id=\"ngg-image-6\" class=\"ngg-gallery-thumbnail-box \n\t\t\t\t\t\t\t\t\t\t\t\" \n\t\t\t>\n\t\t\t\t\t\t<div class=\"ngg-gallery-thumbnail\">\n\t\t\t<a href=\"https:\/\/dom-glina.hr\/wp-content\/gallery\/prva-godisnjica-postojanja-i-rada-doma\/20190507_140910.jpg\"\n\t\t\t\ttitle=\"\"\n\t\t\t\tdata-src=\"https:\/\/dom-glina.hr\/wp-content\/gallery\/prva-godisnjica-postojanja-i-rada-doma\/20190507_140910.jpg\"\n\t\t\t\tdata-thumbnail=\"https:\/\/dom-glina.hr\/wp-content\/gallery\/prva-godisnjica-postojanja-i-rada-doma\/thumbs\/thumbs_20190507_140910.jpg\"\n\t\t\t\tdata-image-id=\"477\"\n\t\t\t\tdata-title=\"20190507_140910\"\n\t\t\t\tdata-description=\"\"\n\t\t\t\tdata-image-slug=\"20190507_140910\"\n\t\t\t\tclass=\"ngg-fancybox\" rel=\"bb5ed37f67c7580113c23f91a35a6283\">\n\t\t\t\t<img\n\t\t\t\t\ttitle=\"20190507_140910\"\n\t\t\t\t\talt=\"20190507_140910\"\n\t\t\t\t\tsrc=\"https:\/\/dom-glina.hr\/wp-content\/gallery\/prva-godisnjica-postojanja-i-rada-doma\/thumbs\/thumbs_20190507_140910.jpg\"\n\t\t\t\t\twidth=\"240\"\n\t\t\t\t\theight=\"160\"\n\t\t\t\t\tstyle=\"max-width:100%;\"\n\t\t\t\t\/>\n\t\t\t<\/a>\n\t\t<\/div>\n\t\t\t\t\t\t\t<\/div> \n\t\t\t\n\t\t\t\t<div id=\"ngg-image-7\" class=\"ngg-gallery-thumbnail-box \n\t\t\t\t\t\t\t\t\t\t\t\" \n\t\t\t>\n\t\t\t\t\t\t<div class=\"ngg-gallery-thumbnail\">\n\t\t\t<a href=\"https:\/\/dom-glina.hr\/wp-content\/gallery\/prva-godisnjica-postojanja-i-rada-doma\/20190507_141026.jpg\"\n\t\t\t\ttitle=\"\"\n\t\t\t\tdata-src=\"https:\/\/dom-glina.hr\/wp-content\/gallery\/prva-godisnjica-postojanja-i-rada-doma\/20190507_141026.jpg\"\n\t\t\t\tdata-thumbnail=\"https:\/\/dom-glina.hr\/wp-content\/gallery\/prva-godisnjica-postojanja-i-rada-doma\/thumbs\/thumbs_20190507_141026.jpg\"\n\t\t\t\tdata-image-id=\"478\"\n\t\t\t\tdata-title=\"20190507_141026\"\n\t\t\t\tdata-description=\"\"\n\t\t\t\tdata-image-slug=\"20190507_141026\"\n\t\t\t\tclass=\"ngg-fancybox\" rel=\"bb5ed37f67c7580113c23f91a35a6283\">\n\t\t\t\t<img\n\t\t\t\t\ttitle=\"20190507_141026\"\n\t\t\t\t\talt=\"20190507_141026\"\n\t\t\t\t\tsrc=\"https:\/\/dom-glina.hr\/wp-content\/gallery\/prva-godisnjica-postojanja-i-rada-doma\/thumbs\/thumbs_20190507_141026.jpg\"\n\t\t\t\t\twidth=\"240\"\n\t\t\t\t\theight=\"160\"\n\t\t\t\t\tstyle=\"max-width:100%;\"\n\t\t\t\t\/>\n\t\t\t<\/a>\n\t\t<\/div>\n\t\t\t\t\t\t\t<\/div> \n\t\t\t\n\t\t\t\t<div id=\"ngg-image-8\" class=\"ngg-gallery-thumbnail-box \n\t\t\t\t\t\t\t\t\t\t\t\" \n\t\t\t>\n\t\t\t\t\t\t<div class=\"ngg-gallery-thumbnail\">\n\t\t\t<a href=\"https:\/\/dom-glina.hr\/wp-content\/gallery\/prva-godisnjica-postojanja-i-rada-doma\/20190507_141939.jpg\"\n\t\t\t\ttitle=\"\"\n\t\t\t\tdata-src=\"https:\/\/dom-glina.hr\/wp-content\/gallery\/prva-godisnjica-postojanja-i-rada-doma\/20190507_141939.jpg\"\n\t\t\t\tdata-thumbnail=\"https:\/\/dom-glina.hr\/wp-content\/gallery\/prva-godisnjica-postojanja-i-rada-doma\/thumbs\/thumbs_20190507_141939.jpg\"\n\t\t\t\tdata-image-id=\"479\"\n\t\t\t\tdata-title=\"20190507_141939\"\n\t\t\t\tdata-description=\"\"\n\t\t\t\tdata-image-slug=\"20190507_141939\"\n\t\t\t\tclass=\"ngg-fancybox\" rel=\"bb5ed37f67c7580113c23f91a35a6283\">\n\t\t\t\t<img\n\t\t\t\t\ttitle=\"20190507_141939\"\n\t\t\t\t\talt=\"20190507_141939\"\n\t\t\t\t\tsrc=\"https:\/\/dom-glina.hr\/wp-content\/gallery\/prva-godisnjica-postojanja-i-rada-doma\/thumbs\/thumbs_20190507_141939.jpg\"\n\t\t\t\t\twidth=\"240\"\n\t\t\t\t\theight=\"160\"\n\t\t\t\t\tstyle=\"max-width:100%;\"\n\t\t\t\t\/>\n\t\t\t<\/a>\n\t\t<\/div>\n\t\t\t\t\t\t\t<\/div> \n\t\t\t\n\t\t\t\t<div id=\"ngg-image-9\" class=\"ngg-gallery-thumbnail-box \n\t\t\t\t\t\t\t\t\t\t\t\" \n\t\t\t>\n\t\t\t\t\t\t<div class=\"ngg-gallery-thumbnail\">\n\t\t\t<a href=\"https:\/\/dom-glina.hr\/wp-content\/gallery\/prva-godisnjica-postojanja-i-rada-doma\/20190507_141958.jpg\"\n\t\t\t\ttitle=\"\"\n\t\t\t\tdata-src=\"https:\/\/dom-glina.hr\/wp-content\/gallery\/prva-godisnjica-postojanja-i-rada-doma\/20190507_141958.jpg\"\n\t\t\t\tdata-thumbnail=\"https:\/\/dom-glina.hr\/wp-content\/gallery\/prva-godisnjica-postojanja-i-rada-doma\/thumbs\/thumbs_20190507_141958.jpg\"\n\t\t\t\tdata-image-id=\"480\"\n\t\t\t\tdata-title=\"20190507_141958\"\n\t\t\t\tdata-description=\"\"\n\t\t\t\tdata-image-slug=\"20190507_141958\"\n\t\t\t\tclass=\"ngg-fancybox\" rel=\"bb5ed37f67c7580113c23f91a35a6283\">\n\t\t\t\t<img\n\t\t\t\t\ttitle=\"20190507_141958\"\n\t\t\t\t\talt=\"20190507_141958\"\n\t\t\t\t\tsrc=\"https:\/\/dom-glina.hr\/wp-content\/gallery\/prva-godisnjica-postojanja-i-rada-doma\/thumbs\/thumbs_20190507_141958.jpg\"\n\t\t\t\t\twidth=\"240\"\n\t\t\t\t\theight=\"160\"\n\t\t\t\t\tstyle=\"max-width:100%;\"\n\t\t\t\t\/>\n\t\t\t<\/a>\n\t\t<\/div>\n\t\t\t\t\t\t\t<\/div> \n\t\t\t\n\t\t\t\t<div id=\"ngg-image-10\" class=\"ngg-gallery-thumbnail-box \n\t\t\t\t\t\t\t\t\t\t\t\" \n\t\t\t>\n\t\t\t\t\t\t<div class=\"ngg-gallery-thumbnail\">\n\t\t\t<a href=\"https:\/\/dom-glina.hr\/wp-content\/gallery\/prva-godisnjica-postojanja-i-rada-doma\/20190507_142613.jpg\"\n\t\t\t\ttitle=\"\"\n\t\t\t\tdata-src=\"https:\/\/dom-glina.hr\/wp-content\/gallery\/prva-godisnjica-postojanja-i-rada-doma\/20190507_142613.jpg\"\n\t\t\t\tdata-thumbnail=\"https:\/\/dom-glina.hr\/wp-content\/gallery\/prva-godisnjica-postojanja-i-rada-doma\/thumbs\/thumbs_20190507_142613.jpg\"\n\t\t\t\tdata-image-id=\"481\"\n\t\t\t\tdata-title=\"20190507_142613\"\n\t\t\t\tdata-description=\"\"\n\t\t\t\tdata-image-slug=\"20190507_142613\"\n\t\t\t\tclass=\"ngg-fancybox\" rel=\"bb5ed37f67c7580113c23f91a35a6283\">\n\t\t\t\t<img\n\t\t\t\t\ttitle=\"20190507_142613\"\n\t\t\t\t\talt=\"20190507_142613\"\n\t\t\t\t\tsrc=\"https:\/\/dom-glina.hr\/wp-content\/gallery\/prva-godisnjica-postojanja-i-rada-doma\/thumbs\/thumbs_20190507_142613.jpg\"\n\t\t\t\t\twidth=\"240\"\n\t\t\t\t\theight=\"160\"\n\t\t\t\t\tstyle=\"max-width:100%;\"\n\t\t\t\t\/>\n\t\t\t<\/a>\n\t\t<\/div>\n\t\t\t\t\t\t\t<\/div> \n\t\t\t\n\t\t\t\t<div id=\"ngg-image-11\" class=\"ngg-gallery-thumbnail-box \n\t\t\t\t\t\t\t\t\t\t\t\" \n\t\t\t>\n\t\t\t\t\t\t<div class=\"ngg-gallery-thumbnail\">\n\t\t\t<a href=\"https:\/\/dom-glina.hr\/wp-content\/gallery\/prva-godisnjica-postojanja-i-rada-doma\/20190507_142921.jpg\"\n\t\t\t\ttitle=\"\"\n\t\t\t\tdata-src=\"https:\/\/dom-glina.hr\/wp-content\/gallery\/prva-godisnjica-postojanja-i-rada-doma\/20190507_142921.jpg\"\n\t\t\t\tdata-thumbnail=\"https:\/\/dom-glina.hr\/wp-content\/gallery\/prva-godisnjica-postojanja-i-rada-doma\/thumbs\/thumbs_20190507_142921.jpg\"\n\t\t\t\tdata-image-id=\"482\"\n\t\t\t\tdata-title=\"20190507_142921\"\n\t\t\t\tdata-description=\"\"\n\t\t\t\tdata-image-slug=\"20190507_142921\"\n\t\t\t\tclass=\"ngg-fancybox\" rel=\"bb5ed37f67c7580113c23f91a35a6283\">\n\t\t\t\t<img\n\t\t\t\t\ttitle=\"20190507_142921\"\n\t\t\t\t\talt=\"20190507_142921\"\n\t\t\t\t\tsrc=\"https:\/\/dom-glina.hr\/wp-content\/gallery\/prva-godisnjica-postojanja-i-rada-doma\/thumbs\/thumbs_20190507_142921.jpg\"\n\t\t\t\t\twidth=\"240\"\n\t\t\t\t\theight=\"160\"\n\t\t\t\t\tstyle=\"max-width:100%;\"\n\t\t\t\t\/>\n\t\t\t<\/a>\n\t\t<\/div>\n\t\t\t\t\t\t\t<\/div> \n\t\t\t\n\t\t\t\t<div id=\"ngg-image-12\" class=\"ngg-gallery-thumbnail-box \n\t\t\t\t\t\t\t\t\t\t\t\" \n\t\t\t>\n\t\t\t\t\t\t<div class=\"ngg-gallery-thumbnail\">\n\t\t\t<a href=\"https:\/\/dom-glina.hr\/wp-content\/gallery\/prva-godisnjica-postojanja-i-rada-doma\/20190507_143340.jpg\"\n\t\t\t\ttitle=\"\"\n\t\t\t\tdata-src=\"https:\/\/dom-glina.hr\/wp-content\/gallery\/prva-godisnjica-postojanja-i-rada-doma\/20190507_143340.jpg\"\n\t\t\t\tdata-thumbnail=\"https:\/\/dom-glina.hr\/wp-content\/gallery\/prva-godisnjica-postojanja-i-rada-doma\/thumbs\/thumbs_20190507_143340.jpg\"\n\t\t\t\tdata-image-id=\"483\"\n\t\t\t\tdata-title=\"20190507_143340\"\n\t\t\t\tdata-description=\"\"\n\t\t\t\tdata-image-slug=\"20190507_143340\"\n\t\t\t\tclass=\"ngg-fancybox\" rel=\"bb5ed37f67c7580113c23f91a35a6283\">\n\t\t\t\t<img\n\t\t\t\t\ttitle=\"20190507_143340\"\n\t\t\t\t\talt=\"20190507_143340\"\n\t\t\t\t\tsrc=\"https:\/\/dom-glina.hr\/wp-content\/gallery\/prva-godisnjica-postojanja-i-rada-doma\/thumbs\/thumbs_20190507_143340.jpg\"\n\t\t\t\t\twidth=\"240\"\n\t\t\t\t\theight=\"160\"\n\t\t\t\t\tstyle=\"max-width:100%;\"\n\t\t\t\t\/>\n\t\t\t<\/a>\n\t\t<\/div>\n\t\t\t\t\t\t\t<\/div> \n\t\t\t\n\t\t\t\t<div id=\"ngg-image-13\" class=\"ngg-gallery-thumbnail-box \n\t\t\t\t\t\t\t\t\t\t\t\" \n\t\t\t>\n\t\t\t\t\t\t<div class=\"ngg-gallery-thumbnail\">\n\t\t\t<a href=\"https:\/\/dom-glina.hr\/wp-content\/gallery\/prva-godisnjica-postojanja-i-rada-doma\/20190507_143416.jpg\"\n\t\t\t\ttitle=\"\"\n\t\t\t\tdata-src=\"https:\/\/dom-glina.hr\/wp-content\/gallery\/prva-godisnjica-postojanja-i-rada-doma\/20190507_143416.jpg\"\n\t\t\t\tdata-thumbnail=\"https:\/\/dom-glina.hr\/wp-content\/gallery\/prva-godisnjica-postojanja-i-rada-doma\/thumbs\/thumbs_20190507_143416.jpg\"\n\t\t\t\tdata-image-id=\"484\"\n\t\t\t\tdata-title=\"20190507_143416\"\n\t\t\t\tdata-description=\"\"\n\t\t\t\tdata-image-slug=\"20190507_143416\"\n\t\t\t\tclass=\"ngg-fancybox\" rel=\"bb5ed37f67c7580113c23f91a35a6283\">\n\t\t\t\t<img\n\t\t\t\t\ttitle=\"20190507_143416\"\n\t\t\t\t\talt=\"20190507_143416\"\n\t\t\t\t\tsrc=\"https:\/\/dom-glina.hr\/wp-content\/gallery\/prva-godisnjica-postojanja-i-rada-doma\/thumbs\/thumbs_20190507_143416.jpg\"\n\t\t\t\t\twidth=\"240\"\n\t\t\t\t\theight=\"160\"\n\t\t\t\t\tstyle=\"max-width:100%;\"\n\t\t\t\t\/>\n\t\t\t<\/a>\n\t\t<\/div>\n\t\t\t\t\t\t\t<\/div> \n\t\t\t\n\t\t\t\t<div id=\"ngg-image-14\" class=\"ngg-gallery-thumbnail-box \n\t\t\t\t\t\t\t\t\t\t\t\" \n\t\t\t>\n\t\t\t\t\t\t<div class=\"ngg-gallery-thumbnail\">\n\t\t\t<a href=\"https:\/\/dom-glina.hr\/wp-content\/gallery\/prva-godisnjica-postojanja-i-rada-doma\/20190507_143635.jpg\"\n\t\t\t\ttitle=\"\"\n\t\t\t\tdata-src=\"https:\/\/dom-glina.hr\/wp-content\/gallery\/prva-godisnjica-postojanja-i-rada-doma\/20190507_143635.jpg\"\n\t\t\t\tdata-thumbnail=\"https:\/\/dom-glina.hr\/wp-content\/gallery\/prva-godisnjica-postojanja-i-rada-doma\/thumbs\/thumbs_20190507_143635.jpg\"\n\t\t\t\tdata-image-id=\"485\"\n\t\t\t\tdata-title=\"20190507_143635\"\n\t\t\t\tdata-description=\"\"\n\t\t\t\tdata-image-slug=\"20190507_143635\"\n\t\t\t\tclass=\"ngg-fancybox\" rel=\"bb5ed37f67c7580113c23f91a35a6283\">\n\t\t\t\t<img\n\t\t\t\t\ttitle=\"20190507_143635\"\n\t\t\t\t\talt=\"20190507_143635\"\n\t\t\t\t\tsrc=\"https:\/\/dom-glina.hr\/wp-content\/gallery\/prva-godisnjica-postojanja-i-rada-doma\/thumbs\/thumbs_20190507_143635.jpg\"\n\t\t\t\t\twidth=\"240\"\n\t\t\t\t\theight=\"160\"\n\t\t\t\t\tstyle=\"max-width:100%;\"\n\t\t\t\t\/>\n\t\t\t<\/a>\n\t\t<\/div>\n\t\t\t\t\t\t\t<\/div> \n\t\t\t\n\t\t\t\t<div id=\"ngg-image-15\" class=\"ngg-gallery-thumbnail-box \n\t\t\t\t\t\t\t\t\t\t\t\" \n\t\t\t>\n\t\t\t\t\t\t<div class=\"ngg-gallery-thumbnail\">\n\t\t\t<a href=\"https:\/\/dom-glina.hr\/wp-content\/gallery\/prva-godisnjica-postojanja-i-rada-doma\/20190507_144445.jpg\"\n\t\t\t\ttitle=\"\"\n\t\t\t\tdata-src=\"https:\/\/dom-glina.hr\/wp-content\/gallery\/prva-godisnjica-postojanja-i-rada-doma\/20190507_144445.jpg\"\n\t\t\t\tdata-thumbnail=\"https:\/\/dom-glina.hr\/wp-content\/gallery\/prva-godisnjica-postojanja-i-rada-doma\/thumbs\/thumbs_20190507_144445.jpg\"\n\t\t\t\tdata-image-id=\"486\"\n\t\t\t\tdata-title=\"20190507_144445\"\n\t\t\t\tdata-description=\"\"\n\t\t\t\tdata-image-slug=\"20190507_144445\"\n\t\t\t\tclass=\"ngg-fancybox\" rel=\"bb5ed37f67c7580113c23f91a35a6283\">\n\t\t\t\t<img\n\t\t\t\t\ttitle=\"20190507_144445\"\n\t\t\t\t\talt=\"20190507_144445\"\n\t\t\t\t\tsrc=\"https:\/\/dom-glina.hr\/wp-content\/gallery\/prva-godisnjica-postojanja-i-rada-doma\/thumbs\/thumbs_20190507_144445.jpg\"\n\t\t\t\t\twidth=\"240\"\n\t\t\t\t\theight=\"160\"\n\t\t\t\t\tstyle=\"max-width:100%;\"\n\t\t\t\t\/>\n\t\t\t<\/a>\n\t\t<\/div>\n\t\t\t\t\t\t\t<\/div> \n\t\t\t\n\t\t\t\t<div id=\"ngg-image-16\" class=\"ngg-gallery-thumbnail-box \n\t\t\t\t\t\t\t\t\t\t\t\" \n\t\t\t>\n\t\t\t\t\t\t<div class=\"ngg-gallery-thumbnail\">\n\t\t\t<a href=\"https:\/\/dom-glina.hr\/wp-content\/gallery\/prva-godisnjica-postojanja-i-rada-doma\/20190507_145433.jpg\"\n\t\t\t\ttitle=\"\"\n\t\t\t\tdata-src=\"https:\/\/dom-glina.hr\/wp-content\/gallery\/prva-godisnjica-postojanja-i-rada-doma\/20190507_145433.jpg\"\n\t\t\t\tdata-thumbnail=\"https:\/\/dom-glina.hr\/wp-content\/gallery\/prva-godisnjica-postojanja-i-rada-doma\/thumbs\/thumbs_20190507_145433.jpg\"\n\t\t\t\tdata-image-id=\"487\"\n\t\t\t\tdata-title=\"20190507_145433\"\n\t\t\t\tdata-description=\"\"\n\t\t\t\tdata-image-slug=\"20190507_145433\"\n\t\t\t\tclass=\"ngg-fancybox\" rel=\"bb5ed37f67c7580113c23f91a35a6283\">\n\t\t\t\t<img\n\t\t\t\t\ttitle=\"20190507_145433\"\n\t\t\t\t\talt=\"20190507_145433\"\n\t\t\t\t\tsrc=\"https:\/\/dom-glina.hr\/wp-content\/gallery\/prva-godisnjica-postojanja-i-rada-doma\/thumbs\/thumbs_20190507_145433.jpg\"\n\t\t\t\t\twidth=\"240\"\n\t\t\t\t\theight=\"160\"\n\t\t\t\t\tstyle=\"max-width:100%;\"\n\t\t\t\t\/>\n\t\t\t<\/a>\n\t\t<\/div>\n\t\t\t\t\t\t\t<\/div> \n\t\t\t\n\t\t\t\t<div id=\"ngg-image-17\" class=\"ngg-gallery-thumbnail-box \n\t\t\t\t\t\t\t\t\t\t\t\" \n\t\t\t>\n\t\t\t\t\t\t<div class=\"ngg-gallery-thumbnail\">\n\t\t\t<a href=\"https:\/\/dom-glina.hr\/wp-content\/gallery\/prva-godisnjica-postojanja-i-rada-doma\/20190507_150259.jpg\"\n\t\t\t\ttitle=\"\"\n\t\t\t\tdata-src=\"https:\/\/dom-glina.hr\/wp-content\/gallery\/prva-godisnjica-postojanja-i-rada-doma\/20190507_150259.jpg\"\n\t\t\t\tdata-thumbnail=\"https:\/\/dom-glina.hr\/wp-content\/gallery\/prva-godisnjica-postojanja-i-rada-doma\/thumbs\/thumbs_20190507_150259.jpg\"\n\t\t\t\tdata-image-id=\"488\"\n\t\t\t\tdata-title=\"20190507_150259\"\n\t\t\t\tdata-description=\"\"\n\t\t\t\tdata-image-slug=\"20190507_150259\"\n\t\t\t\tclass=\"ngg-fancybox\" rel=\"bb5ed37f67c7580113c23f91a35a6283\">\n\t\t\t\t<img\n\t\t\t\t\ttitle=\"20190507_150259\"\n\t\t\t\t\talt=\"20190507_150259\"\n\t\t\t\t\tsrc=\"https:\/\/dom-glina.hr\/wp-content\/gallery\/prva-godisnjica-postojanja-i-rada-doma\/thumbs\/thumbs_20190507_150259.jpg\"\n\t\t\t\t\twidth=\"240\"\n\t\t\t\t\theight=\"160\"\n\t\t\t\t\tstyle=\"max-width:100%;\"\n\t\t\t\t\/>\n\t\t\t<\/a>\n\t\t<\/div>\n\t\t\t\t\t\t\t<\/div> \n\t\t\t\n\t\t\t\t<div id=\"ngg-image-18\" class=\"ngg-gallery-thumbnail-box \n\t\t\t\t\t\t\t\t\t\t\t\" \n\t\t\t>\n\t\t\t\t\t\t<div class=\"ngg-gallery-thumbnail\">\n\t\t\t<a href=\"https:\/\/dom-glina.hr\/wp-content\/gallery\/prva-godisnjica-postojanja-i-rada-doma\/20190507_150406.jpg\"\n\t\t\t\ttitle=\"\"\n\t\t\t\tdata-src=\"https:\/\/dom-glina.hr\/wp-content\/gallery\/prva-godisnjica-postojanja-i-rada-doma\/20190507_150406.jpg\"\n\t\t\t\tdata-thumbnail=\"https:\/\/dom-glina.hr\/wp-content\/gallery\/prva-godisnjica-postojanja-i-rada-doma\/thumbs\/thumbs_20190507_150406.jpg\"\n\t\t\t\tdata-image-id=\"489\"\n\t\t\t\tdata-title=\"20190507_150406\"\n\t\t\t\tdata-description=\"\"\n\t\t\t\tdata-image-slug=\"20190507_150406\"\n\t\t\t\tclass=\"ngg-fancybox\" rel=\"bb5ed37f67c7580113c23f91a35a6283\">\n\t\t\t\t<img\n\t\t\t\t\ttitle=\"20190507_150406\"\n\t\t\t\t\talt=\"20190507_150406\"\n\t\t\t\t\tsrc=\"https:\/\/dom-glina.hr\/wp-content\/gallery\/prva-godisnjica-postojanja-i-rada-doma\/thumbs\/thumbs_20190507_150406.jpg\"\n\t\t\t\t\twidth=\"240\"\n\t\t\t\t\theight=\"160\"\n\t\t\t\t\tstyle=\"max-width:100%;\"\n\t\t\t\t\/>\n\t\t\t<\/a>\n\t\t<\/div>\n\t\t\t\t\t\t\t<\/div> \n\t\t\t\n\t\t\t\t<div id=\"ngg-image-19\" class=\"ngg-gallery-thumbnail-box \n\t\t\t\t\t\t\t\t\t\t\t\" \n\t\t\t>\n\t\t\t\t\t\t<div class=\"ngg-gallery-thumbnail\">\n\t\t\t<a href=\"https:\/\/dom-glina.hr\/wp-content\/gallery\/prva-godisnjica-postojanja-i-rada-doma\/20190507_150721.jpg\"\n\t\t\t\ttitle=\"\"\n\t\t\t\tdata-src=\"https:\/\/dom-glina.hr\/wp-content\/gallery\/prva-godisnjica-postojanja-i-rada-doma\/20190507_150721.jpg\"\n\t\t\t\tdata-thumbnail=\"https:\/\/dom-glina.hr\/wp-content\/gallery\/prva-godisnjica-postojanja-i-rada-doma\/thumbs\/thumbs_20190507_150721.jpg\"\n\t\t\t\tdata-image-id=\"490\"\n\t\t\t\tdata-title=\"20190507_150721\"\n\t\t\t\tdata-description=\"\"\n\t\t\t\tdata-image-slug=\"20190507_150721\"\n\t\t\t\tclass=\"ngg-fancybox\" rel=\"bb5ed37f67c7580113c23f91a35a6283\">\n\t\t\t\t<img\n\t\t\t\t\ttitle=\"20190507_150721\"\n\t\t\t\t\talt=\"20190507_150721\"\n\t\t\t\t\tsrc=\"https:\/\/dom-glina.hr\/wp-content\/gallery\/prva-godisnjica-postojanja-i-rada-doma\/thumbs\/thumbs_20190507_150721.jpg\"\n\t\t\t\t\twidth=\"240\"\n\t\t\t\t\theight=\"160\"\n\t\t\t\t\tstyle=\"max-width:100%;\"\n\t\t\t\t\/>\n\t\t\t<\/a>\n\t\t<\/div>\n\t\t\t\t\t\t\t<\/div> \n\t\t\t\n\t\t\t\t<div id=\"ngg-image-20\" class=\"ngg-gallery-thumbnail-box \n\t\t\t\t\t\t\t\t\t\t\t\" \n\t\t\t>\n\t\t\t\t\t\t<div class=\"ngg-gallery-thumbnail\">\n\t\t\t<a href=\"https:\/\/dom-glina.hr\/wp-content\/gallery\/prva-godisnjica-postojanja-i-rada-doma\/20190507_155051.jpg\"\n\t\t\t\ttitle=\"\"\n\t\t\t\tdata-src=\"https:\/\/dom-glina.hr\/wp-content\/gallery\/prva-godisnjica-postojanja-i-rada-doma\/20190507_155051.jpg\"\n\t\t\t\tdata-thumbnail=\"https:\/\/dom-glina.hr\/wp-content\/gallery\/prva-godisnjica-postojanja-i-rada-doma\/thumbs\/thumbs_20190507_155051.jpg\"\n\t\t\t\tdata-image-id=\"491\"\n\t\t\t\tdata-title=\"20190507_155051\"\n\t\t\t\tdata-description=\"\"\n\t\t\t\tdata-image-slug=\"20190507_155051\"\n\t\t\t\tclass=\"ngg-fancybox\" rel=\"bb5ed37f67c7580113c23f91a35a6283\">\n\t\t\t\t<img\n\t\t\t\t\ttitle=\"20190507_155051\"\n\t\t\t\t\talt=\"20190507_155051\"\n\t\t\t\t\tsrc=\"https:\/\/dom-glina.hr\/wp-content\/gallery\/prva-godisnjica-postojanja-i-rada-doma\/thumbs\/thumbs_20190507_155051.jpg\"\n\t\t\t\t\twidth=\"240\"\n\t\t\t\t\theight=\"160\"\n\t\t\t\t\tstyle=\"max-width:100%;\"\n\t\t\t\t\/>\n\t\t\t<\/a>\n\t\t<\/div>\n\t\t\t\t\t\t\t<\/div> \n\t\t\t\n\t\t\t\t<div id=\"ngg-image-21\" class=\"ngg-gallery-thumbnail-box \n\t\t\t\t\t\t\t\t\t\t\t\" \n\t\t\t>\n\t\t\t\t\t\t<div class=\"ngg-gallery-thumbnail\">\n\t\t\t<a href=\"https:\/\/dom-glina.hr\/wp-content\/gallery\/prva-godisnjica-postojanja-i-rada-doma\/facebook_1557318756360-1.jpg\"\n\t\t\t\ttitle=\"\"\n\t\t\t\tdata-src=\"https:\/\/dom-glina.hr\/wp-content\/gallery\/prva-godisnjica-postojanja-i-rada-doma\/facebook_1557318756360-1.jpg\"\n\t\t\t\tdata-thumbnail=\"https:\/\/dom-glina.hr\/wp-content\/gallery\/prva-godisnjica-postojanja-i-rada-doma\/thumbs\/thumbs_facebook_1557318756360-1.jpg\"\n\t\t\t\tdata-image-id=\"492\"\n\t\t\t\tdata-title=\"facebook_1557318756360-(1)\"\n\t\t\t\tdata-description=\"\"\n\t\t\t\tdata-image-slug=\"facebook_1557318756360-1\"\n\t\t\t\tclass=\"ngg-fancybox\" rel=\"bb5ed37f67c7580113c23f91a35a6283\">\n\t\t\t\t<img\n\t\t\t\t\ttitle=\"facebook_1557318756360-(1)\"\n\t\t\t\t\talt=\"facebook_1557318756360-(1)\"\n\t\t\t\t\tsrc=\"https:\/\/dom-glina.hr\/wp-content\/gallery\/prva-godisnjica-postojanja-i-rada-doma\/thumbs\/thumbs_facebook_1557318756360-1.jpg\"\n\t\t\t\t\twidth=\"240\"\n\t\t\t\t\theight=\"160\"\n\t\t\t\t\tstyle=\"max-width:100%;\"\n\t\t\t\t\/>\n\t\t\t<\/a>\n\t\t<\/div>\n\t\t\t\t\t\t\t<\/div> \n\t\t\t\n\t\t\t\t<div id=\"ngg-image-22\" class=\"ngg-gallery-thumbnail-box \n\t\t\t\t\t\t\t\t\t\t\t\" \n\t\t\t>\n\t\t\t\t\t\t<div class=\"ngg-gallery-thumbnail\">\n\t\t\t<a href=\"https:\/\/dom-glina.hr\/wp-content\/gallery\/prva-godisnjica-postojanja-i-rada-doma\/facebook_1557318811020.jpg\"\n\t\t\t\ttitle=\"\"\n\t\t\t\tdata-src=\"https:\/\/dom-glina.hr\/wp-content\/gallery\/prva-godisnjica-postojanja-i-rada-doma\/facebook_1557318811020.jpg\"\n\t\t\t\tdata-thumbnail=\"https:\/\/dom-glina.hr\/wp-content\/gallery\/prva-godisnjica-postojanja-i-rada-doma\/thumbs\/thumbs_facebook_1557318811020.jpg\"\n\t\t\t\tdata-image-id=\"493\"\n\t\t\t\tdata-title=\"facebook_1557318811020\"\n\t\t\t\tdata-description=\"\"\n\t\t\t\tdata-image-slug=\"facebook_1557318811020\"\n\t\t\t\tclass=\"ngg-fancybox\" rel=\"bb5ed37f67c7580113c23f91a35a6283\">\n\t\t\t\t<img\n\t\t\t\t\ttitle=\"facebook_1557318811020\"\n\t\t\t\t\talt=\"facebook_1557318811020\"\n\t\t\t\t\tsrc=\"https:\/\/dom-glina.hr\/wp-content\/gallery\/prva-godisnjica-postojanja-i-rada-doma\/thumbs\/thumbs_facebook_1557318811020.jpg\"\n\t\t\t\t\twidth=\"240\"\n\t\t\t\t\theight=\"160\"\n\t\t\t\t\tstyle=\"max-width:100%;\"\n\t\t\t\t\/>\n\t\t\t<\/a>\n\t\t<\/div>\n\t\t\t\t\t\t\t<\/div> \n\t\t\t\n\t\t\t\t<div id=\"ngg-image-23\" class=\"ngg-gallery-thumbnail-box \n\t\t\t\t\t\t\t\t\t\t\t\" \n\t\t\t>\n\t\t\t\t\t\t<div class=\"ngg-gallery-thumbnail\">\n\t\t\t<a href=\"https:\/\/dom-glina.hr\/wp-content\/gallery\/prva-godisnjica-postojanja-i-rada-doma\/facebook_1557318832280.jpg\"\n\t\t\t\ttitle=\"\"\n\t\t\t\tdata-src=\"https:\/\/dom-glina.hr\/wp-content\/gallery\/prva-godisnjica-postojanja-i-rada-doma\/facebook_1557318832280.jpg\"\n\t\t\t\tdata-thumbnail=\"https:\/\/dom-glina.hr\/wp-content\/gallery\/prva-godisnjica-postojanja-i-rada-doma\/thumbs\/thumbs_facebook_1557318832280.jpg\"\n\t\t\t\tdata-image-id=\"494\"\n\t\t\t\tdata-title=\"facebook_1557318832280\"\n\t\t\t\tdata-description=\"\"\n\t\t\t\tdata-image-slug=\"facebook_1557318832280\"\n\t\t\t\tclass=\"ngg-fancybox\" rel=\"bb5ed37f67c7580113c23f91a35a6283\">\n\t\t\t\t<img\n\t\t\t\t\ttitle=\"facebook_1557318832280\"\n\t\t\t\t\talt=\"facebook_1557318832280\"\n\t\t\t\t\tsrc=\"https:\/\/dom-glina.hr\/wp-content\/gallery\/prva-godisnjica-postojanja-i-rada-doma\/thumbs\/thumbs_facebook_1557318832280.jpg\"\n\t\t\t\t\twidth=\"240\"\n\t\t\t\t\theight=\"160\"\n\t\t\t\t\tstyle=\"max-width:100%;\"\n\t\t\t\t\/>\n\t\t\t<\/a>\n\t\t<\/div>\n\t\t\t\t\t\t\t<\/div> \n\t\t\t\n\t\n\t<br style=\"clear: both\" \/>\n\n\t\n\t\t<!-- Pagination -->\n\t\t<div class='ngg-navigation'><span class='current'>1<\/span>\n<a class='page-numbers' data-pageid='2' href='https:\/\/dom-glina.hr\/index.php\/nggallery\/page\/2?p=2325'>2<\/a>\n<a class='prev' href='https:\/\/dom-glina.hr\/index.php\/nggallery\/page\/2?p=2325' data-pageid=2>&#9658;<\/a><\/div>\t<\/div>\n\n","protected":false},"excerpt":{"rendered":"<p>7.svibnja 2019. godine sve\u010dano je obilje\u017eena prva godi\u0161njica postojanja i rada Doma. Sve\u010danom obilje\u017eavanju uz mnogobrojne goste prisustvovali su \u017eupan sisa\u010dko-moslava\u010dki Ivo \u017dini\u0107, te zamjenici \u017eupana Roman Rosavec i Ivan Celjak, pomo\u0107nica ministrice za socijalnu politiku Maja Vu\u010dini\u0107 Kne\u017eevi\u0107, zamjenica dr\u017eavnog tajnika Sredi\u0161njeg dr\u017eavnog ureda za obnovu i stambeno zbrinjavanje Tatjana Vukobratovi\u0107 Spasojevi\u0107, ravnatelj Dr\u017eavne&hellip;<\/p>\n","protected":false},"author":1,"featured_media":2326,"comment_status":"closed","ping_status":"closed","sticky":false,"template":"","format":"standard","meta":{"_monsterinsights_skip_tracking":false,"_monsterinsights_sitenote_active":false,"_monsterinsights_sitenote_note":"","_monsterinsights_sitenote_category":0,"ngg_post_thumbnail":0,"footnotes":""},"categories":[2],"tags":[],"aioseo_notices":[],"_links":{"self":[{"href":"https:\/\/dom-glina.hr\/index.php?rest_route=\/wp\/v2\/posts\/2325"}],"collection":[{"href":"https:\/\/dom-glina.hr\/index.php?rest_route=\/wp\/v2\/posts"}],"about":[{"href":"https:\/\/dom-glina.hr\/index.php?rest_route=\/wp\/v2\/types\/post"}],"author":[{"embeddable":true,"href":"https:\/\/dom-glina.hr\/index.php?rest_route=\/wp\/v2\/users\/1"}],"replies":[{"embeddable":true,"href":"https:\/\/dom-glina.hr\/index.php?rest_route=%2Fwp%2Fv2%2Fcomments&post=2325"}],"version-history":[{"count":1,"href":"https:\/\/dom-glina.hr\/index.php?rest_route=\/wp\/v2\/posts\/2325\/revisions"}],"predecessor-version":[{"id":2327,"href":"https:\/\/dom-glina.hr\/index.php?rest_route=\/wp\/v2\/posts\/2325\/revisions\/2327"}],"wp:featuredmedia":[{"embeddable":true,"href":"https:\/\/dom-glina.hr\/index.php?rest_route=\/wp\/v2\/media\/2326"}],"wp:attachment":[{"href":"https:\/\/dom-glina.hr\/index.php?rest_route=%2Fwp%2Fv2%2Fmedia&parent=2325"}],"wp:term":[{"taxonomy":"category","embeddable":true,"href":"https:\/\/dom-glina.hr\/index.php?rest_route=%2Fwp%2Fv2%2Fcategories&post=2325"},{"taxonomy":"post_tag","embeddable":true,"href":"https:\/\/dom-glina.hr\/index.php?rest_route=%2Fwp%2Fv2%2Ftags&post=2325"}],"curies":[{"name":"wp","href":"https:\/\/api.w.org\/{rel}","templated":true}]}}