{"id":2260,"date":"2019-04-24T11:49:26","date_gmt":"2019-04-24T09:49:26","guid":{"rendered":"http:\/\/dom-glina.hr\/?p=2260"},"modified":"2019-04-24T11:49:26","modified_gmt":"2019-04-24T09:49:26","slug":"donacija-slika","status":"publish","type":"post","link":"https:\/\/dom-glina.hr\/?p=2260","title":{"rendered":"Donacija slika"},"content":{"rendered":"<p style=\"text-align: justify;\">Dom za starije osobe Glina dobio je vrijednu donaciju umjetni\u010dkih slika od SKD Prosvjete Pododbora Glina koja \u0107e doprinijeti ugodnijoj atmosferi svima koji borave u na\u0161em Domu. Hvala predsjednici SKD Prosvjete gospo\u0111i Ljubi Vrga, predsjedniku Vije\u0107a srpske nacionalne manjine Grada Gline i gradskom vije\u0107niku gospodinu \u017deljku Gavrilovi\u0107u te tajnici gospo\u0111i Radojki Vili\u0107.<\/p>\n<p>&nbsp;<\/p>\n<!-- default-view.php -->\n<div\n\tclass=\"ngg-galleryoverview default-view \n\t ngg-ajax-pagination-none\t\"\n\tid=\"ngg-gallery-1d82c35c6e19beaf8903751482a648a8-1\">\n\n\t\t<!-- Thumbnails -->\n\t\t\t\t<div id=\"ngg-image-0\" class=\"ngg-gallery-thumbnail-box \n\t\t\t\t\t\t\t\t\t\t\t\" \n\t\t\t>\n\t\t\t\t\t\t<div class=\"ngg-gallery-thumbnail\">\n\t\t\t<a href=\"https:\/\/dom-glina.hr\/wp-content\/gallery\/donacija-slika-2019\/Picture1.jpg\"\n\t\t\t\ttitle=\"\"\n\t\t\t\tdata-src=\"https:\/\/dom-glina.hr\/wp-content\/gallery\/donacija-slika-2019\/Picture1.jpg\"\n\t\t\t\tdata-thumbnail=\"https:\/\/dom-glina.hr\/wp-content\/gallery\/donacija-slika-2019\/thumbs\/thumbs_Picture1.jpg\"\n\t\t\t\tdata-image-id=\"469\"\n\t\t\t\tdata-title=\"Picture1\"\n\t\t\t\tdata-description=\"\"\n\t\t\t\tdata-image-slug=\"picture1-3\"\n\t\t\t\tclass=\"ngg-fancybox\" rel=\"1d82c35c6e19beaf8903751482a648a8\">\n\t\t\t\t<img\n\t\t\t\t\ttitle=\"Picture1\"\n\t\t\t\t\talt=\"Picture1\"\n\t\t\t\t\tsrc=\"https:\/\/dom-glina.hr\/wp-content\/gallery\/donacija-slika-2019\/thumbs\/thumbs_Picture1.jpg\"\n\t\t\t\t\twidth=\"240\"\n\t\t\t\t\theight=\"160\"\n\t\t\t\t\tstyle=\"max-width:100%;\"\n\t\t\t\t\/>\n\t\t\t<\/a>\n\t\t<\/div>\n\t\t\t\t\t\t\t<\/div> \n\t\t\t\n\t\t\t\t<div id=\"ngg-image-1\" class=\"ngg-gallery-thumbnail-box \n\t\t\t\t\t\t\t\t\t\t\t\" \n\t\t\t>\n\t\t\t\t\t\t<div class=\"ngg-gallery-thumbnail\">\n\t\t\t<a href=\"https:\/\/dom-glina.hr\/wp-content\/gallery\/donacija-slika-2019\/Picture2.jpg\"\n\t\t\t\ttitle=\"\"\n\t\t\t\tdata-src=\"https:\/\/dom-glina.hr\/wp-content\/gallery\/donacija-slika-2019\/Picture2.jpg\"\n\t\t\t\tdata-thumbnail=\"https:\/\/dom-glina.hr\/wp-content\/gallery\/donacija-slika-2019\/thumbs\/thumbs_Picture2.jpg\"\n\t\t\t\tdata-image-id=\"470\"\n\t\t\t\tdata-title=\"Picture2\"\n\t\t\t\tdata-description=\"\"\n\t\t\t\tdata-image-slug=\"picture2-3\"\n\t\t\t\tclass=\"ngg-fancybox\" rel=\"1d82c35c6e19beaf8903751482a648a8\">\n\t\t\t\t<img\n\t\t\t\t\ttitle=\"Picture2\"\n\t\t\t\t\talt=\"Picture2\"\n\t\t\t\t\tsrc=\"https:\/\/dom-glina.hr\/wp-content\/gallery\/donacija-slika-2019\/thumbs\/thumbs_Picture2.jpg\"\n\t\t\t\t\twidth=\"240\"\n\t\t\t\t\theight=\"160\"\n\t\t\t\t\tstyle=\"max-width:100%;\"\n\t\t\t\t\/>\n\t\t\t<\/a>\n\t\t<\/div>\n\t\t\t\t\t\t\t<\/div> \n\t\t\t\n\t\n\t<br style=\"clear: both\" \/>\n\n\t\n\t\t<!-- Pagination -->\n\t\t<div class='ngg-clear'><\/div>\t<\/div>\n\n","protected":false},"excerpt":{"rendered":"<p>Dom za starije osobe Glina dobio je vrijednu donaciju umjetni\u010dkih slika od SKD Prosvjete Pododbora Glina koja \u0107e doprinijeti ugodnijoj atmosferi svima koji borave u na\u0161em Domu. Hvala predsjednici SKD Prosvjete gospo\u0111i Ljubi Vrga, predsjedniku Vije\u0107a srpske nacionalne manjine Grada Gline i gradskom vije\u0107niku gospodinu \u017deljku Gavrilovi\u0107u te tajnici gospo\u0111i Radojki Vili\u0107. &nbsp; &#8221; order_by=&#8221;sortorder&#8221;&hellip;<\/p>\n","protected":false},"author":1,"featured_media":2261,"comment_status":"closed","ping_status":"closed","sticky":false,"template":"","format":"standard","meta":{"_monsterinsights_skip_tracking":false,"_monsterinsights_sitenote_active":false,"_monsterinsights_sitenote_note":"","_monsterinsights_sitenote_category":0,"ngg_post_thumbnail":0,"footnotes":""},"categories":[2],"tags":[],"aioseo_notices":[],"_links":{"self":[{"href":"https:\/\/dom-glina.hr\/index.php?rest_route=\/wp\/v2\/posts\/2260"}],"collection":[{"href":"https:\/\/dom-glina.hr\/index.php?rest_route=\/wp\/v2\/posts"}],"about":[{"href":"https:\/\/dom-glina.hr\/index.php?rest_route=\/wp\/v2\/types\/post"}],"author":[{"embeddable":true,"href":"https:\/\/dom-glina.hr\/index.php?rest_route=\/wp\/v2\/users\/1"}],"replies":[{"embeddable":true,"href":"https:\/\/dom-glina.hr\/index.php?rest_route=%2Fwp%2Fv2%2Fcomments&post=2260"}],"version-history":[{"count":1,"href":"https:\/\/dom-glina.hr\/index.php?rest_route=\/wp\/v2\/posts\/2260\/revisions"}],"predecessor-version":[{"id":2262,"href":"https:\/\/dom-glina.hr\/index.php?rest_route=\/wp\/v2\/posts\/2260\/revisions\/2262"}],"wp:featuredmedia":[{"embeddable":true,"href":"https:\/\/dom-glina.hr\/index.php?rest_route=\/wp\/v2\/media\/2261"}],"wp:attachment":[{"href":"https:\/\/dom-glina.hr\/index.php?rest_route=%2Fwp%2Fv2%2Fmedia&parent=2260"}],"wp:term":[{"taxonomy":"category","embeddable":true,"href":"https:\/\/dom-glina.hr\/index.php?rest_route=%2Fwp%2Fv2%2Fcategories&post=2260"},{"taxonomy":"post_tag","embeddable":true,"href":"https:\/\/dom-glina.hr\/index.php?rest_route=%2Fwp%2Fv2%2Ftags&post=2260"}],"curies":[{"name":"wp","href":"https:\/\/api.w.org\/{rel}","templated":true}]}}