{"id":2186,"date":"2019-04-17T11:59:19","date_gmt":"2019-04-17T09:59:19","guid":{"rendered":"http:\/\/dom-glina.hr\/?p=2186"},"modified":"2019-04-17T12:16:16","modified_gmt":"2019-04-17T10:16:16","slug":"posjet-biskupa-kosica","status":"publish","type":"post","link":"https:\/\/dom-glina.hr\/?p=2186","title":{"rendered":"Posjet biskupa Ko\u0161i\u0107a"},"content":{"rendered":"<p style=\"text-align: justify;\">Povodom uskr\u0161njih blagdana 16.04.2019. g. sisa\u010dki biskup mons. dr. Vlado Ko\u0161i\u0107 pohodio je Dom za starije osobe Glina te je za korisnike i djelatnike predvodio misno slavlje. S biskupom svetu misu slavili su i vl\u010d. Marijan \u0160tingl iz \u017eupe Sv. Franje Ksaverskog u Gornjem Vidu\u0161evcu i vl\u010d. Ivica Ma\u0111er \u017eupnik crkve Sv. Nepomuka u Glini.<\/p>\n<p>&nbsp;<\/p>\n<!-- default-view.php -->\n<div\n\tclass=\"ngg-galleryoverview default-view \n\t ngg-ajax-pagination-none\t\"\n\tid=\"ngg-gallery-5b3ef276db4246d1a875822b81f0b6c9-1\">\n\n\t\t<!-- Thumbnails -->\n\t\t\t\t<div id=\"ngg-image-0\" class=\"ngg-gallery-thumbnail-box \n\t\t\t\t\t\t\t\t\t\t\t\" \n\t\t\t>\n\t\t\t\t\t\t<div class=\"ngg-gallery-thumbnail\">\n\t\t\t<a href=\"https:\/\/dom-glina.hr\/wp-content\/gallery\/posjet-biskupa-kosica\/20190416_150031.jpg\"\n\t\t\t\ttitle=\"\"\n\t\t\t\tdata-src=\"https:\/\/dom-glina.hr\/wp-content\/gallery\/posjet-biskupa-kosica\/20190416_150031.jpg\"\n\t\t\t\tdata-thumbnail=\"https:\/\/dom-glina.hr\/wp-content\/gallery\/posjet-biskupa-kosica\/thumbs\/thumbs_20190416_150031.jpg\"\n\t\t\t\tdata-image-id=\"454\"\n\t\t\t\tdata-title=\"20190416_150031\"\n\t\t\t\tdata-description=\"\"\n\t\t\t\tdata-image-slug=\"20190416_150031\"\n\t\t\t\tclass=\"ngg-fancybox\" rel=\"5b3ef276db4246d1a875822b81f0b6c9\">\n\t\t\t\t<img\n\t\t\t\t\ttitle=\"20190416_150031\"\n\t\t\t\t\talt=\"20190416_150031\"\n\t\t\t\t\tsrc=\"https:\/\/dom-glina.hr\/wp-content\/gallery\/posjet-biskupa-kosica\/thumbs\/thumbs_20190416_150031.jpg\"\n\t\t\t\t\twidth=\"240\"\n\t\t\t\t\theight=\"160\"\n\t\t\t\t\tstyle=\"max-width:100%;\"\n\t\t\t\t\/>\n\t\t\t<\/a>\n\t\t<\/div>\n\t\t\t\t\t\t\t<\/div> \n\t\t\t\n\t\t\t\t<div id=\"ngg-image-1\" class=\"ngg-gallery-thumbnail-box \n\t\t\t\t\t\t\t\t\t\t\t\" \n\t\t\t>\n\t\t\t\t\t\t<div class=\"ngg-gallery-thumbnail\">\n\t\t\t<a href=\"https:\/\/dom-glina.hr\/wp-content\/gallery\/posjet-biskupa-kosica\/20190416_150043.jpg\"\n\t\t\t\ttitle=\"\"\n\t\t\t\tdata-src=\"https:\/\/dom-glina.hr\/wp-content\/gallery\/posjet-biskupa-kosica\/20190416_150043.jpg\"\n\t\t\t\tdata-thumbnail=\"https:\/\/dom-glina.hr\/wp-content\/gallery\/posjet-biskupa-kosica\/thumbs\/thumbs_20190416_150043.jpg\"\n\t\t\t\tdata-image-id=\"455\"\n\t\t\t\tdata-title=\"20190416_150043\"\n\t\t\t\tdata-description=\"\"\n\t\t\t\tdata-image-slug=\"20190416_150043\"\n\t\t\t\tclass=\"ngg-fancybox\" rel=\"5b3ef276db4246d1a875822b81f0b6c9\">\n\t\t\t\t<img\n\t\t\t\t\ttitle=\"20190416_150043\"\n\t\t\t\t\talt=\"20190416_150043\"\n\t\t\t\t\tsrc=\"https:\/\/dom-glina.hr\/wp-content\/gallery\/posjet-biskupa-kosica\/thumbs\/thumbs_20190416_150043.jpg\"\n\t\t\t\t\twidth=\"240\"\n\t\t\t\t\theight=\"160\"\n\t\t\t\t\tstyle=\"max-width:100%;\"\n\t\t\t\t\/>\n\t\t\t<\/a>\n\t\t<\/div>\n\t\t\t\t\t\t\t<\/div> \n\t\t\t\n\t\t\t\t<div id=\"ngg-image-2\" class=\"ngg-gallery-thumbnail-box \n\t\t\t\t\t\t\t\t\t\t\t\" \n\t\t\t>\n\t\t\t\t\t\t<div class=\"ngg-gallery-thumbnail\">\n\t\t\t<a href=\"https:\/\/dom-glina.hr\/wp-content\/gallery\/posjet-biskupa-kosica\/20190416_150103.jpg\"\n\t\t\t\ttitle=\"\"\n\t\t\t\tdata-src=\"https:\/\/dom-glina.hr\/wp-content\/gallery\/posjet-biskupa-kosica\/20190416_150103.jpg\"\n\t\t\t\tdata-thumbnail=\"https:\/\/dom-glina.hr\/wp-content\/gallery\/posjet-biskupa-kosica\/thumbs\/thumbs_20190416_150103.jpg\"\n\t\t\t\tdata-image-id=\"456\"\n\t\t\t\tdata-title=\"20190416_150103\"\n\t\t\t\tdata-description=\"\"\n\t\t\t\tdata-image-slug=\"20190416_150103\"\n\t\t\t\tclass=\"ngg-fancybox\" rel=\"5b3ef276db4246d1a875822b81f0b6c9\">\n\t\t\t\t<img\n\t\t\t\t\ttitle=\"20190416_150103\"\n\t\t\t\t\talt=\"20190416_150103\"\n\t\t\t\t\tsrc=\"https:\/\/dom-glina.hr\/wp-content\/gallery\/posjet-biskupa-kosica\/thumbs\/thumbs_20190416_150103.jpg\"\n\t\t\t\t\twidth=\"240\"\n\t\t\t\t\theight=\"160\"\n\t\t\t\t\tstyle=\"max-width:100%;\"\n\t\t\t\t\/>\n\t\t\t<\/a>\n\t\t<\/div>\n\t\t\t\t\t\t\t<\/div> \n\t\t\t\n\t\t\t\t<div id=\"ngg-image-3\" class=\"ngg-gallery-thumbnail-box \n\t\t\t\t\t\t\t\t\t\t\t\" \n\t\t\t>\n\t\t\t\t\t\t<div class=\"ngg-gallery-thumbnail\">\n\t\t\t<a href=\"https:\/\/dom-glina.hr\/wp-content\/gallery\/posjet-biskupa-kosica\/20190416_150105.jpg\"\n\t\t\t\ttitle=\"\"\n\t\t\t\tdata-src=\"https:\/\/dom-glina.hr\/wp-content\/gallery\/posjet-biskupa-kosica\/20190416_150105.jpg\"\n\t\t\t\tdata-thumbnail=\"https:\/\/dom-glina.hr\/wp-content\/gallery\/posjet-biskupa-kosica\/thumbs\/thumbs_20190416_150105.jpg\"\n\t\t\t\tdata-image-id=\"457\"\n\t\t\t\tdata-title=\"20190416_150105\"\n\t\t\t\tdata-description=\"\"\n\t\t\t\tdata-image-slug=\"20190416_150105\"\n\t\t\t\tclass=\"ngg-fancybox\" rel=\"5b3ef276db4246d1a875822b81f0b6c9\">\n\t\t\t\t<img\n\t\t\t\t\ttitle=\"20190416_150105\"\n\t\t\t\t\talt=\"20190416_150105\"\n\t\t\t\t\tsrc=\"https:\/\/dom-glina.hr\/wp-content\/gallery\/posjet-biskupa-kosica\/thumbs\/thumbs_20190416_150105.jpg\"\n\t\t\t\t\twidth=\"240\"\n\t\t\t\t\theight=\"160\"\n\t\t\t\t\tstyle=\"max-width:100%;\"\n\t\t\t\t\/>\n\t\t\t<\/a>\n\t\t<\/div>\n\t\t\t\t\t\t\t<\/div> \n\t\t\t\n\t\t\t\t<div id=\"ngg-image-4\" class=\"ngg-gallery-thumbnail-box \n\t\t\t\t\t\t\t\t\t\t\t\" \n\t\t\t>\n\t\t\t\t\t\t<div class=\"ngg-gallery-thumbnail\">\n\t\t\t<a href=\"https:\/\/dom-glina.hr\/wp-content\/gallery\/posjet-biskupa-kosica\/20190416_150124.jpg\"\n\t\t\t\ttitle=\"\"\n\t\t\t\tdata-src=\"https:\/\/dom-glina.hr\/wp-content\/gallery\/posjet-biskupa-kosica\/20190416_150124.jpg\"\n\t\t\t\tdata-thumbnail=\"https:\/\/dom-glina.hr\/wp-content\/gallery\/posjet-biskupa-kosica\/thumbs\/thumbs_20190416_150124.jpg\"\n\t\t\t\tdata-image-id=\"458\"\n\t\t\t\tdata-title=\"20190416_150124\"\n\t\t\t\tdata-description=\"\"\n\t\t\t\tdata-image-slug=\"20190416_150124\"\n\t\t\t\tclass=\"ngg-fancybox\" rel=\"5b3ef276db4246d1a875822b81f0b6c9\">\n\t\t\t\t<img\n\t\t\t\t\ttitle=\"20190416_150124\"\n\t\t\t\t\talt=\"20190416_150124\"\n\t\t\t\t\tsrc=\"https:\/\/dom-glina.hr\/wp-content\/gallery\/posjet-biskupa-kosica\/thumbs\/thumbs_20190416_150124.jpg\"\n\t\t\t\t\twidth=\"240\"\n\t\t\t\t\theight=\"160\"\n\t\t\t\t\tstyle=\"max-width:100%;\"\n\t\t\t\t\/>\n\t\t\t<\/a>\n\t\t<\/div>\n\t\t\t\t\t\t\t<\/div> \n\t\t\t\n\t\t\t\t<div id=\"ngg-image-5\" class=\"ngg-gallery-thumbnail-box \n\t\t\t\t\t\t\t\t\t\t\t\" \n\t\t\t>\n\t\t\t\t\t\t<div class=\"ngg-gallery-thumbnail\">\n\t\t\t<a href=\"https:\/\/dom-glina.hr\/wp-content\/gallery\/posjet-biskupa-kosica\/Picture1.jpg\"\n\t\t\t\ttitle=\"\"\n\t\t\t\tdata-src=\"https:\/\/dom-glina.hr\/wp-content\/gallery\/posjet-biskupa-kosica\/Picture1.jpg\"\n\t\t\t\tdata-thumbnail=\"https:\/\/dom-glina.hr\/wp-content\/gallery\/posjet-biskupa-kosica\/thumbs\/thumbs_Picture1.jpg\"\n\t\t\t\tdata-image-id=\"459\"\n\t\t\t\tdata-title=\"Picture1\"\n\t\t\t\tdata-description=\"\"\n\t\t\t\tdata-image-slug=\"picture1-2\"\n\t\t\t\tclass=\"ngg-fancybox\" rel=\"5b3ef276db4246d1a875822b81f0b6c9\">\n\t\t\t\t<img\n\t\t\t\t\ttitle=\"Picture1\"\n\t\t\t\t\talt=\"Picture1\"\n\t\t\t\t\tsrc=\"https:\/\/dom-glina.hr\/wp-content\/gallery\/posjet-biskupa-kosica\/thumbs\/thumbs_Picture1.jpg\"\n\t\t\t\t\twidth=\"240\"\n\t\t\t\t\theight=\"160\"\n\t\t\t\t\tstyle=\"max-width:100%;\"\n\t\t\t\t\/>\n\t\t\t<\/a>\n\t\t<\/div>\n\t\t\t\t\t\t\t<\/div> \n\t\t\t\n\t\t\t\t<div id=\"ngg-image-6\" class=\"ngg-gallery-thumbnail-box \n\t\t\t\t\t\t\t\t\t\t\t\" \n\t\t\t>\n\t\t\t\t\t\t<div class=\"ngg-gallery-thumbnail\">\n\t\t\t<a href=\"https:\/\/dom-glina.hr\/wp-content\/gallery\/posjet-biskupa-kosica\/Picture2.jpg\"\n\t\t\t\ttitle=\"\"\n\t\t\t\tdata-src=\"https:\/\/dom-glina.hr\/wp-content\/gallery\/posjet-biskupa-kosica\/Picture2.jpg\"\n\t\t\t\tdata-thumbnail=\"https:\/\/dom-glina.hr\/wp-content\/gallery\/posjet-biskupa-kosica\/thumbs\/thumbs_Picture2.jpg\"\n\t\t\t\tdata-image-id=\"460\"\n\t\t\t\tdata-title=\"Picture2\"\n\t\t\t\tdata-description=\"\"\n\t\t\t\tdata-image-slug=\"picture2-2\"\n\t\t\t\tclass=\"ngg-fancybox\" rel=\"5b3ef276db4246d1a875822b81f0b6c9\">\n\t\t\t\t<img\n\t\t\t\t\ttitle=\"Picture2\"\n\t\t\t\t\talt=\"Picture2\"\n\t\t\t\t\tsrc=\"https:\/\/dom-glina.hr\/wp-content\/gallery\/posjet-biskupa-kosica\/thumbs\/thumbs_Picture2.jpg\"\n\t\t\t\t\twidth=\"240\"\n\t\t\t\t\theight=\"160\"\n\t\t\t\t\tstyle=\"max-width:100%;\"\n\t\t\t\t\/>\n\t\t\t<\/a>\n\t\t<\/div>\n\t\t\t\t\t\t\t<\/div> \n\t\t\t\n\t\t\t\t<div id=\"ngg-image-7\" class=\"ngg-gallery-thumbnail-box \n\t\t\t\t\t\t\t\t\t\t\t\" \n\t\t\t>\n\t\t\t\t\t\t<div class=\"ngg-gallery-thumbnail\">\n\t\t\t<a href=\"https:\/\/dom-glina.hr\/wp-content\/gallery\/posjet-biskupa-kosica\/Picture3.jpg\"\n\t\t\t\ttitle=\"\"\n\t\t\t\tdata-src=\"https:\/\/dom-glina.hr\/wp-content\/gallery\/posjet-biskupa-kosica\/Picture3.jpg\"\n\t\t\t\tdata-thumbnail=\"https:\/\/dom-glina.hr\/wp-content\/gallery\/posjet-biskupa-kosica\/thumbs\/thumbs_Picture3.jpg\"\n\t\t\t\tdata-image-id=\"461\"\n\t\t\t\tdata-title=\"Picture3\"\n\t\t\t\tdata-description=\"\"\n\t\t\t\tdata-image-slug=\"picture3-1\"\n\t\t\t\tclass=\"ngg-fancybox\" rel=\"5b3ef276db4246d1a875822b81f0b6c9\">\n\t\t\t\t<img\n\t\t\t\t\ttitle=\"Picture3\"\n\t\t\t\t\talt=\"Picture3\"\n\t\t\t\t\tsrc=\"https:\/\/dom-glina.hr\/wp-content\/gallery\/posjet-biskupa-kosica\/thumbs\/thumbs_Picture3.jpg\"\n\t\t\t\t\twidth=\"240\"\n\t\t\t\t\theight=\"160\"\n\t\t\t\t\tstyle=\"max-width:100%;\"\n\t\t\t\t\/>\n\t\t\t<\/a>\n\t\t<\/div>\n\t\t\t\t\t\t\t<\/div> \n\t\t\t\n\t\n\t<br style=\"clear: both\" \/>\n\n\t\n\t\t<!-- Pagination -->\n\t\t<div class='ngg-clear'><\/div>\t<\/div>\n\n<p>&nbsp;<\/p>\n<p>&nbsp;<\/p>\n","protected":false},"excerpt":{"rendered":"<p>Povodom uskr\u0161njih blagdana 16.04.2019. g. sisa\u010dki biskup mons. dr. Vlado Ko\u0161i\u0107 pohodio je Dom za starije osobe Glina te je za korisnike i djelatnike predvodio misno slavlje. S biskupom svetu misu slavili su i vl\u010d. Marijan \u0160tingl iz \u017eupe Sv. Franje Ksaverskog u Gornjem Vidu\u0161evcu i vl\u010d. Ivica Ma\u0111er \u017eupnik crkve Sv. Nepomuka u Glini.&hellip;<\/p>\n","protected":false},"author":1,"featured_media":2205,"comment_status":"closed","ping_status":"closed","sticky":false,"template":"","format":"standard","meta":{"_monsterinsights_skip_tracking":false,"_monsterinsights_sitenote_active":false,"_monsterinsights_sitenote_note":"","_monsterinsights_sitenote_category":0,"ngg_post_thumbnail":0,"footnotes":""},"categories":[2],"tags":[],"aioseo_notices":[],"_links":{"self":[{"href":"https:\/\/dom-glina.hr\/index.php?rest_route=\/wp\/v2\/posts\/2186"}],"collection":[{"href":"https:\/\/dom-glina.hr\/index.php?rest_route=\/wp\/v2\/posts"}],"about":[{"href":"https:\/\/dom-glina.hr\/index.php?rest_route=\/wp\/v2\/types\/post"}],"author":[{"embeddable":true,"href":"https:\/\/dom-glina.hr\/index.php?rest_route=\/wp\/v2\/users\/1"}],"replies":[{"embeddable":true,"href":"https:\/\/dom-glina.hr\/index.php?rest_route=%2Fwp%2Fv2%2Fcomments&post=2186"}],"version-history":[{"count":2,"href":"https:\/\/dom-glina.hr\/index.php?rest_route=\/wp\/v2\/posts\/2186\/revisions"}],"predecessor-version":[{"id":2207,"href":"https:\/\/dom-glina.hr\/index.php?rest_route=\/wp\/v2\/posts\/2186\/revisions\/2207"}],"wp:featuredmedia":[{"embeddable":true,"href":"https:\/\/dom-glina.hr\/index.php?rest_route=\/wp\/v2\/media\/2205"}],"wp:attachment":[{"href":"https:\/\/dom-glina.hr\/index.php?rest_route=%2Fwp%2Fv2%2Fmedia&parent=2186"}],"wp:term":[{"taxonomy":"category","embeddable":true,"href":"https:\/\/dom-glina.hr\/index.php?rest_route=%2Fwp%2Fv2%2Fcategories&post=2186"},{"taxonomy":"post_tag","embeddable":true,"href":"https:\/\/dom-glina.hr\/index.php?rest_route=%2Fwp%2Fv2%2Ftags&post=2186"}],"curies":[{"name":"wp","href":"https:\/\/api.w.org\/{rel}","templated":true}]}}