{"id":2049,"date":"2019-03-08T11:27:29","date_gmt":"2019-03-08T10:27:29","guid":{"rendered":"http:\/\/dom-glina.hr\/?p=2049"},"modified":"2019-03-08T11:27:29","modified_gmt":"2019-03-08T10:27:29","slug":"medunarodni-dan-zena","status":"publish","type":"post","link":"https:\/\/dom-glina.hr\/?p=2049","title":{"rendered":"Me\u0111unarodni dan \u017eena"},"content":{"rendered":"<p>Povodom obilje\u017eavanja Me\u0111unarodnog dana \u017eena 8. o\u017eujka ravnateljica je djelatnicama i korisnicama Doma podijelila ru\u017ee.<\/p>\n<p>&nbsp;<\/p>\n<!-- default-view.php -->\n<div\n\tclass=\"ngg-galleryoverview default-view \n\t ngg-ajax-pagination-none\t\"\n\tid=\"ngg-gallery-33de5fe73db087399afb65febcd1a186-1\">\n\n\t\t<!-- Thumbnails -->\n\t\t\t\t<div id=\"ngg-image-0\" class=\"ngg-gallery-thumbnail-box \n\t\t\t\t\t\t\t\t\t\t\t\" \n\t\t\t>\n\t\t\t\t\t\t<div class=\"ngg-gallery-thumbnail\">\n\t\t\t<a href=\"https:\/\/dom-glina.hr\/wp-content\/gallery\/medunarodni-dan-zena-2019\/20190308_080557.jpg\"\n\t\t\t\ttitle=\"\"\n\t\t\t\tdata-src=\"https:\/\/dom-glina.hr\/wp-content\/gallery\/medunarodni-dan-zena-2019\/20190308_080557.jpg\"\n\t\t\t\tdata-thumbnail=\"https:\/\/dom-glina.hr\/wp-content\/gallery\/medunarodni-dan-zena-2019\/thumbs\/thumbs_20190308_080557.jpg\"\n\t\t\t\tdata-image-id=\"403\"\n\t\t\t\tdata-title=\"20190308_080557\"\n\t\t\t\tdata-description=\"\"\n\t\t\t\tdata-image-slug=\"20190308_080557\"\n\t\t\t\tclass=\"ngg-fancybox\" rel=\"33de5fe73db087399afb65febcd1a186\">\n\t\t\t\t<img\n\t\t\t\t\ttitle=\"20190308_080557\"\n\t\t\t\t\talt=\"20190308_080557\"\n\t\t\t\t\tsrc=\"https:\/\/dom-glina.hr\/wp-content\/gallery\/medunarodni-dan-zena-2019\/thumbs\/thumbs_20190308_080557.jpg\"\n\t\t\t\t\twidth=\"240\"\n\t\t\t\t\theight=\"160\"\n\t\t\t\t\tstyle=\"max-width:100%;\"\n\t\t\t\t\/>\n\t\t\t<\/a>\n\t\t<\/div>\n\t\t\t\t\t\t\t<\/div> \n\t\t\t\n\t\t\t\t<div id=\"ngg-image-1\" class=\"ngg-gallery-thumbnail-box \n\t\t\t\t\t\t\t\t\t\t\t\" \n\t\t\t>\n\t\t\t\t\t\t<div class=\"ngg-gallery-thumbnail\">\n\t\t\t<a href=\"https:\/\/dom-glina.hr\/wp-content\/gallery\/medunarodni-dan-zena-2019\/20190308_080621.jpg\"\n\t\t\t\ttitle=\"\"\n\t\t\t\tdata-src=\"https:\/\/dom-glina.hr\/wp-content\/gallery\/medunarodni-dan-zena-2019\/20190308_080621.jpg\"\n\t\t\t\tdata-thumbnail=\"https:\/\/dom-glina.hr\/wp-content\/gallery\/medunarodni-dan-zena-2019\/thumbs\/thumbs_20190308_080621.jpg\"\n\t\t\t\tdata-image-id=\"404\"\n\t\t\t\tdata-title=\"20190308_080621\"\n\t\t\t\tdata-description=\"\"\n\t\t\t\tdata-image-slug=\"20190308_080621\"\n\t\t\t\tclass=\"ngg-fancybox\" rel=\"33de5fe73db087399afb65febcd1a186\">\n\t\t\t\t<img\n\t\t\t\t\ttitle=\"20190308_080621\"\n\t\t\t\t\talt=\"20190308_080621\"\n\t\t\t\t\tsrc=\"https:\/\/dom-glina.hr\/wp-content\/gallery\/medunarodni-dan-zena-2019\/thumbs\/thumbs_20190308_080621.jpg\"\n\t\t\t\t\twidth=\"240\"\n\t\t\t\t\theight=\"160\"\n\t\t\t\t\tstyle=\"max-width:100%;\"\n\t\t\t\t\/>\n\t\t\t<\/a>\n\t\t<\/div>\n\t\t\t\t\t\t\t<\/div> \n\t\t\t\n\t\t\t\t<div id=\"ngg-image-2\" class=\"ngg-gallery-thumbnail-box \n\t\t\t\t\t\t\t\t\t\t\t\" \n\t\t\t>\n\t\t\t\t\t\t<div class=\"ngg-gallery-thumbnail\">\n\t\t\t<a href=\"https:\/\/dom-glina.hr\/wp-content\/gallery\/medunarodni-dan-zena-2019\/20190308_080952.jpg\"\n\t\t\t\ttitle=\"\"\n\t\t\t\tdata-src=\"https:\/\/dom-glina.hr\/wp-content\/gallery\/medunarodni-dan-zena-2019\/20190308_080952.jpg\"\n\t\t\t\tdata-thumbnail=\"https:\/\/dom-glina.hr\/wp-content\/gallery\/medunarodni-dan-zena-2019\/thumbs\/thumbs_20190308_080952.jpg\"\n\t\t\t\tdata-image-id=\"405\"\n\t\t\t\tdata-title=\"20190308_080952\"\n\t\t\t\tdata-description=\"\"\n\t\t\t\tdata-image-slug=\"20190308_080952\"\n\t\t\t\tclass=\"ngg-fancybox\" rel=\"33de5fe73db087399afb65febcd1a186\">\n\t\t\t\t<img\n\t\t\t\t\ttitle=\"20190308_080952\"\n\t\t\t\t\talt=\"20190308_080952\"\n\t\t\t\t\tsrc=\"https:\/\/dom-glina.hr\/wp-content\/gallery\/medunarodni-dan-zena-2019\/thumbs\/thumbs_20190308_080952.jpg\"\n\t\t\t\t\twidth=\"240\"\n\t\t\t\t\theight=\"160\"\n\t\t\t\t\tstyle=\"max-width:100%;\"\n\t\t\t\t\/>\n\t\t\t<\/a>\n\t\t<\/div>\n\t\t\t\t\t\t\t<\/div> \n\t\t\t\n\t\t\t\t<div id=\"ngg-image-3\" class=\"ngg-gallery-thumbnail-box \n\t\t\t\t\t\t\t\t\t\t\t\" \n\t\t\t>\n\t\t\t\t\t\t<div class=\"ngg-gallery-thumbnail\">\n\t\t\t<a href=\"https:\/\/dom-glina.hr\/wp-content\/gallery\/medunarodni-dan-zena-2019\/20190308_081135.jpg\"\n\t\t\t\ttitle=\"\"\n\t\t\t\tdata-src=\"https:\/\/dom-glina.hr\/wp-content\/gallery\/medunarodni-dan-zena-2019\/20190308_081135.jpg\"\n\t\t\t\tdata-thumbnail=\"https:\/\/dom-glina.hr\/wp-content\/gallery\/medunarodni-dan-zena-2019\/thumbs\/thumbs_20190308_081135.jpg\"\n\t\t\t\tdata-image-id=\"406\"\n\t\t\t\tdata-title=\"20190308_081135\"\n\t\t\t\tdata-description=\"\"\n\t\t\t\tdata-image-slug=\"20190308_081135\"\n\t\t\t\tclass=\"ngg-fancybox\" rel=\"33de5fe73db087399afb65febcd1a186\">\n\t\t\t\t<img\n\t\t\t\t\ttitle=\"20190308_081135\"\n\t\t\t\t\talt=\"20190308_081135\"\n\t\t\t\t\tsrc=\"https:\/\/dom-glina.hr\/wp-content\/gallery\/medunarodni-dan-zena-2019\/thumbs\/thumbs_20190308_081135.jpg\"\n\t\t\t\t\twidth=\"240\"\n\t\t\t\t\theight=\"160\"\n\t\t\t\t\tstyle=\"max-width:100%;\"\n\t\t\t\t\/>\n\t\t\t<\/a>\n\t\t<\/div>\n\t\t\t\t\t\t\t<\/div> \n\t\t\t\n\t\t\t\t<div id=\"ngg-image-4\" class=\"ngg-gallery-thumbnail-box \n\t\t\t\t\t\t\t\t\t\t\t\" \n\t\t\t>\n\t\t\t\t\t\t<div class=\"ngg-gallery-thumbnail\">\n\t\t\t<a href=\"https:\/\/dom-glina.hr\/wp-content\/gallery\/medunarodni-dan-zena-2019\/20190308_081232.jpg\"\n\t\t\t\ttitle=\"\"\n\t\t\t\tdata-src=\"https:\/\/dom-glina.hr\/wp-content\/gallery\/medunarodni-dan-zena-2019\/20190308_081232.jpg\"\n\t\t\t\tdata-thumbnail=\"https:\/\/dom-glina.hr\/wp-content\/gallery\/medunarodni-dan-zena-2019\/thumbs\/thumbs_20190308_081232.jpg\"\n\t\t\t\tdata-image-id=\"407\"\n\t\t\t\tdata-title=\"20190308_081232\"\n\t\t\t\tdata-description=\"\"\n\t\t\t\tdata-image-slug=\"20190308_081232\"\n\t\t\t\tclass=\"ngg-fancybox\" rel=\"33de5fe73db087399afb65febcd1a186\">\n\t\t\t\t<img\n\t\t\t\t\ttitle=\"20190308_081232\"\n\t\t\t\t\talt=\"20190308_081232\"\n\t\t\t\t\tsrc=\"https:\/\/dom-glina.hr\/wp-content\/gallery\/medunarodni-dan-zena-2019\/thumbs\/thumbs_20190308_081232.jpg\"\n\t\t\t\t\twidth=\"240\"\n\t\t\t\t\theight=\"160\"\n\t\t\t\t\tstyle=\"max-width:100%;\"\n\t\t\t\t\/>\n\t\t\t<\/a>\n\t\t<\/div>\n\t\t\t\t\t\t\t<\/div> \n\t\t\t\n\t\t\t\t<div id=\"ngg-image-5\" class=\"ngg-gallery-thumbnail-box \n\t\t\t\t\t\t\t\t\t\t\t\" \n\t\t\t>\n\t\t\t\t\t\t<div class=\"ngg-gallery-thumbnail\">\n\t\t\t<a href=\"https:\/\/dom-glina.hr\/wp-content\/gallery\/medunarodni-dan-zena-2019\/20190308_081342.jpg\"\n\t\t\t\ttitle=\"\"\n\t\t\t\tdata-src=\"https:\/\/dom-glina.hr\/wp-content\/gallery\/medunarodni-dan-zena-2019\/20190308_081342.jpg\"\n\t\t\t\tdata-thumbnail=\"https:\/\/dom-glina.hr\/wp-content\/gallery\/medunarodni-dan-zena-2019\/thumbs\/thumbs_20190308_081342.jpg\"\n\t\t\t\tdata-image-id=\"408\"\n\t\t\t\tdata-title=\"20190308_081342\"\n\t\t\t\tdata-description=\"\"\n\t\t\t\tdata-image-slug=\"20190308_081342\"\n\t\t\t\tclass=\"ngg-fancybox\" rel=\"33de5fe73db087399afb65febcd1a186\">\n\t\t\t\t<img\n\t\t\t\t\ttitle=\"20190308_081342\"\n\t\t\t\t\talt=\"20190308_081342\"\n\t\t\t\t\tsrc=\"https:\/\/dom-glina.hr\/wp-content\/gallery\/medunarodni-dan-zena-2019\/thumbs\/thumbs_20190308_081342.jpg\"\n\t\t\t\t\twidth=\"240\"\n\t\t\t\t\theight=\"160\"\n\t\t\t\t\tstyle=\"max-width:100%;\"\n\t\t\t\t\/>\n\t\t\t<\/a>\n\t\t<\/div>\n\t\t\t\t\t\t\t<\/div> \n\t\t\t\n\t\t\t\t<div id=\"ngg-image-6\" class=\"ngg-gallery-thumbnail-box \n\t\t\t\t\t\t\t\t\t\t\t\" \n\t\t\t>\n\t\t\t\t\t\t<div class=\"ngg-gallery-thumbnail\">\n\t\t\t<a href=\"https:\/\/dom-glina.hr\/wp-content\/gallery\/medunarodni-dan-zena-2019\/20190308_081417.jpg\"\n\t\t\t\ttitle=\"\"\n\t\t\t\tdata-src=\"https:\/\/dom-glina.hr\/wp-content\/gallery\/medunarodni-dan-zena-2019\/20190308_081417.jpg\"\n\t\t\t\tdata-thumbnail=\"https:\/\/dom-glina.hr\/wp-content\/gallery\/medunarodni-dan-zena-2019\/thumbs\/thumbs_20190308_081417.jpg\"\n\t\t\t\tdata-image-id=\"409\"\n\t\t\t\tdata-title=\"20190308_081417\"\n\t\t\t\tdata-description=\"\"\n\t\t\t\tdata-image-slug=\"20190308_081417\"\n\t\t\t\tclass=\"ngg-fancybox\" rel=\"33de5fe73db087399afb65febcd1a186\">\n\t\t\t\t<img\n\t\t\t\t\ttitle=\"20190308_081417\"\n\t\t\t\t\talt=\"20190308_081417\"\n\t\t\t\t\tsrc=\"https:\/\/dom-glina.hr\/wp-content\/gallery\/medunarodni-dan-zena-2019\/thumbs\/thumbs_20190308_081417.jpg\"\n\t\t\t\t\twidth=\"240\"\n\t\t\t\t\theight=\"160\"\n\t\t\t\t\tstyle=\"max-width:100%;\"\n\t\t\t\t\/>\n\t\t\t<\/a>\n\t\t<\/div>\n\t\t\t\t\t\t\t<\/div> \n\t\t\t\n\t\t\t\t<div id=\"ngg-image-7\" class=\"ngg-gallery-thumbnail-box \n\t\t\t\t\t\t\t\t\t\t\t\" \n\t\t\t>\n\t\t\t\t\t\t<div class=\"ngg-gallery-thumbnail\">\n\t\t\t<a href=\"https:\/\/dom-glina.hr\/wp-content\/gallery\/medunarodni-dan-zena-2019\/20190308_084536.jpg\"\n\t\t\t\ttitle=\"\"\n\t\t\t\tdata-src=\"https:\/\/dom-glina.hr\/wp-content\/gallery\/medunarodni-dan-zena-2019\/20190308_084536.jpg\"\n\t\t\t\tdata-thumbnail=\"https:\/\/dom-glina.hr\/wp-content\/gallery\/medunarodni-dan-zena-2019\/thumbs\/thumbs_20190308_084536.jpg\"\n\t\t\t\tdata-image-id=\"410\"\n\t\t\t\tdata-title=\"20190308_084536\"\n\t\t\t\tdata-description=\"\"\n\t\t\t\tdata-image-slug=\"20190308_084536\"\n\t\t\t\tclass=\"ngg-fancybox\" rel=\"33de5fe73db087399afb65febcd1a186\">\n\t\t\t\t<img\n\t\t\t\t\ttitle=\"20190308_084536\"\n\t\t\t\t\talt=\"20190308_084536\"\n\t\t\t\t\tsrc=\"https:\/\/dom-glina.hr\/wp-content\/gallery\/medunarodni-dan-zena-2019\/thumbs\/thumbs_20190308_084536.jpg\"\n\t\t\t\t\twidth=\"240\"\n\t\t\t\t\theight=\"160\"\n\t\t\t\t\tstyle=\"max-width:100%;\"\n\t\t\t\t\/>\n\t\t\t<\/a>\n\t\t<\/div>\n\t\t\t\t\t\t\t<\/div> \n\t\t\t\n\t\t\t\t<div id=\"ngg-image-8\" class=\"ngg-gallery-thumbnail-box \n\t\t\t\t\t\t\t\t\t\t\t\" \n\t\t\t>\n\t\t\t\t\t\t<div class=\"ngg-gallery-thumbnail\">\n\t\t\t<a href=\"https:\/\/dom-glina.hr\/wp-content\/gallery\/medunarodni-dan-zena-2019\/20190308_084728.jpg\"\n\t\t\t\ttitle=\"\"\n\t\t\t\tdata-src=\"https:\/\/dom-glina.hr\/wp-content\/gallery\/medunarodni-dan-zena-2019\/20190308_084728.jpg\"\n\t\t\t\tdata-thumbnail=\"https:\/\/dom-glina.hr\/wp-content\/gallery\/medunarodni-dan-zena-2019\/thumbs\/thumbs_20190308_084728.jpg\"\n\t\t\t\tdata-image-id=\"411\"\n\t\t\t\tdata-title=\"20190308_084728\"\n\t\t\t\tdata-description=\"\"\n\t\t\t\tdata-image-slug=\"20190308_084728\"\n\t\t\t\tclass=\"ngg-fancybox\" rel=\"33de5fe73db087399afb65febcd1a186\">\n\t\t\t\t<img\n\t\t\t\t\ttitle=\"20190308_084728\"\n\t\t\t\t\talt=\"20190308_084728\"\n\t\t\t\t\tsrc=\"https:\/\/dom-glina.hr\/wp-content\/gallery\/medunarodni-dan-zena-2019\/thumbs\/thumbs_20190308_084728.jpg\"\n\t\t\t\t\twidth=\"240\"\n\t\t\t\t\theight=\"160\"\n\t\t\t\t\tstyle=\"max-width:100%;\"\n\t\t\t\t\/>\n\t\t\t<\/a>\n\t\t<\/div>\n\t\t\t\t\t\t\t<\/div> \n\t\t\t\n\t\t\t\t<div id=\"ngg-image-9\" class=\"ngg-gallery-thumbnail-box \n\t\t\t\t\t\t\t\t\t\t\t\" \n\t\t\t>\n\t\t\t\t\t\t<div class=\"ngg-gallery-thumbnail\">\n\t\t\t<a href=\"https:\/\/dom-glina.hr\/wp-content\/gallery\/medunarodni-dan-zena-2019\/20190308_084834.jpg\"\n\t\t\t\ttitle=\"\"\n\t\t\t\tdata-src=\"https:\/\/dom-glina.hr\/wp-content\/gallery\/medunarodni-dan-zena-2019\/20190308_084834.jpg\"\n\t\t\t\tdata-thumbnail=\"https:\/\/dom-glina.hr\/wp-content\/gallery\/medunarodni-dan-zena-2019\/thumbs\/thumbs_20190308_084834.jpg\"\n\t\t\t\tdata-image-id=\"412\"\n\t\t\t\tdata-title=\"20190308_084834\"\n\t\t\t\tdata-description=\"\"\n\t\t\t\tdata-image-slug=\"20190308_084834\"\n\t\t\t\tclass=\"ngg-fancybox\" rel=\"33de5fe73db087399afb65febcd1a186\">\n\t\t\t\t<img\n\t\t\t\t\ttitle=\"20190308_084834\"\n\t\t\t\t\talt=\"20190308_084834\"\n\t\t\t\t\tsrc=\"https:\/\/dom-glina.hr\/wp-content\/gallery\/medunarodni-dan-zena-2019\/thumbs\/thumbs_20190308_084834.jpg\"\n\t\t\t\t\twidth=\"240\"\n\t\t\t\t\theight=\"160\"\n\t\t\t\t\tstyle=\"max-width:100%;\"\n\t\t\t\t\/>\n\t\t\t<\/a>\n\t\t<\/div>\n\t\t\t\t\t\t\t<\/div> \n\t\t\t\n\t\t\t\t<div id=\"ngg-image-10\" class=\"ngg-gallery-thumbnail-box \n\t\t\t\t\t\t\t\t\t\t\t\" \n\t\t\t>\n\t\t\t\t\t\t<div class=\"ngg-gallery-thumbnail\">\n\t\t\t<a href=\"https:\/\/dom-glina.hr\/wp-content\/gallery\/medunarodni-dan-zena-2019\/20190308_085339.jpg\"\n\t\t\t\ttitle=\"\"\n\t\t\t\tdata-src=\"https:\/\/dom-glina.hr\/wp-content\/gallery\/medunarodni-dan-zena-2019\/20190308_085339.jpg\"\n\t\t\t\tdata-thumbnail=\"https:\/\/dom-glina.hr\/wp-content\/gallery\/medunarodni-dan-zena-2019\/thumbs\/thumbs_20190308_085339.jpg\"\n\t\t\t\tdata-image-id=\"413\"\n\t\t\t\tdata-title=\"20190308_085339\"\n\t\t\t\tdata-description=\"\"\n\t\t\t\tdata-image-slug=\"20190308_085339\"\n\t\t\t\tclass=\"ngg-fancybox\" rel=\"33de5fe73db087399afb65febcd1a186\">\n\t\t\t\t<img\n\t\t\t\t\ttitle=\"20190308_085339\"\n\t\t\t\t\talt=\"20190308_085339\"\n\t\t\t\t\tsrc=\"https:\/\/dom-glina.hr\/wp-content\/gallery\/medunarodni-dan-zena-2019\/thumbs\/thumbs_20190308_085339.jpg\"\n\t\t\t\t\twidth=\"240\"\n\t\t\t\t\theight=\"160\"\n\t\t\t\t\tstyle=\"max-width:100%;\"\n\t\t\t\t\/>\n\t\t\t<\/a>\n\t\t<\/div>\n\t\t\t\t\t\t\t<\/div> \n\t\t\t\n\t\n\t<br style=\"clear: both\" \/>\n\n\t\n\t\t<!-- Pagination -->\n\t\t<div class='ngg-clear'><\/div>\t<\/div>\n\n","protected":false},"excerpt":{"rendered":"<p>Povodom obilje\u017eavanja Me\u0111unarodnog dana \u017eena 8. o\u017eujka ravnateljica je djelatnicama i korisnicama Doma podijelila ru\u017ee. &nbsp; &#8221; order_by=&#8221;sortorder&#8221; order_direction=&#8221;ASC&#8221; returns=&#8221;included&#8221; maximum_entity_count=&#8221;500&#8243;]<\/p>\n","protected":false},"author":1,"featured_media":2074,"comment_status":"closed","ping_status":"closed","sticky":false,"template":"","format":"standard","meta":{"_monsterinsights_skip_tracking":false,"_monsterinsights_sitenote_active":false,"_monsterinsights_sitenote_note":"","_monsterinsights_sitenote_category":0,"ngg_post_thumbnail":0,"footnotes":""},"categories":[2],"tags":[],"aioseo_notices":[],"_links":{"self":[{"href":"https:\/\/dom-glina.hr\/index.php?rest_route=\/wp\/v2\/posts\/2049"}],"collection":[{"href":"https:\/\/dom-glina.hr\/index.php?rest_route=\/wp\/v2\/posts"}],"about":[{"href":"https:\/\/dom-glina.hr\/index.php?rest_route=\/wp\/v2\/types\/post"}],"author":[{"embeddable":true,"href":"https:\/\/dom-glina.hr\/index.php?rest_route=\/wp\/v2\/users\/1"}],"replies":[{"embeddable":true,"href":"https:\/\/dom-glina.hr\/index.php?rest_route=%2Fwp%2Fv2%2Fcomments&post=2049"}],"version-history":[{"count":1,"href":"https:\/\/dom-glina.hr\/index.php?rest_route=\/wp\/v2\/posts\/2049\/revisions"}],"predecessor-version":[{"id":2075,"href":"https:\/\/dom-glina.hr\/index.php?rest_route=\/wp\/v2\/posts\/2049\/revisions\/2075"}],"wp:featuredmedia":[{"embeddable":true,"href":"https:\/\/dom-glina.hr\/index.php?rest_route=\/wp\/v2\/media\/2074"}],"wp:attachment":[{"href":"https:\/\/dom-glina.hr\/index.php?rest_route=%2Fwp%2Fv2%2Fmedia&parent=2049"}],"wp:term":[{"taxonomy":"category","embeddable":true,"href":"https:\/\/dom-glina.hr\/index.php?rest_route=%2Fwp%2Fv2%2Fcategories&post=2049"},{"taxonomy":"post_tag","embeddable":true,"href":"https:\/\/dom-glina.hr\/index.php?rest_route=%2Fwp%2Fv2%2Ftags&post=2049"}],"curies":[{"name":"wp","href":"https:\/\/api.w.org\/{rel}","templated":true}]}}