{"id":1967,"date":"2019-02-25T14:32:21","date_gmt":"2019-02-25T13:32:21","guid":{"rendered":"http:\/\/dom-glina.hr\/?p=1967"},"modified":"2019-02-25T14:32:21","modified_gmt":"2019-02-25T13:32:21","slug":"note-dobrote","status":"publish","type":"post","link":"https:\/\/dom-glina.hr\/?p=1967","title":{"rendered":"Note dobrote"},"content":{"rendered":"<p style=\"text-align: justify;\">23. velja\u010de u Hrvatskom domu u Glini organiziran je humanitarni koncert Note dobrote za djecu O\u0160 Glina. Ove godine prvi put svoju notu dobrote dali su i na\u0161i korisnici. Nastupio je na\u0161 mje\u0161oviti zbor \u201eNovi \u017eivot\u201c u pratnji harmonike i pod dirigentskom palicom Verice Jambre\u0161i\u0107.<\/p>\n<p>&nbsp;<\/p>\n<!-- default-view.php -->\n<div\n\tclass=\"ngg-galleryoverview default-view \n\t ngg-ajax-pagination-none\t\"\n\tid=\"ngg-gallery-c4608f280fa30c59dc8057e89fa38808-1\">\n\n\t\t<!-- Thumbnails -->\n\t\t\t\t<div id=\"ngg-image-0\" class=\"ngg-gallery-thumbnail-box \n\t\t\t\t\t\t\t\t\t\t\t\" \n\t\t\t>\n\t\t\t\t\t\t<div class=\"ngg-gallery-thumbnail\">\n\t\t\t<a href=\"https:\/\/dom-glina.hr\/wp-content\/gallery\/humanitarni-koncert-23022019\/IMG-0bf7c6e116f2e30c4eae8c38f3230b6b-V.jpg\"\n\t\t\t\ttitle=\"\"\n\t\t\t\tdata-src=\"https:\/\/dom-glina.hr\/wp-content\/gallery\/humanitarni-koncert-23022019\/IMG-0bf7c6e116f2e30c4eae8c38f3230b6b-V.jpg\"\n\t\t\t\tdata-thumbnail=\"https:\/\/dom-glina.hr\/wp-content\/gallery\/humanitarni-koncert-23022019\/thumbs\/thumbs_IMG-0bf7c6e116f2e30c4eae8c38f3230b6b-V.jpg\"\n\t\t\t\tdata-image-id=\"370\"\n\t\t\t\tdata-title=\"IMG-0bf7c6e116f2e30c4eae8c38f3230b6b-V\"\n\t\t\t\tdata-description=\"\"\n\t\t\t\tdata-image-slug=\"img-0bf7c6e116f2e30c4eae8c38f3230b6b-v\"\n\t\t\t\tclass=\"ngg-fancybox\" rel=\"c4608f280fa30c59dc8057e89fa38808\">\n\t\t\t\t<img\n\t\t\t\t\ttitle=\"IMG-0bf7c6e116f2e30c4eae8c38f3230b6b-V\"\n\t\t\t\t\talt=\"IMG-0bf7c6e116f2e30c4eae8c38f3230b6b-V\"\n\t\t\t\t\tsrc=\"https:\/\/dom-glina.hr\/wp-content\/gallery\/humanitarni-koncert-23022019\/thumbs\/thumbs_IMG-0bf7c6e116f2e30c4eae8c38f3230b6b-V.jpg\"\n\t\t\t\t\twidth=\"240\"\n\t\t\t\t\theight=\"160\"\n\t\t\t\t\tstyle=\"max-width:100%;\"\n\t\t\t\t\/>\n\t\t\t<\/a>\n\t\t<\/div>\n\t\t\t\t\t\t\t<\/div> \n\t\t\t\n\t\t\t\t<div id=\"ngg-image-1\" class=\"ngg-gallery-thumbnail-box \n\t\t\t\t\t\t\t\t\t\t\t\" \n\t\t\t>\n\t\t\t\t\t\t<div class=\"ngg-gallery-thumbnail\">\n\t\t\t<a href=\"https:\/\/dom-glina.hr\/wp-content\/gallery\/humanitarni-koncert-23022019\/IMG-32e456055e80d9776c23081d2ea86788-V.jpg\"\n\t\t\t\ttitle=\"\"\n\t\t\t\tdata-src=\"https:\/\/dom-glina.hr\/wp-content\/gallery\/humanitarni-koncert-23022019\/IMG-32e456055e80d9776c23081d2ea86788-V.jpg\"\n\t\t\t\tdata-thumbnail=\"https:\/\/dom-glina.hr\/wp-content\/gallery\/humanitarni-koncert-23022019\/thumbs\/thumbs_IMG-32e456055e80d9776c23081d2ea86788-V.jpg\"\n\t\t\t\tdata-image-id=\"371\"\n\t\t\t\tdata-title=\"IMG-32e456055e80d9776c23081d2ea86788-V\"\n\t\t\t\tdata-description=\"\"\n\t\t\t\tdata-image-slug=\"img-32e456055e80d9776c23081d2ea86788-v\"\n\t\t\t\tclass=\"ngg-fancybox\" rel=\"c4608f280fa30c59dc8057e89fa38808\">\n\t\t\t\t<img\n\t\t\t\t\ttitle=\"IMG-32e456055e80d9776c23081d2ea86788-V\"\n\t\t\t\t\talt=\"IMG-32e456055e80d9776c23081d2ea86788-V\"\n\t\t\t\t\tsrc=\"https:\/\/dom-glina.hr\/wp-content\/gallery\/humanitarni-koncert-23022019\/thumbs\/thumbs_IMG-32e456055e80d9776c23081d2ea86788-V.jpg\"\n\t\t\t\t\twidth=\"240\"\n\t\t\t\t\theight=\"160\"\n\t\t\t\t\tstyle=\"max-width:100%;\"\n\t\t\t\t\/>\n\t\t\t<\/a>\n\t\t<\/div>\n\t\t\t\t\t\t\t<\/div> \n\t\t\t\n\t\t\t\t<div id=\"ngg-image-2\" class=\"ngg-gallery-thumbnail-box \n\t\t\t\t\t\t\t\t\t\t\t\" \n\t\t\t>\n\t\t\t\t\t\t<div class=\"ngg-gallery-thumbnail\">\n\t\t\t<a href=\"https:\/\/dom-glina.hr\/wp-content\/gallery\/humanitarni-koncert-23022019\/IMG-85bc3c5ac327531939107963f2f43ee8-V.jpg\"\n\t\t\t\ttitle=\"\"\n\t\t\t\tdata-src=\"https:\/\/dom-glina.hr\/wp-content\/gallery\/humanitarni-koncert-23022019\/IMG-85bc3c5ac327531939107963f2f43ee8-V.jpg\"\n\t\t\t\tdata-thumbnail=\"https:\/\/dom-glina.hr\/wp-content\/gallery\/humanitarni-koncert-23022019\/thumbs\/thumbs_IMG-85bc3c5ac327531939107963f2f43ee8-V.jpg\"\n\t\t\t\tdata-image-id=\"372\"\n\t\t\t\tdata-title=\"IMG-85bc3c5ac327531939107963f2f43ee8-V\"\n\t\t\t\tdata-description=\"\"\n\t\t\t\tdata-image-slug=\"img-85bc3c5ac327531939107963f2f43ee8-v\"\n\t\t\t\tclass=\"ngg-fancybox\" rel=\"c4608f280fa30c59dc8057e89fa38808\">\n\t\t\t\t<img\n\t\t\t\t\ttitle=\"IMG-85bc3c5ac327531939107963f2f43ee8-V\"\n\t\t\t\t\talt=\"IMG-85bc3c5ac327531939107963f2f43ee8-V\"\n\t\t\t\t\tsrc=\"https:\/\/dom-glina.hr\/wp-content\/gallery\/humanitarni-koncert-23022019\/thumbs\/thumbs_IMG-85bc3c5ac327531939107963f2f43ee8-V.jpg\"\n\t\t\t\t\twidth=\"240\"\n\t\t\t\t\theight=\"160\"\n\t\t\t\t\tstyle=\"max-width:100%;\"\n\t\t\t\t\/>\n\t\t\t<\/a>\n\t\t<\/div>\n\t\t\t\t\t\t\t<\/div> \n\t\t\t\n\t\t\t\t<div id=\"ngg-image-3\" class=\"ngg-gallery-thumbnail-box \n\t\t\t\t\t\t\t\t\t\t\t\" \n\t\t\t>\n\t\t\t\t\t\t<div class=\"ngg-gallery-thumbnail\">\n\t\t\t<a href=\"https:\/\/dom-glina.hr\/wp-content\/gallery\/humanitarni-koncert-23022019\/IMG-dfa5d0532a9480f899123258e8ebb70d-V.jpg\"\n\t\t\t\ttitle=\"\"\n\t\t\t\tdata-src=\"https:\/\/dom-glina.hr\/wp-content\/gallery\/humanitarni-koncert-23022019\/IMG-dfa5d0532a9480f899123258e8ebb70d-V.jpg\"\n\t\t\t\tdata-thumbnail=\"https:\/\/dom-glina.hr\/wp-content\/gallery\/humanitarni-koncert-23022019\/thumbs\/thumbs_IMG-dfa5d0532a9480f899123258e8ebb70d-V.jpg\"\n\t\t\t\tdata-image-id=\"373\"\n\t\t\t\tdata-title=\"IMG-dfa5d0532a9480f899123258e8ebb70d-V\"\n\t\t\t\tdata-description=\"\"\n\t\t\t\tdata-image-slug=\"img-dfa5d0532a9480f899123258e8ebb70d-v\"\n\t\t\t\tclass=\"ngg-fancybox\" rel=\"c4608f280fa30c59dc8057e89fa38808\">\n\t\t\t\t<img\n\t\t\t\t\ttitle=\"IMG-dfa5d0532a9480f899123258e8ebb70d-V\"\n\t\t\t\t\talt=\"IMG-dfa5d0532a9480f899123258e8ebb70d-V\"\n\t\t\t\t\tsrc=\"https:\/\/dom-glina.hr\/wp-content\/gallery\/humanitarni-koncert-23022019\/thumbs\/thumbs_IMG-dfa5d0532a9480f899123258e8ebb70d-V.jpg\"\n\t\t\t\t\twidth=\"240\"\n\t\t\t\t\theight=\"160\"\n\t\t\t\t\tstyle=\"max-width:100%;\"\n\t\t\t\t\/>\n\t\t\t<\/a>\n\t\t<\/div>\n\t\t\t\t\t\t\t<\/div> \n\t\t\t\n\t\n\t<br style=\"clear: both\" \/>\n\n\t\n\t\t<!-- Pagination -->\n\t\t<div class='ngg-clear'><\/div>\t<\/div>\n\n","protected":false},"excerpt":{"rendered":"<p>23. velja\u010de u Hrvatskom domu u Glini organiziran je humanitarni koncert Note dobrote za djecu O\u0160 Glina. Ove godine prvi put svoju notu dobrote dali su i na\u0161i korisnici. Nastupio je na\u0161 mje\u0161oviti zbor \u201eNovi \u017eivot\u201c u pratnji harmonike i pod dirigentskom palicom Verice Jambre\u0161i\u0107. &nbsp; &#8221; order_by=&#8221;sortorder&#8221; order_direction=&#8221;ASC&#8221; returns=&#8221;included&#8221; maximum_entity_count=&#8221;500&#8243;]<\/p>\n","protected":false},"author":1,"featured_media":1968,"comment_status":"closed","ping_status":"closed","sticky":false,"template":"","format":"standard","meta":{"_monsterinsights_skip_tracking":false,"_monsterinsights_sitenote_active":false,"_monsterinsights_sitenote_note":"","_monsterinsights_sitenote_category":0,"ngg_post_thumbnail":0,"footnotes":""},"categories":[2],"tags":[],"aioseo_notices":[],"_links":{"self":[{"href":"https:\/\/dom-glina.hr\/index.php?rest_route=\/wp\/v2\/posts\/1967"}],"collection":[{"href":"https:\/\/dom-glina.hr\/index.php?rest_route=\/wp\/v2\/posts"}],"about":[{"href":"https:\/\/dom-glina.hr\/index.php?rest_route=\/wp\/v2\/types\/post"}],"author":[{"embeddable":true,"href":"https:\/\/dom-glina.hr\/index.php?rest_route=\/wp\/v2\/users\/1"}],"replies":[{"embeddable":true,"href":"https:\/\/dom-glina.hr\/index.php?rest_route=%2Fwp%2Fv2%2Fcomments&post=1967"}],"version-history":[{"count":1,"href":"https:\/\/dom-glina.hr\/index.php?rest_route=\/wp\/v2\/posts\/1967\/revisions"}],"predecessor-version":[{"id":1969,"href":"https:\/\/dom-glina.hr\/index.php?rest_route=\/wp\/v2\/posts\/1967\/revisions\/1969"}],"wp:featuredmedia":[{"embeddable":true,"href":"https:\/\/dom-glina.hr\/index.php?rest_route=\/wp\/v2\/media\/1968"}],"wp:attachment":[{"href":"https:\/\/dom-glina.hr\/index.php?rest_route=%2Fwp%2Fv2%2Fmedia&parent=1967"}],"wp:term":[{"taxonomy":"category","embeddable":true,"href":"https:\/\/dom-glina.hr\/index.php?rest_route=%2Fwp%2Fv2%2Fcategories&post=1967"},{"taxonomy":"post_tag","embeddable":true,"href":"https:\/\/dom-glina.hr\/index.php?rest_route=%2Fwp%2Fv2%2Ftags&post=1967"}],"curies":[{"name":"wp","href":"https:\/\/api.w.org\/{rel}","templated":true}]}}