{"id":1857,"date":"2019-01-09T13:58:34","date_gmt":"2019-01-09T12:58:34","guid":{"rendered":"http:\/\/dom-glina.hr\/?p=1857"},"modified":"2019-01-09T13:59:03","modified_gmt":"2019-01-09T12:59:03","slug":"molitve-i-blagoslovi-u-novoj-2019-godini","status":"publish","type":"post","link":"https:\/\/dom-glina.hr\/?p=1857","title":{"rendered":"Molitve i blagoslovi u novoj 2019. godini"},"content":{"rendered":"<p style=\"text-align: justify;\">Paroh glinski Slobodan Drakuli\u0107 predvodio je liturgiju povodom drugog dana Bo\u017ei\u0107a koji je posve\u0107en Saboru Presvete Bogorodice. Ujedno je obi\u0161ao i blagoslovio korisnike Doma koji slave Bo\u017ei\u0107 po julijanskom kalendaru.<\/p>\n<p style=\"text-align: justify;\">Vele\u010dasni Ivica Ma\u0111er je povodom blagdana Sveta tri kralja odr\u017eao misu te blagoslovio korisnike i prostorije Doma.<\/p>\n<p style=\"text-align: justify;\">Svim vjernicima koji slave Bo\u017ei\u0107 po julijanskom kalendaru pozdravom \u201eMir Bo\u017eji, Hristos se rodi\u201c srda\u010dno \u010destitamo Bo\u017ei\u0107. Svima \u017eelimo obilje zdravlja, mira i svakog dobra u novoj 2019. godini.<\/p>\n<p style=\"text-align: justify;\">&nbsp;<\/p>\n<!-- default-view.php -->\n<div\n\tclass=\"ngg-galleryoverview default-view \n\t ngg-ajax-pagination-none\t\"\n\tid=\"ngg-gallery-71cd1c77eb21e14397e48ee23e94e813-1\">\n\n\t\t<!-- Thumbnails -->\n\t\t\t\t<div id=\"ngg-image-0\" class=\"ngg-gallery-thumbnail-box \n\t\t\t\t\t\t\t\t\t\t\t\" \n\t\t\t>\n\t\t\t\t\t\t<div class=\"ngg-gallery-thumbnail\">\n\t\t\t<a href=\"https:\/\/dom-glina.hr\/wp-content\/gallery\/molitve-i-blagoslovi-u-novoj-2019-godini\/1.jpg\"\n\t\t\t\ttitle=\"\"\n\t\t\t\tdata-src=\"https:\/\/dom-glina.hr\/wp-content\/gallery\/molitve-i-blagoslovi-u-novoj-2019-godini\/1.jpg\"\n\t\t\t\tdata-thumbnail=\"https:\/\/dom-glina.hr\/wp-content\/gallery\/molitve-i-blagoslovi-u-novoj-2019-godini\/thumbs\/thumbs_1.jpg\"\n\t\t\t\tdata-image-id=\"346\"\n\t\t\t\tdata-title=\"1\"\n\t\t\t\tdata-description=\"\"\n\t\t\t\tdata-image-slug=\"1-1\"\n\t\t\t\tclass=\"ngg-fancybox\" rel=\"71cd1c77eb21e14397e48ee23e94e813\">\n\t\t\t\t<img\n\t\t\t\t\ttitle=\"1\"\n\t\t\t\t\talt=\"1\"\n\t\t\t\t\tsrc=\"https:\/\/dom-glina.hr\/wp-content\/gallery\/molitve-i-blagoslovi-u-novoj-2019-godini\/thumbs\/thumbs_1.jpg\"\n\t\t\t\t\twidth=\"240\"\n\t\t\t\t\theight=\"160\"\n\t\t\t\t\tstyle=\"max-width:100%;\"\n\t\t\t\t\/>\n\t\t\t<\/a>\n\t\t<\/div>\n\t\t\t\t\t\t\t<\/div> \n\t\t\t\n\t\t\t\t<div id=\"ngg-image-1\" class=\"ngg-gallery-thumbnail-box \n\t\t\t\t\t\t\t\t\t\t\t\" \n\t\t\t>\n\t\t\t\t\t\t<div class=\"ngg-gallery-thumbnail\">\n\t\t\t<a href=\"https:\/\/dom-glina.hr\/wp-content\/gallery\/molitve-i-blagoslovi-u-novoj-2019-godini\/2.jpg\"\n\t\t\t\ttitle=\"\"\n\t\t\t\tdata-src=\"https:\/\/dom-glina.hr\/wp-content\/gallery\/molitve-i-blagoslovi-u-novoj-2019-godini\/2.jpg\"\n\t\t\t\tdata-thumbnail=\"https:\/\/dom-glina.hr\/wp-content\/gallery\/molitve-i-blagoslovi-u-novoj-2019-godini\/thumbs\/thumbs_2.jpg\"\n\t\t\t\tdata-image-id=\"347\"\n\t\t\t\tdata-title=\"2\"\n\t\t\t\tdata-description=\"\"\n\t\t\t\tdata-image-slug=\"2-1\"\n\t\t\t\tclass=\"ngg-fancybox\" rel=\"71cd1c77eb21e14397e48ee23e94e813\">\n\t\t\t\t<img\n\t\t\t\t\ttitle=\"2\"\n\t\t\t\t\talt=\"2\"\n\t\t\t\t\tsrc=\"https:\/\/dom-glina.hr\/wp-content\/gallery\/molitve-i-blagoslovi-u-novoj-2019-godini\/thumbs\/thumbs_2.jpg\"\n\t\t\t\t\twidth=\"240\"\n\t\t\t\t\theight=\"160\"\n\t\t\t\t\tstyle=\"max-width:100%;\"\n\t\t\t\t\/>\n\t\t\t<\/a>\n\t\t<\/div>\n\t\t\t\t\t\t\t<\/div> \n\t\t\t\n\t\t\t\t<div id=\"ngg-image-2\" class=\"ngg-gallery-thumbnail-box \n\t\t\t\t\t\t\t\t\t\t\t\" \n\t\t\t>\n\t\t\t\t\t\t<div class=\"ngg-gallery-thumbnail\">\n\t\t\t<a href=\"https:\/\/dom-glina.hr\/wp-content\/gallery\/molitve-i-blagoslovi-u-novoj-2019-godini\/3.jpg\"\n\t\t\t\ttitle=\"\"\n\t\t\t\tdata-src=\"https:\/\/dom-glina.hr\/wp-content\/gallery\/molitve-i-blagoslovi-u-novoj-2019-godini\/3.jpg\"\n\t\t\t\tdata-thumbnail=\"https:\/\/dom-glina.hr\/wp-content\/gallery\/molitve-i-blagoslovi-u-novoj-2019-godini\/thumbs\/thumbs_3.jpg\"\n\t\t\t\tdata-image-id=\"348\"\n\t\t\t\tdata-title=\"3\"\n\t\t\t\tdata-description=\"\"\n\t\t\t\tdata-image-slug=\"3-1\"\n\t\t\t\tclass=\"ngg-fancybox\" rel=\"71cd1c77eb21e14397e48ee23e94e813\">\n\t\t\t\t<img\n\t\t\t\t\ttitle=\"3\"\n\t\t\t\t\talt=\"3\"\n\t\t\t\t\tsrc=\"https:\/\/dom-glina.hr\/wp-content\/gallery\/molitve-i-blagoslovi-u-novoj-2019-godini\/thumbs\/thumbs_3.jpg\"\n\t\t\t\t\twidth=\"240\"\n\t\t\t\t\theight=\"160\"\n\t\t\t\t\tstyle=\"max-width:100%;\"\n\t\t\t\t\/>\n\t\t\t<\/a>\n\t\t<\/div>\n\t\t\t\t\t\t\t<\/div> \n\t\t\t\n\t\t\t\t<div id=\"ngg-image-3\" class=\"ngg-gallery-thumbnail-box \n\t\t\t\t\t\t\t\t\t\t\t\" \n\t\t\t>\n\t\t\t\t\t\t<div class=\"ngg-gallery-thumbnail\">\n\t\t\t<a href=\"https:\/\/dom-glina.hr\/wp-content\/gallery\/molitve-i-blagoslovi-u-novoj-2019-godini\/4.jpg\"\n\t\t\t\ttitle=\"\"\n\t\t\t\tdata-src=\"https:\/\/dom-glina.hr\/wp-content\/gallery\/molitve-i-blagoslovi-u-novoj-2019-godini\/4.jpg\"\n\t\t\t\tdata-thumbnail=\"https:\/\/dom-glina.hr\/wp-content\/gallery\/molitve-i-blagoslovi-u-novoj-2019-godini\/thumbs\/thumbs_4.jpg\"\n\t\t\t\tdata-image-id=\"349\"\n\t\t\t\tdata-title=\"4\"\n\t\t\t\tdata-description=\"\"\n\t\t\t\tdata-image-slug=\"4-1\"\n\t\t\t\tclass=\"ngg-fancybox\" rel=\"71cd1c77eb21e14397e48ee23e94e813\">\n\t\t\t\t<img\n\t\t\t\t\ttitle=\"4\"\n\t\t\t\t\talt=\"4\"\n\t\t\t\t\tsrc=\"https:\/\/dom-glina.hr\/wp-content\/gallery\/molitve-i-blagoslovi-u-novoj-2019-godini\/thumbs\/thumbs_4.jpg\"\n\t\t\t\t\twidth=\"240\"\n\t\t\t\t\theight=\"160\"\n\t\t\t\t\tstyle=\"max-width:100%;\"\n\t\t\t\t\/>\n\t\t\t<\/a>\n\t\t<\/div>\n\t\t\t\t\t\t\t<\/div> \n\t\t\t\n\t\t\t\t<div id=\"ngg-image-4\" class=\"ngg-gallery-thumbnail-box \n\t\t\t\t\t\t\t\t\t\t\t\" \n\t\t\t>\n\t\t\t\t\t\t<div class=\"ngg-gallery-thumbnail\">\n\t\t\t<a href=\"https:\/\/dom-glina.hr\/wp-content\/gallery\/molitve-i-blagoslovi-u-novoj-2019-godini\/5.jpg\"\n\t\t\t\ttitle=\"\"\n\t\t\t\tdata-src=\"https:\/\/dom-glina.hr\/wp-content\/gallery\/molitve-i-blagoslovi-u-novoj-2019-godini\/5.jpg\"\n\t\t\t\tdata-thumbnail=\"https:\/\/dom-glina.hr\/wp-content\/gallery\/molitve-i-blagoslovi-u-novoj-2019-godini\/thumbs\/thumbs_5.jpg\"\n\t\t\t\tdata-image-id=\"350\"\n\t\t\t\tdata-title=\"5\"\n\t\t\t\tdata-description=\"\"\n\t\t\t\tdata-image-slug=\"5-1\"\n\t\t\t\tclass=\"ngg-fancybox\" rel=\"71cd1c77eb21e14397e48ee23e94e813\">\n\t\t\t\t<img\n\t\t\t\t\ttitle=\"5\"\n\t\t\t\t\talt=\"5\"\n\t\t\t\t\tsrc=\"https:\/\/dom-glina.hr\/wp-content\/gallery\/molitve-i-blagoslovi-u-novoj-2019-godini\/thumbs\/thumbs_5.jpg\"\n\t\t\t\t\twidth=\"240\"\n\t\t\t\t\theight=\"160\"\n\t\t\t\t\tstyle=\"max-width:100%;\"\n\t\t\t\t\/>\n\t\t\t<\/a>\n\t\t<\/div>\n\t\t\t\t\t\t\t<\/div> \n\t\t\t\n\t\t\t\t<div id=\"ngg-image-5\" class=\"ngg-gallery-thumbnail-box \n\t\t\t\t\t\t\t\t\t\t\t\" \n\t\t\t>\n\t\t\t\t\t\t<div class=\"ngg-gallery-thumbnail\">\n\t\t\t<a href=\"https:\/\/dom-glina.hr\/wp-content\/gallery\/molitve-i-blagoslovi-u-novoj-2019-godini\/6.jpg\"\n\t\t\t\ttitle=\"\"\n\t\t\t\tdata-src=\"https:\/\/dom-glina.hr\/wp-content\/gallery\/molitve-i-blagoslovi-u-novoj-2019-godini\/6.jpg\"\n\t\t\t\tdata-thumbnail=\"https:\/\/dom-glina.hr\/wp-content\/gallery\/molitve-i-blagoslovi-u-novoj-2019-godini\/thumbs\/thumbs_6.jpg\"\n\t\t\t\tdata-image-id=\"351\"\n\t\t\t\tdata-title=\"6\"\n\t\t\t\tdata-description=\"\"\n\t\t\t\tdata-image-slug=\"6-1\"\n\t\t\t\tclass=\"ngg-fancybox\" rel=\"71cd1c77eb21e14397e48ee23e94e813\">\n\t\t\t\t<img\n\t\t\t\t\ttitle=\"6\"\n\t\t\t\t\talt=\"6\"\n\t\t\t\t\tsrc=\"https:\/\/dom-glina.hr\/wp-content\/gallery\/molitve-i-blagoslovi-u-novoj-2019-godini\/thumbs\/thumbs_6.jpg\"\n\t\t\t\t\twidth=\"240\"\n\t\t\t\t\theight=\"160\"\n\t\t\t\t\tstyle=\"max-width:100%;\"\n\t\t\t\t\/>\n\t\t\t<\/a>\n\t\t<\/div>\n\t\t\t\t\t\t\t<\/div> \n\t\t\t\n\t\t\t\t<div id=\"ngg-image-6\" class=\"ngg-gallery-thumbnail-box \n\t\t\t\t\t\t\t\t\t\t\t\" \n\t\t\t>\n\t\t\t\t\t\t<div class=\"ngg-gallery-thumbnail\">\n\t\t\t<a href=\"https:\/\/dom-glina.hr\/wp-content\/gallery\/molitve-i-blagoslovi-u-novoj-2019-godini\/7.jpg\"\n\t\t\t\ttitle=\"\"\n\t\t\t\tdata-src=\"https:\/\/dom-glina.hr\/wp-content\/gallery\/molitve-i-blagoslovi-u-novoj-2019-godini\/7.jpg\"\n\t\t\t\tdata-thumbnail=\"https:\/\/dom-glina.hr\/wp-content\/gallery\/molitve-i-blagoslovi-u-novoj-2019-godini\/thumbs\/thumbs_7.jpg\"\n\t\t\t\tdata-image-id=\"352\"\n\t\t\t\tdata-title=\"7\"\n\t\t\t\tdata-description=\"\"\n\t\t\t\tdata-image-slug=\"7-1\"\n\t\t\t\tclass=\"ngg-fancybox\" rel=\"71cd1c77eb21e14397e48ee23e94e813\">\n\t\t\t\t<img\n\t\t\t\t\ttitle=\"7\"\n\t\t\t\t\talt=\"7\"\n\t\t\t\t\tsrc=\"https:\/\/dom-glina.hr\/wp-content\/gallery\/molitve-i-blagoslovi-u-novoj-2019-godini\/thumbs\/thumbs_7.jpg\"\n\t\t\t\t\twidth=\"240\"\n\t\t\t\t\theight=\"160\"\n\t\t\t\t\tstyle=\"max-width:100%;\"\n\t\t\t\t\/>\n\t\t\t<\/a>\n\t\t<\/div>\n\t\t\t\t\t\t\t<\/div> \n\t\t\t\n\t\t\t\t<div id=\"ngg-image-7\" class=\"ngg-gallery-thumbnail-box \n\t\t\t\t\t\t\t\t\t\t\t\" \n\t\t\t>\n\t\t\t\t\t\t<div class=\"ngg-gallery-thumbnail\">\n\t\t\t<a href=\"https:\/\/dom-glina.hr\/wp-content\/gallery\/molitve-i-blagoslovi-u-novoj-2019-godini\/glavna.jpg\"\n\t\t\t\ttitle=\"\"\n\t\t\t\tdata-src=\"https:\/\/dom-glina.hr\/wp-content\/gallery\/molitve-i-blagoslovi-u-novoj-2019-godini\/glavna.jpg\"\n\t\t\t\tdata-thumbnail=\"https:\/\/dom-glina.hr\/wp-content\/gallery\/molitve-i-blagoslovi-u-novoj-2019-godini\/thumbs\/thumbs_glavna.jpg\"\n\t\t\t\tdata-image-id=\"353\"\n\t\t\t\tdata-title=\"glavna\"\n\t\t\t\tdata-description=\"\"\n\t\t\t\tdata-image-slug=\"glavna\"\n\t\t\t\tclass=\"ngg-fancybox\" rel=\"71cd1c77eb21e14397e48ee23e94e813\">\n\t\t\t\t<img\n\t\t\t\t\ttitle=\"glavna\"\n\t\t\t\t\talt=\"glavna\"\n\t\t\t\t\tsrc=\"https:\/\/dom-glina.hr\/wp-content\/gallery\/molitve-i-blagoslovi-u-novoj-2019-godini\/thumbs\/thumbs_glavna.jpg\"\n\t\t\t\t\twidth=\"240\"\n\t\t\t\t\theight=\"160\"\n\t\t\t\t\tstyle=\"max-width:100%;\"\n\t\t\t\t\/>\n\t\t\t<\/a>\n\t\t<\/div>\n\t\t\t\t\t\t\t<\/div> \n\t\t\t\n\t\n\t<br style=\"clear: both\" \/>\n\n\t\n\t\t<!-- Pagination -->\n\t\t<div class='ngg-clear'><\/div>\t<\/div>\n\n","protected":false},"excerpt":{"rendered":"<p>Paroh glinski Slobodan Drakuli\u0107 predvodio je liturgiju povodom drugog dana Bo\u017ei\u0107a koji je posve\u0107en Saboru Presvete Bogorodice. Ujedno je obi\u0161ao i blagoslovio korisnike Doma koji slave Bo\u017ei\u0107 po julijanskom kalendaru. Vele\u010dasni Ivica Ma\u0111er je povodom blagdana Sveta tri kralja odr\u017eao misu te blagoslovio korisnike i prostorije Doma. Svim vjernicima koji slave Bo\u017ei\u0107 po julijanskom kalendaru&hellip;<\/p>\n","protected":false},"author":1,"featured_media":1877,"comment_status":"closed","ping_status":"closed","sticky":false,"template":"","format":"standard","meta":{"_monsterinsights_skip_tracking":false,"_monsterinsights_sitenote_active":false,"_monsterinsights_sitenote_note":"","_monsterinsights_sitenote_category":0,"ngg_post_thumbnail":0,"footnotes":""},"categories":[2],"tags":[],"aioseo_notices":[],"_links":{"self":[{"href":"https:\/\/dom-glina.hr\/index.php?rest_route=\/wp\/v2\/posts\/1857"}],"collection":[{"href":"https:\/\/dom-glina.hr\/index.php?rest_route=\/wp\/v2\/posts"}],"about":[{"href":"https:\/\/dom-glina.hr\/index.php?rest_route=\/wp\/v2\/types\/post"}],"author":[{"embeddable":true,"href":"https:\/\/dom-glina.hr\/index.php?rest_route=\/wp\/v2\/users\/1"}],"replies":[{"embeddable":true,"href":"https:\/\/dom-glina.hr\/index.php?rest_route=%2Fwp%2Fv2%2Fcomments&post=1857"}],"version-history":[{"count":1,"href":"https:\/\/dom-glina.hr\/index.php?rest_route=\/wp\/v2\/posts\/1857\/revisions"}],"predecessor-version":[{"id":1876,"href":"https:\/\/dom-glina.hr\/index.php?rest_route=\/wp\/v2\/posts\/1857\/revisions\/1876"}],"wp:featuredmedia":[{"embeddable":true,"href":"https:\/\/dom-glina.hr\/index.php?rest_route=\/wp\/v2\/media\/1877"}],"wp:attachment":[{"href":"https:\/\/dom-glina.hr\/index.php?rest_route=%2Fwp%2Fv2%2Fmedia&parent=1857"}],"wp:term":[{"taxonomy":"category","embeddable":true,"href":"https:\/\/dom-glina.hr\/index.php?rest_route=%2Fwp%2Fv2%2Fcategories&post=1857"},{"taxonomy":"post_tag","embeddable":true,"href":"https:\/\/dom-glina.hr\/index.php?rest_route=%2Fwp%2Fv2%2Ftags&post=1857"}],"curies":[{"name":"wp","href":"https:\/\/api.w.org\/{rel}","templated":true}]}}