{"id":1574,"date":"2018-11-27T09:47:41","date_gmt":"2018-11-27T08:47:41","guid":{"rendered":"http:\/\/dom-glina.hr\/?p=1574"},"modified":"2018-11-27T09:47:41","modified_gmt":"2018-11-27T08:47:41","slug":"posjet-djecjeg-vrtica-bubamara-glina","status":"publish","type":"post","link":"https:\/\/dom-glina.hr\/?p=1574","title":{"rendered":"Posjet dje\u010djeg vrti\u0107a Bubamara Glina"},"content":{"rendered":"<p style=\"text-align: justify;\">Dje\u010dica iz dje\u010djeg vrti\u0107a Bubamara Glina, posjetila su na\u0161e korisnike Doma i razveselila nas svojom pjesmom.<\/p>\n<p>&nbsp;<\/p>\n<!-- default-view.php -->\n<div\n\tclass=\"ngg-galleryoverview default-view \n\t ngg-ajax-pagination-none\t\"\n\tid=\"ngg-gallery-7fec670cd098b9f1f47f9d0f4d983b81-1\">\n\n\t\t<!-- Thumbnails -->\n\t\t\t\t<div id=\"ngg-image-0\" class=\"ngg-gallery-thumbnail-box \n\t\t\t\t\t\t\t\t\t\t\t\" \n\t\t\t>\n\t\t\t\t\t\t<div class=\"ngg-gallery-thumbnail\">\n\t\t\t<a href=\"https:\/\/dom-glina.hr\/wp-content\/gallery\/posjet-djecjeg-vrtica-bubamara-glina\/20181010_104102.jpg\"\n\t\t\t\ttitle=\"\"\n\t\t\t\tdata-src=\"https:\/\/dom-glina.hr\/wp-content\/gallery\/posjet-djecjeg-vrtica-bubamara-glina\/20181010_104102.jpg\"\n\t\t\t\tdata-thumbnail=\"https:\/\/dom-glina.hr\/wp-content\/gallery\/posjet-djecjeg-vrtica-bubamara-glina\/thumbs\/thumbs_20181010_104102.jpg\"\n\t\t\t\tdata-image-id=\"231\"\n\t\t\t\tdata-title=\"20181010_104102\"\n\t\t\t\tdata-description=\"\"\n\t\t\t\tdata-image-slug=\"20181010_104102\"\n\t\t\t\tclass=\"ngg-fancybox\" rel=\"7fec670cd098b9f1f47f9d0f4d983b81\">\n\t\t\t\t<img\n\t\t\t\t\ttitle=\"20181010_104102\"\n\t\t\t\t\talt=\"20181010_104102\"\n\t\t\t\t\tsrc=\"https:\/\/dom-glina.hr\/wp-content\/gallery\/posjet-djecjeg-vrtica-bubamara-glina\/thumbs\/thumbs_20181010_104102.jpg\"\n\t\t\t\t\twidth=\"240\"\n\t\t\t\t\theight=\"160\"\n\t\t\t\t\tstyle=\"max-width:100%;\"\n\t\t\t\t\/>\n\t\t\t<\/a>\n\t\t<\/div>\n\t\t\t\t\t\t\t<\/div> \n\t\t\t\n\t\t\t\t<div id=\"ngg-image-1\" class=\"ngg-gallery-thumbnail-box \n\t\t\t\t\t\t\t\t\t\t\t\" \n\t\t\t>\n\t\t\t\t\t\t<div class=\"ngg-gallery-thumbnail\">\n\t\t\t<a href=\"https:\/\/dom-glina.hr\/wp-content\/gallery\/posjet-djecjeg-vrtica-bubamara-glina\/20181010_104127.jpg\"\n\t\t\t\ttitle=\"\"\n\t\t\t\tdata-src=\"https:\/\/dom-glina.hr\/wp-content\/gallery\/posjet-djecjeg-vrtica-bubamara-glina\/20181010_104127.jpg\"\n\t\t\t\tdata-thumbnail=\"https:\/\/dom-glina.hr\/wp-content\/gallery\/posjet-djecjeg-vrtica-bubamara-glina\/thumbs\/thumbs_20181010_104127.jpg\"\n\t\t\t\tdata-image-id=\"232\"\n\t\t\t\tdata-title=\"20181010_104127\"\n\t\t\t\tdata-description=\"\"\n\t\t\t\tdata-image-slug=\"20181010_104127\"\n\t\t\t\tclass=\"ngg-fancybox\" rel=\"7fec670cd098b9f1f47f9d0f4d983b81\">\n\t\t\t\t<img\n\t\t\t\t\ttitle=\"20181010_104127\"\n\t\t\t\t\talt=\"20181010_104127\"\n\t\t\t\t\tsrc=\"https:\/\/dom-glina.hr\/wp-content\/gallery\/posjet-djecjeg-vrtica-bubamara-glina\/thumbs\/thumbs_20181010_104127.jpg\"\n\t\t\t\t\twidth=\"240\"\n\t\t\t\t\theight=\"160\"\n\t\t\t\t\tstyle=\"max-width:100%;\"\n\t\t\t\t\/>\n\t\t\t<\/a>\n\t\t<\/div>\n\t\t\t\t\t\t\t<\/div> \n\t\t\t\n\t\t\t\t<div id=\"ngg-image-2\" class=\"ngg-gallery-thumbnail-box \n\t\t\t\t\t\t\t\t\t\t\t\" \n\t\t\t>\n\t\t\t\t\t\t<div class=\"ngg-gallery-thumbnail\">\n\t\t\t<a href=\"https:\/\/dom-glina.hr\/wp-content\/gallery\/posjet-djecjeg-vrtica-bubamara-glina\/20181010_104151.jpg\"\n\t\t\t\ttitle=\"\"\n\t\t\t\tdata-src=\"https:\/\/dom-glina.hr\/wp-content\/gallery\/posjet-djecjeg-vrtica-bubamara-glina\/20181010_104151.jpg\"\n\t\t\t\tdata-thumbnail=\"https:\/\/dom-glina.hr\/wp-content\/gallery\/posjet-djecjeg-vrtica-bubamara-glina\/thumbs\/thumbs_20181010_104151.jpg\"\n\t\t\t\tdata-image-id=\"233\"\n\t\t\t\tdata-title=\"20181010_104151\"\n\t\t\t\tdata-description=\"\"\n\t\t\t\tdata-image-slug=\"20181010_104151\"\n\t\t\t\tclass=\"ngg-fancybox\" rel=\"7fec670cd098b9f1f47f9d0f4d983b81\">\n\t\t\t\t<img\n\t\t\t\t\ttitle=\"20181010_104151\"\n\t\t\t\t\talt=\"20181010_104151\"\n\t\t\t\t\tsrc=\"https:\/\/dom-glina.hr\/wp-content\/gallery\/posjet-djecjeg-vrtica-bubamara-glina\/thumbs\/thumbs_20181010_104151.jpg\"\n\t\t\t\t\twidth=\"240\"\n\t\t\t\t\theight=\"160\"\n\t\t\t\t\tstyle=\"max-width:100%;\"\n\t\t\t\t\/>\n\t\t\t<\/a>\n\t\t<\/div>\n\t\t\t\t\t\t\t<\/div> \n\t\t\t\n\t\t\t\t<div id=\"ngg-image-3\" class=\"ngg-gallery-thumbnail-box \n\t\t\t\t\t\t\t\t\t\t\t\" \n\t\t\t>\n\t\t\t\t\t\t<div class=\"ngg-gallery-thumbnail\">\n\t\t\t<a href=\"https:\/\/dom-glina.hr\/wp-content\/gallery\/posjet-djecjeg-vrtica-bubamara-glina\/20181010_104333.jpg\"\n\t\t\t\ttitle=\"\"\n\t\t\t\tdata-src=\"https:\/\/dom-glina.hr\/wp-content\/gallery\/posjet-djecjeg-vrtica-bubamara-glina\/20181010_104333.jpg\"\n\t\t\t\tdata-thumbnail=\"https:\/\/dom-glina.hr\/wp-content\/gallery\/posjet-djecjeg-vrtica-bubamara-glina\/thumbs\/thumbs_20181010_104333.jpg\"\n\t\t\t\tdata-image-id=\"234\"\n\t\t\t\tdata-title=\"20181010_104333\"\n\t\t\t\tdata-description=\"\"\n\t\t\t\tdata-image-slug=\"20181010_104333\"\n\t\t\t\tclass=\"ngg-fancybox\" rel=\"7fec670cd098b9f1f47f9d0f4d983b81\">\n\t\t\t\t<img\n\t\t\t\t\ttitle=\"20181010_104333\"\n\t\t\t\t\talt=\"20181010_104333\"\n\t\t\t\t\tsrc=\"https:\/\/dom-glina.hr\/wp-content\/gallery\/posjet-djecjeg-vrtica-bubamara-glina\/thumbs\/thumbs_20181010_104333.jpg\"\n\t\t\t\t\twidth=\"240\"\n\t\t\t\t\theight=\"160\"\n\t\t\t\t\tstyle=\"max-width:100%;\"\n\t\t\t\t\/>\n\t\t\t<\/a>\n\t\t<\/div>\n\t\t\t\t\t\t\t<\/div> \n\t\t\t\n\t\t\t\t<div id=\"ngg-image-4\" class=\"ngg-gallery-thumbnail-box \n\t\t\t\t\t\t\t\t\t\t\t\" \n\t\t\t>\n\t\t\t\t\t\t<div class=\"ngg-gallery-thumbnail\">\n\t\t\t<a href=\"https:\/\/dom-glina.hr\/wp-content\/gallery\/posjet-djecjeg-vrtica-bubamara-glina\/20181010_104401.jpg\"\n\t\t\t\ttitle=\"\"\n\t\t\t\tdata-src=\"https:\/\/dom-glina.hr\/wp-content\/gallery\/posjet-djecjeg-vrtica-bubamara-glina\/20181010_104401.jpg\"\n\t\t\t\tdata-thumbnail=\"https:\/\/dom-glina.hr\/wp-content\/gallery\/posjet-djecjeg-vrtica-bubamara-glina\/thumbs\/thumbs_20181010_104401.jpg\"\n\t\t\t\tdata-image-id=\"235\"\n\t\t\t\tdata-title=\"20181010_104401\"\n\t\t\t\tdata-description=\"\"\n\t\t\t\tdata-image-slug=\"20181010_104401\"\n\t\t\t\tclass=\"ngg-fancybox\" rel=\"7fec670cd098b9f1f47f9d0f4d983b81\">\n\t\t\t\t<img\n\t\t\t\t\ttitle=\"20181010_104401\"\n\t\t\t\t\talt=\"20181010_104401\"\n\t\t\t\t\tsrc=\"https:\/\/dom-glina.hr\/wp-content\/gallery\/posjet-djecjeg-vrtica-bubamara-glina\/thumbs\/thumbs_20181010_104401.jpg\"\n\t\t\t\t\twidth=\"240\"\n\t\t\t\t\theight=\"160\"\n\t\t\t\t\tstyle=\"max-width:100%;\"\n\t\t\t\t\/>\n\t\t\t<\/a>\n\t\t<\/div>\n\t\t\t\t\t\t\t<\/div> \n\t\t\t\n\t\n\t<br style=\"clear: both\" \/>\n\n\t\n\t\t<!-- Pagination -->\n\t\t<div class='ngg-clear'><\/div>\t<\/div>\n\n","protected":false},"excerpt":{"rendered":"<p>Dje\u010dica iz dje\u010djeg vrti\u0107a Bubamara Glina, posjetila su na\u0161e korisnike Doma i razveselila nas svojom pjesmom. &nbsp; &#8221; order_by=&#8221;sortorder&#8221; order_direction=&#8221;ASC&#8221; returns=&#8221;included&#8221; maximum_entity_count=&#8221;500&#8243;]<\/p>\n","protected":false},"author":1,"featured_media":1587,"comment_status":"closed","ping_status":"closed","sticky":false,"template":"","format":"standard","meta":{"_monsterinsights_skip_tracking":false,"_monsterinsights_sitenote_active":false,"_monsterinsights_sitenote_note":"","_monsterinsights_sitenote_category":0,"ngg_post_thumbnail":0,"footnotes":""},"categories":[2],"tags":[],"aioseo_notices":[],"_links":{"self":[{"href":"https:\/\/dom-glina.hr\/index.php?rest_route=\/wp\/v2\/posts\/1574"}],"collection":[{"href":"https:\/\/dom-glina.hr\/index.php?rest_route=\/wp\/v2\/posts"}],"about":[{"href":"https:\/\/dom-glina.hr\/index.php?rest_route=\/wp\/v2\/types\/post"}],"author":[{"embeddable":true,"href":"https:\/\/dom-glina.hr\/index.php?rest_route=\/wp\/v2\/users\/1"}],"replies":[{"embeddable":true,"href":"https:\/\/dom-glina.hr\/index.php?rest_route=%2Fwp%2Fv2%2Fcomments&post=1574"}],"version-history":[{"count":1,"href":"https:\/\/dom-glina.hr\/index.php?rest_route=\/wp\/v2\/posts\/1574\/revisions"}],"predecessor-version":[{"id":1588,"href":"https:\/\/dom-glina.hr\/index.php?rest_route=\/wp\/v2\/posts\/1574\/revisions\/1588"}],"wp:featuredmedia":[{"embeddable":true,"href":"https:\/\/dom-glina.hr\/index.php?rest_route=\/wp\/v2\/media\/1587"}],"wp:attachment":[{"href":"https:\/\/dom-glina.hr\/index.php?rest_route=%2Fwp%2Fv2%2Fmedia&parent=1574"}],"wp:term":[{"taxonomy":"category","embeddable":true,"href":"https:\/\/dom-glina.hr\/index.php?rest_route=%2Fwp%2Fv2%2Fcategories&post=1574"},{"taxonomy":"post_tag","embeddable":true,"href":"https:\/\/dom-glina.hr\/index.php?rest_route=%2Fwp%2Fv2%2Ftags&post=1574"}],"curies":[{"name":"wp","href":"https:\/\/api.w.org\/{rel}","templated":true}]}}