{"id":1558,"date":"2018-11-15T13:00:26","date_gmt":"2018-11-15T12:00:26","guid":{"rendered":"http:\/\/dom-glina.hr\/?p=1558"},"modified":"2018-11-15T13:00:26","modified_gmt":"2018-11-15T12:00:26","slug":"druzenje-uz-knjigu","status":"publish","type":"post","link":"https:\/\/dom-glina.hr\/?p=1558","title":{"rendered":"Dru\u017eenje uz knjigu"},"content":{"rendered":"<p style=\"text-align: justify;\">Povodom Mjeseca hrvatske knjige Knji\u017enica i \u010ditaonica Glina organizirala je Ve\u010der s mladim umjetnicima i uru\u010dila nagrade i priznanja za najbolja literarna i likovna ostvarenja.<\/p>\n<p style=\"text-align: justify;\">Na\u0161 korisnik Adam Hot sudjelovao je svojim likovnim uratkom na natje\u010daju povodom 200-e obljetnice ro\u0111enja Petra Preradovi\u0107a, na temu njegove pjesme Zemaljski raj.<\/p>\n<p style=\"text-align: justify;\">Cjelove\u010dernji program obogatile su dramske skupine Knji\u017enice i \u010ditaonice Glina, O\u0160 Glina, zbor S\u0160 Glina i tambura\u0161i \u201eGlinske Tamburice\u201c.<\/p>\n<p style=\"text-align: justify;\">Ravnateljica i korisnici u\u017eivali su u prekrasnoj knji\u017eevnoj ve\u010deri i ugodnom dru\u017eenju.<\/p>\n<p>&nbsp;<\/p>\n<!-- default-view.php -->\n<div\n\tclass=\"ngg-galleryoverview default-view \n\t ngg-ajax-pagination-none\t\"\n\tid=\"ngg-gallery-5454d0771a228be49d29bbdcc3adf5fd-1\">\n\n\t\t<!-- Thumbnails -->\n\t\t\t\t<div id=\"ngg-image-0\" class=\"ngg-gallery-thumbnail-box \n\t\t\t\t\t\t\t\t\t\t\t\" \n\t\t\t>\n\t\t\t\t\t\t<div class=\"ngg-gallery-thumbnail\">\n\t\t\t<a href=\"https:\/\/dom-glina.hr\/wp-content\/gallery\/druzenje-uz-knjigu\/20181115_114158.jpg\"\n\t\t\t\ttitle=\"\"\n\t\t\t\tdata-src=\"https:\/\/dom-glina.hr\/wp-content\/gallery\/druzenje-uz-knjigu\/20181115_114158.jpg\"\n\t\t\t\tdata-thumbnail=\"https:\/\/dom-glina.hr\/wp-content\/gallery\/druzenje-uz-knjigu\/thumbs\/thumbs_20181115_114158.jpg\"\n\t\t\t\tdata-image-id=\"226\"\n\t\t\t\tdata-title=\"20181115_114158\"\n\t\t\t\tdata-description=\"\"\n\t\t\t\tdata-image-slug=\"20181115_114158\"\n\t\t\t\tclass=\"ngg-fancybox\" rel=\"5454d0771a228be49d29bbdcc3adf5fd\">\n\t\t\t\t<img\n\t\t\t\t\ttitle=\"20181115_114158\"\n\t\t\t\t\talt=\"20181115_114158\"\n\t\t\t\t\tsrc=\"https:\/\/dom-glina.hr\/wp-content\/gallery\/druzenje-uz-knjigu\/thumbs\/thumbs_20181115_114158.jpg\"\n\t\t\t\t\twidth=\"240\"\n\t\t\t\t\theight=\"160\"\n\t\t\t\t\tstyle=\"max-width:100%;\"\n\t\t\t\t\/>\n\t\t\t<\/a>\n\t\t<\/div>\n\t\t\t\t\t\t\t<\/div> \n\t\t\t\n\t\t\t\t<div id=\"ngg-image-1\" class=\"ngg-gallery-thumbnail-box \n\t\t\t\t\t\t\t\t\t\t\t\" \n\t\t\t>\n\t\t\t\t\t\t<div class=\"ngg-gallery-thumbnail\">\n\t\t\t<a href=\"https:\/\/dom-glina.hr\/wp-content\/gallery\/druzenje-uz-knjigu\/IMG-16d3384e9925ad45c70b2448c4587957-V.jpg\"\n\t\t\t\ttitle=\"\"\n\t\t\t\tdata-src=\"https:\/\/dom-glina.hr\/wp-content\/gallery\/druzenje-uz-knjigu\/IMG-16d3384e9925ad45c70b2448c4587957-V.jpg\"\n\t\t\t\tdata-thumbnail=\"https:\/\/dom-glina.hr\/wp-content\/gallery\/druzenje-uz-knjigu\/thumbs\/thumbs_IMG-16d3384e9925ad45c70b2448c4587957-V.jpg\"\n\t\t\t\tdata-image-id=\"227\"\n\t\t\t\tdata-title=\"IMG-16d3384e9925ad45c70b2448c4587957-V\"\n\t\t\t\tdata-description=\"\"\n\t\t\t\tdata-image-slug=\"img-16d3384e9925ad45c70b2448c4587957-v\"\n\t\t\t\tclass=\"ngg-fancybox\" rel=\"5454d0771a228be49d29bbdcc3adf5fd\">\n\t\t\t\t<img\n\t\t\t\t\ttitle=\"IMG-16d3384e9925ad45c70b2448c4587957-V\"\n\t\t\t\t\talt=\"IMG-16d3384e9925ad45c70b2448c4587957-V\"\n\t\t\t\t\tsrc=\"https:\/\/dom-glina.hr\/wp-content\/gallery\/druzenje-uz-knjigu\/thumbs\/thumbs_IMG-16d3384e9925ad45c70b2448c4587957-V.jpg\"\n\t\t\t\t\twidth=\"240\"\n\t\t\t\t\theight=\"160\"\n\t\t\t\t\tstyle=\"max-width:100%;\"\n\t\t\t\t\/>\n\t\t\t<\/a>\n\t\t<\/div>\n\t\t\t\t\t\t\t<\/div> \n\t\t\t\n\t\t\t\t<div id=\"ngg-image-2\" class=\"ngg-gallery-thumbnail-box \n\t\t\t\t\t\t\t\t\t\t\t\" \n\t\t\t>\n\t\t\t\t\t\t<div class=\"ngg-gallery-thumbnail\">\n\t\t\t<a href=\"https:\/\/dom-glina.hr\/wp-content\/gallery\/druzenje-uz-knjigu\/IMG-6988dbad66988664ee9e69867186baec-V.jpg\"\n\t\t\t\ttitle=\"\"\n\t\t\t\tdata-src=\"https:\/\/dom-glina.hr\/wp-content\/gallery\/druzenje-uz-knjigu\/IMG-6988dbad66988664ee9e69867186baec-V.jpg\"\n\t\t\t\tdata-thumbnail=\"https:\/\/dom-glina.hr\/wp-content\/gallery\/druzenje-uz-knjigu\/thumbs\/thumbs_IMG-6988dbad66988664ee9e69867186baec-V.jpg\"\n\t\t\t\tdata-image-id=\"228\"\n\t\t\t\tdata-title=\"IMG-6988dbad66988664ee9e69867186baec-V\"\n\t\t\t\tdata-description=\"\"\n\t\t\t\tdata-image-slug=\"img-6988dbad66988664ee9e69867186baec-v\"\n\t\t\t\tclass=\"ngg-fancybox\" rel=\"5454d0771a228be49d29bbdcc3adf5fd\">\n\t\t\t\t<img\n\t\t\t\t\ttitle=\"IMG-6988dbad66988664ee9e69867186baec-V\"\n\t\t\t\t\talt=\"IMG-6988dbad66988664ee9e69867186baec-V\"\n\t\t\t\t\tsrc=\"https:\/\/dom-glina.hr\/wp-content\/gallery\/druzenje-uz-knjigu\/thumbs\/thumbs_IMG-6988dbad66988664ee9e69867186baec-V.jpg\"\n\t\t\t\t\twidth=\"240\"\n\t\t\t\t\theight=\"160\"\n\t\t\t\t\tstyle=\"max-width:100%;\"\n\t\t\t\t\/>\n\t\t\t<\/a>\n\t\t<\/div>\n\t\t\t\t\t\t\t<\/div> \n\t\t\t\n\t\t\t\t<div id=\"ngg-image-3\" class=\"ngg-gallery-thumbnail-box \n\t\t\t\t\t\t\t\t\t\t\t\" \n\t\t\t>\n\t\t\t\t\t\t<div class=\"ngg-gallery-thumbnail\">\n\t\t\t<a href=\"https:\/\/dom-glina.hr\/wp-content\/gallery\/druzenje-uz-knjigu\/IMG-ad9e0e7ddbee54a230c3aa7bee6767e2-V.jpg\"\n\t\t\t\ttitle=\"\"\n\t\t\t\tdata-src=\"https:\/\/dom-glina.hr\/wp-content\/gallery\/druzenje-uz-knjigu\/IMG-ad9e0e7ddbee54a230c3aa7bee6767e2-V.jpg\"\n\t\t\t\tdata-thumbnail=\"https:\/\/dom-glina.hr\/wp-content\/gallery\/druzenje-uz-knjigu\/thumbs\/thumbs_IMG-ad9e0e7ddbee54a230c3aa7bee6767e2-V.jpg\"\n\t\t\t\tdata-image-id=\"229\"\n\t\t\t\tdata-title=\"IMG-ad9e0e7ddbee54a230c3aa7bee6767e2-V\"\n\t\t\t\tdata-description=\"\"\n\t\t\t\tdata-image-slug=\"img-ad9e0e7ddbee54a230c3aa7bee6767e2-v\"\n\t\t\t\tclass=\"ngg-fancybox\" rel=\"5454d0771a228be49d29bbdcc3adf5fd\">\n\t\t\t\t<img\n\t\t\t\t\ttitle=\"IMG-ad9e0e7ddbee54a230c3aa7bee6767e2-V\"\n\t\t\t\t\talt=\"IMG-ad9e0e7ddbee54a230c3aa7bee6767e2-V\"\n\t\t\t\t\tsrc=\"https:\/\/dom-glina.hr\/wp-content\/gallery\/druzenje-uz-knjigu\/thumbs\/thumbs_IMG-ad9e0e7ddbee54a230c3aa7bee6767e2-V.jpg\"\n\t\t\t\t\twidth=\"240\"\n\t\t\t\t\theight=\"160\"\n\t\t\t\t\tstyle=\"max-width:100%;\"\n\t\t\t\t\/>\n\t\t\t<\/a>\n\t\t<\/div>\n\t\t\t\t\t\t\t<\/div> \n\t\t\t\n\t\t\t\t<div id=\"ngg-image-4\" class=\"ngg-gallery-thumbnail-box \n\t\t\t\t\t\t\t\t\t\t\t\" \n\t\t\t>\n\t\t\t\t\t\t<div class=\"ngg-gallery-thumbnail\">\n\t\t\t<a href=\"https:\/\/dom-glina.hr\/wp-content\/gallery\/druzenje-uz-knjigu\/IMG-e319808b4d620fdf91b1e55c037a87fc-V.jpg\"\n\t\t\t\ttitle=\"\"\n\t\t\t\tdata-src=\"https:\/\/dom-glina.hr\/wp-content\/gallery\/druzenje-uz-knjigu\/IMG-e319808b4d620fdf91b1e55c037a87fc-V.jpg\"\n\t\t\t\tdata-thumbnail=\"https:\/\/dom-glina.hr\/wp-content\/gallery\/druzenje-uz-knjigu\/thumbs\/thumbs_IMG-e319808b4d620fdf91b1e55c037a87fc-V.jpg\"\n\t\t\t\tdata-image-id=\"230\"\n\t\t\t\tdata-title=\"IMG-e319808b4d620fdf91b1e55c037a87fc-V\"\n\t\t\t\tdata-description=\"\"\n\t\t\t\tdata-image-slug=\"img-e319808b4d620fdf91b1e55c037a87fc-v\"\n\t\t\t\tclass=\"ngg-fancybox\" rel=\"5454d0771a228be49d29bbdcc3adf5fd\">\n\t\t\t\t<img\n\t\t\t\t\ttitle=\"IMG-e319808b4d620fdf91b1e55c037a87fc-V\"\n\t\t\t\t\talt=\"IMG-e319808b4d620fdf91b1e55c037a87fc-V\"\n\t\t\t\t\tsrc=\"https:\/\/dom-glina.hr\/wp-content\/gallery\/druzenje-uz-knjigu\/thumbs\/thumbs_IMG-e319808b4d620fdf91b1e55c037a87fc-V.jpg\"\n\t\t\t\t\twidth=\"240\"\n\t\t\t\t\theight=\"160\"\n\t\t\t\t\tstyle=\"max-width:100%;\"\n\t\t\t\t\/>\n\t\t\t<\/a>\n\t\t<\/div>\n\t\t\t\t\t\t\t<\/div> \n\t\t\t\n\t\n\t<br style=\"clear: both\" \/>\n\n\t\n\t\t<!-- Pagination -->\n\t\t<div class='ngg-clear'><\/div>\t<\/div>\n\n","protected":false},"excerpt":{"rendered":"<p>Povodom Mjeseca hrvatske knjige Knji\u017enica i \u010ditaonica Glina organizirala je Ve\u010der s mladim umjetnicima i uru\u010dila nagrade i priznanja za najbolja literarna i likovna ostvarenja. Na\u0161 korisnik Adam Hot sudjelovao je svojim likovnim uratkom na natje\u010daju povodom 200-e obljetnice ro\u0111enja Petra Preradovi\u0107a, na temu njegove pjesme Zemaljski raj. Cjelove\u010dernji program obogatile su dramske skupine Knji\u017enice&hellip;<\/p>\n","protected":false},"author":1,"featured_media":1571,"comment_status":"closed","ping_status":"closed","sticky":false,"template":"","format":"standard","meta":{"_monsterinsights_skip_tracking":false,"_monsterinsights_sitenote_active":false,"_monsterinsights_sitenote_note":"","_monsterinsights_sitenote_category":0,"ngg_post_thumbnail":0,"footnotes":""},"categories":[2],"tags":[],"aioseo_notices":[],"_links":{"self":[{"href":"https:\/\/dom-glina.hr\/index.php?rest_route=\/wp\/v2\/posts\/1558"}],"collection":[{"href":"https:\/\/dom-glina.hr\/index.php?rest_route=\/wp\/v2\/posts"}],"about":[{"href":"https:\/\/dom-glina.hr\/index.php?rest_route=\/wp\/v2\/types\/post"}],"author":[{"embeddable":true,"href":"https:\/\/dom-glina.hr\/index.php?rest_route=\/wp\/v2\/users\/1"}],"replies":[{"embeddable":true,"href":"https:\/\/dom-glina.hr\/index.php?rest_route=%2Fwp%2Fv2%2Fcomments&post=1558"}],"version-history":[{"count":1,"href":"https:\/\/dom-glina.hr\/index.php?rest_route=\/wp\/v2\/posts\/1558\/revisions"}],"predecessor-version":[{"id":1572,"href":"https:\/\/dom-glina.hr\/index.php?rest_route=\/wp\/v2\/posts\/1558\/revisions\/1572"}],"wp:featuredmedia":[{"embeddable":true,"href":"https:\/\/dom-glina.hr\/index.php?rest_route=\/wp\/v2\/media\/1571"}],"wp:attachment":[{"href":"https:\/\/dom-glina.hr\/index.php?rest_route=%2Fwp%2Fv2%2Fmedia&parent=1558"}],"wp:term":[{"taxonomy":"category","embeddable":true,"href":"https:\/\/dom-glina.hr\/index.php?rest_route=%2Fwp%2Fv2%2Fcategories&post=1558"},{"taxonomy":"post_tag","embeddable":true,"href":"https:\/\/dom-glina.hr\/index.php?rest_route=%2Fwp%2Fv2%2Ftags&post=1558"}],"curies":[{"name":"wp","href":"https:\/\/api.w.org\/{rel}","templated":true}]}}