{"id":1545,"date":"2018-11-14T08:16:09","date_gmt":"2018-11-14T07:16:09","guid":{"rendered":"http:\/\/dom-glina.hr\/?p=1545"},"modified":"2018-11-14T08:17:48","modified_gmt":"2018-11-14T07:17:48","slug":"druzenje-i-molitva-nasih-korisnika","status":"publish","type":"post","link":"https:\/\/dom-glina.hr\/?p=1545","title":{"rendered":"Dru\u017eenje i molitva na\u0161ih korisnika"},"content":{"rendered":"<p>Jednom mjese\u010dno u Domu se odr\u017eava sveta misa za na\u0161e korisnike koju predvodi vele\u010dasni Ivica Ma\u0111er. Kako se du\u0161a hrani u molitvi i zajedni\u0161tvu svake subote dolaze \u010dlanovi Marijine legije na molitvu i dru\u017eenje sa pokretnim i nepokretnim korisnicima Doma.<\/p>\n<p>&nbsp;<\/p>\n<!-- default-view.php -->\n<div\n\tclass=\"ngg-galleryoverview default-view \n\t ngg-ajax-pagination-none\t\"\n\tid=\"ngg-gallery-04a664a38d0c275238edb81a97594dfb-1\">\n\n\t\t<!-- Thumbnails -->\n\t\t\t\t<div id=\"ngg-image-0\" class=\"ngg-gallery-thumbnail-box \n\t\t\t\t\t\t\t\t\t\t\t\" \n\t\t\t>\n\t\t\t\t\t\t<div class=\"ngg-gallery-thumbnail\">\n\t\t\t<a href=\"https:\/\/dom-glina.hr\/wp-content\/gallery\/druzenje-i-molitva-nasih-korisnika\/20181113_115122.jpg\"\n\t\t\t\ttitle=\"\"\n\t\t\t\tdata-src=\"https:\/\/dom-glina.hr\/wp-content\/gallery\/druzenje-i-molitva-nasih-korisnika\/20181113_115122.jpg\"\n\t\t\t\tdata-thumbnail=\"https:\/\/dom-glina.hr\/wp-content\/gallery\/druzenje-i-molitva-nasih-korisnika\/thumbs\/thumbs_20181113_115122.jpg\"\n\t\t\t\tdata-image-id=\"222\"\n\t\t\t\tdata-title=\"20181113_115122\"\n\t\t\t\tdata-description=\"\"\n\t\t\t\tdata-image-slug=\"20181113_115122\"\n\t\t\t\tclass=\"ngg-fancybox\" rel=\"04a664a38d0c275238edb81a97594dfb\">\n\t\t\t\t<img\n\t\t\t\t\ttitle=\"20181113_115122\"\n\t\t\t\t\talt=\"20181113_115122\"\n\t\t\t\t\tsrc=\"https:\/\/dom-glina.hr\/wp-content\/gallery\/druzenje-i-molitva-nasih-korisnika\/thumbs\/thumbs_20181113_115122.jpg\"\n\t\t\t\t\twidth=\"240\"\n\t\t\t\t\theight=\"160\"\n\t\t\t\t\tstyle=\"max-width:100%;\"\n\t\t\t\t\/>\n\t\t\t<\/a>\n\t\t<\/div>\n\t\t\t\t\t\t\t<\/div> \n\t\t\t\n\t\t\t\t<div id=\"ngg-image-1\" class=\"ngg-gallery-thumbnail-box \n\t\t\t\t\t\t\t\t\t\t\t\" \n\t\t\t>\n\t\t\t\t\t\t<div class=\"ngg-gallery-thumbnail\">\n\t\t\t<a href=\"https:\/\/dom-glina.hr\/wp-content\/gallery\/druzenje-i-molitva-nasih-korisnika\/20181113_115133.jpg\"\n\t\t\t\ttitle=\"\"\n\t\t\t\tdata-src=\"https:\/\/dom-glina.hr\/wp-content\/gallery\/druzenje-i-molitva-nasih-korisnika\/20181113_115133.jpg\"\n\t\t\t\tdata-thumbnail=\"https:\/\/dom-glina.hr\/wp-content\/gallery\/druzenje-i-molitva-nasih-korisnika\/thumbs\/thumbs_20181113_115133.jpg\"\n\t\t\t\tdata-image-id=\"223\"\n\t\t\t\tdata-title=\"20181113_115133\"\n\t\t\t\tdata-description=\"\"\n\t\t\t\tdata-image-slug=\"20181113_115133\"\n\t\t\t\tclass=\"ngg-fancybox\" rel=\"04a664a38d0c275238edb81a97594dfb\">\n\t\t\t\t<img\n\t\t\t\t\ttitle=\"20181113_115133\"\n\t\t\t\t\talt=\"20181113_115133\"\n\t\t\t\t\tsrc=\"https:\/\/dom-glina.hr\/wp-content\/gallery\/druzenje-i-molitva-nasih-korisnika\/thumbs\/thumbs_20181113_115133.jpg\"\n\t\t\t\t\twidth=\"240\"\n\t\t\t\t\theight=\"160\"\n\t\t\t\t\tstyle=\"max-width:100%;\"\n\t\t\t\t\/>\n\t\t\t<\/a>\n\t\t<\/div>\n\t\t\t\t\t\t\t<\/div> \n\t\t\t\n\t\t\t\t<div id=\"ngg-image-2\" class=\"ngg-gallery-thumbnail-box \n\t\t\t\t\t\t\t\t\t\t\t\" \n\t\t\t>\n\t\t\t\t\t\t<div class=\"ngg-gallery-thumbnail\">\n\t\t\t<a href=\"https:\/\/dom-glina.hr\/wp-content\/gallery\/druzenje-i-molitva-nasih-korisnika\/IMG-4dc6c89c53d5775506a9e2bcfd573f86-V.jpg\"\n\t\t\t\ttitle=\"\"\n\t\t\t\tdata-src=\"https:\/\/dom-glina.hr\/wp-content\/gallery\/druzenje-i-molitva-nasih-korisnika\/IMG-4dc6c89c53d5775506a9e2bcfd573f86-V.jpg\"\n\t\t\t\tdata-thumbnail=\"https:\/\/dom-glina.hr\/wp-content\/gallery\/druzenje-i-molitva-nasih-korisnika\/thumbs\/thumbs_IMG-4dc6c89c53d5775506a9e2bcfd573f86-V.jpg\"\n\t\t\t\tdata-image-id=\"224\"\n\t\t\t\tdata-title=\"IMG-4dc6c89c53d5775506a9e2bcfd573f86-V\"\n\t\t\t\tdata-description=\"\"\n\t\t\t\tdata-image-slug=\"img-4dc6c89c53d5775506a9e2bcfd573f86-v\"\n\t\t\t\tclass=\"ngg-fancybox\" rel=\"04a664a38d0c275238edb81a97594dfb\">\n\t\t\t\t<img\n\t\t\t\t\ttitle=\"IMG-4dc6c89c53d5775506a9e2bcfd573f86-V\"\n\t\t\t\t\talt=\"IMG-4dc6c89c53d5775506a9e2bcfd573f86-V\"\n\t\t\t\t\tsrc=\"https:\/\/dom-glina.hr\/wp-content\/gallery\/druzenje-i-molitva-nasih-korisnika\/thumbs\/thumbs_IMG-4dc6c89c53d5775506a9e2bcfd573f86-V.jpg\"\n\t\t\t\t\twidth=\"240\"\n\t\t\t\t\theight=\"160\"\n\t\t\t\t\tstyle=\"max-width:100%;\"\n\t\t\t\t\/>\n\t\t\t<\/a>\n\t\t<\/div>\n\t\t\t\t\t\t\t<\/div> \n\t\t\t\n\t\t\t\t<div id=\"ngg-image-3\" class=\"ngg-gallery-thumbnail-box \n\t\t\t\t\t\t\t\t\t\t\t\" \n\t\t\t>\n\t\t\t\t\t\t<div class=\"ngg-gallery-thumbnail\">\n\t\t\t<a href=\"https:\/\/dom-glina.hr\/wp-content\/gallery\/druzenje-i-molitva-nasih-korisnika\/IMG-a74624c928dc7a6543dc7771c603412f-V.jpg\"\n\t\t\t\ttitle=\"\"\n\t\t\t\tdata-src=\"https:\/\/dom-glina.hr\/wp-content\/gallery\/druzenje-i-molitva-nasih-korisnika\/IMG-a74624c928dc7a6543dc7771c603412f-V.jpg\"\n\t\t\t\tdata-thumbnail=\"https:\/\/dom-glina.hr\/wp-content\/gallery\/druzenje-i-molitva-nasih-korisnika\/thumbs\/thumbs_IMG-a74624c928dc7a6543dc7771c603412f-V.jpg\"\n\t\t\t\tdata-image-id=\"225\"\n\t\t\t\tdata-title=\"IMG-a74624c928dc7a6543dc7771c603412f-V\"\n\t\t\t\tdata-description=\"\"\n\t\t\t\tdata-image-slug=\"img-a74624c928dc7a6543dc7771c603412f-v\"\n\t\t\t\tclass=\"ngg-fancybox\" rel=\"04a664a38d0c275238edb81a97594dfb\">\n\t\t\t\t<img\n\t\t\t\t\ttitle=\"IMG-a74624c928dc7a6543dc7771c603412f-V\"\n\t\t\t\t\talt=\"IMG-a74624c928dc7a6543dc7771c603412f-V\"\n\t\t\t\t\tsrc=\"https:\/\/dom-glina.hr\/wp-content\/gallery\/druzenje-i-molitva-nasih-korisnika\/thumbs\/thumbs_IMG-a74624c928dc7a6543dc7771c603412f-V.jpg\"\n\t\t\t\t\twidth=\"240\"\n\t\t\t\t\theight=\"160\"\n\t\t\t\t\tstyle=\"max-width:100%;\"\n\t\t\t\t\/>\n\t\t\t<\/a>\n\t\t<\/div>\n\t\t\t\t\t\t\t<\/div> \n\t\t\t\n\t\n\t<br style=\"clear: both\" \/>\n\n\t\n\t\t<!-- Pagination -->\n\t\t<div class='ngg-clear'><\/div>\t<\/div>\n\n","protected":false},"excerpt":{"rendered":"<p>Jednom mjese\u010dno u Domu se odr\u017eava sveta misa za na\u0161e korisnike koju predvodi vele\u010dasni Ivica Ma\u0111er. Kako se du\u0161a hrani u molitvi i zajedni\u0161tvu svake subote dolaze \u010dlanovi Marijine legije na molitvu i dru\u017eenje sa pokretnim i nepokretnim korisnicima Doma. &nbsp; &#8221; order_by=&#8221;sortorder&#8221; order_direction=&#8221;ASC&#8221; returns=&#8221;included&#8221; maximum_entity_count=&#8221;500&#8243;]<\/p>\n","protected":false},"author":1,"featured_media":1557,"comment_status":"closed","ping_status":"closed","sticky":false,"template":"","format":"standard","meta":{"_monsterinsights_skip_tracking":false,"_monsterinsights_sitenote_active":false,"_monsterinsights_sitenote_note":"","_monsterinsights_sitenote_category":0,"ngg_post_thumbnail":0,"footnotes":""},"categories":[2],"tags":[],"aioseo_notices":[],"_links":{"self":[{"href":"https:\/\/dom-glina.hr\/index.php?rest_route=\/wp\/v2\/posts\/1545"}],"collection":[{"href":"https:\/\/dom-glina.hr\/index.php?rest_route=\/wp\/v2\/posts"}],"about":[{"href":"https:\/\/dom-glina.hr\/index.php?rest_route=\/wp\/v2\/types\/post"}],"author":[{"embeddable":true,"href":"https:\/\/dom-glina.hr\/index.php?rest_route=\/wp\/v2\/users\/1"}],"replies":[{"embeddable":true,"href":"https:\/\/dom-glina.hr\/index.php?rest_route=%2Fwp%2Fv2%2Fcomments&post=1545"}],"version-history":[{"count":1,"href":"https:\/\/dom-glina.hr\/index.php?rest_route=\/wp\/v2\/posts\/1545\/revisions"}],"predecessor-version":[{"id":1556,"href":"https:\/\/dom-glina.hr\/index.php?rest_route=\/wp\/v2\/posts\/1545\/revisions\/1556"}],"wp:featuredmedia":[{"embeddable":true,"href":"https:\/\/dom-glina.hr\/index.php?rest_route=\/wp\/v2\/media\/1557"}],"wp:attachment":[{"href":"https:\/\/dom-glina.hr\/index.php?rest_route=%2Fwp%2Fv2%2Fmedia&parent=1545"}],"wp:term":[{"taxonomy":"category","embeddable":true,"href":"https:\/\/dom-glina.hr\/index.php?rest_route=%2Fwp%2Fv2%2Fcategories&post=1545"},{"taxonomy":"post_tag","embeddable":true,"href":"https:\/\/dom-glina.hr\/index.php?rest_route=%2Fwp%2Fv2%2Ftags&post=1545"}],"curies":[{"name":"wp","href":"https:\/\/api.w.org\/{rel}","templated":true}]}}