{"id":1506,"date":"2018-11-13T15:43:39","date_gmt":"2018-11-13T14:43:39","guid":{"rendered":"http:\/\/dom-glina.hr\/?p=1506"},"modified":"2018-11-14T05:29:07","modified_gmt":"2018-11-14T04:29:07","slug":"radovi-na-izgradnji-sjenice","status":"publish","type":"post","link":"https:\/\/dom-glina.hr\/?p=1506","title":{"rendered":"Radovi na izgradnji sjenice"},"content":{"rendered":"<p style=\"text-align: justify;\">Zahvaljuju\u0107i dobrim ljudima velikog srca krenuli smo u izgradnju vrtne sjenice za na\u0161e korisnike. Kako bi se na\u0161i korisnici mogli dru\u017eiti na svje\u017eem zraku bez obzira na vremenske prilike. Radovi na izgradnji sjenice su u punom jeku i veselimo se \u0161to skorijem zavr\u0161etku radova.<\/p>\n<p>&nbsp;<\/p>\n<!-- default-view.php -->\n<div\n\tclass=\"ngg-galleryoverview default-view \n\t ngg-ajax-pagination-none\t\"\n\tid=\"ngg-gallery-b8e1a32fafdfc0020bcb1dce7acc3eb8-1\">\n\n\t\t<!-- Thumbnails -->\n\t\t\t\t<div id=\"ngg-image-0\" class=\"ngg-gallery-thumbnail-box \n\t\t\t\t\t\t\t\t\t\t\t\" \n\t\t\t>\n\t\t\t\t\t\t<div class=\"ngg-gallery-thumbnail\">\n\t\t\t<a href=\"https:\/\/dom-glina.hr\/wp-content\/gallery\/radovi-na-izgradnji-sjenice\/20181113_111414.jpg\"\n\t\t\t\ttitle=\"\"\n\t\t\t\tdata-src=\"https:\/\/dom-glina.hr\/wp-content\/gallery\/radovi-na-izgradnji-sjenice\/20181113_111414.jpg\"\n\t\t\t\tdata-thumbnail=\"https:\/\/dom-glina.hr\/wp-content\/gallery\/radovi-na-izgradnji-sjenice\/thumbs\/thumbs_20181113_111414.jpg\"\n\t\t\t\tdata-image-id=\"203\"\n\t\t\t\tdata-title=\"20181113_111414\"\n\t\t\t\tdata-description=\"\"\n\t\t\t\tdata-image-slug=\"20181113_111414\"\n\t\t\t\tclass=\"ngg-fancybox\" rel=\"b8e1a32fafdfc0020bcb1dce7acc3eb8\">\n\t\t\t\t<img\n\t\t\t\t\ttitle=\"20181113_111414\"\n\t\t\t\t\talt=\"20181113_111414\"\n\t\t\t\t\tsrc=\"https:\/\/dom-glina.hr\/wp-content\/gallery\/radovi-na-izgradnji-sjenice\/thumbs\/thumbs_20181113_111414.jpg\"\n\t\t\t\t\twidth=\"240\"\n\t\t\t\t\theight=\"160\"\n\t\t\t\t\tstyle=\"max-width:100%;\"\n\t\t\t\t\/>\n\t\t\t<\/a>\n\t\t<\/div>\n\t\t\t\t\t\t\t<\/div> \n\t\t\t\n\t\t\t\t<div id=\"ngg-image-1\" class=\"ngg-gallery-thumbnail-box \n\t\t\t\t\t\t\t\t\t\t\t\" \n\t\t\t>\n\t\t\t\t\t\t<div class=\"ngg-gallery-thumbnail\">\n\t\t\t<a href=\"https:\/\/dom-glina.hr\/wp-content\/gallery\/radovi-na-izgradnji-sjenice\/20181113_111426.jpg\"\n\t\t\t\ttitle=\"\"\n\t\t\t\tdata-src=\"https:\/\/dom-glina.hr\/wp-content\/gallery\/radovi-na-izgradnji-sjenice\/20181113_111426.jpg\"\n\t\t\t\tdata-thumbnail=\"https:\/\/dom-glina.hr\/wp-content\/gallery\/radovi-na-izgradnji-sjenice\/thumbs\/thumbs_20181113_111426.jpg\"\n\t\t\t\tdata-image-id=\"204\"\n\t\t\t\tdata-title=\"20181113_111426\"\n\t\t\t\tdata-description=\"\"\n\t\t\t\tdata-image-slug=\"20181113_111426\"\n\t\t\t\tclass=\"ngg-fancybox\" rel=\"b8e1a32fafdfc0020bcb1dce7acc3eb8\">\n\t\t\t\t<img\n\t\t\t\t\ttitle=\"20181113_111426\"\n\t\t\t\t\talt=\"20181113_111426\"\n\t\t\t\t\tsrc=\"https:\/\/dom-glina.hr\/wp-content\/gallery\/radovi-na-izgradnji-sjenice\/thumbs\/thumbs_20181113_111426.jpg\"\n\t\t\t\t\twidth=\"240\"\n\t\t\t\t\theight=\"160\"\n\t\t\t\t\tstyle=\"max-width:100%;\"\n\t\t\t\t\/>\n\t\t\t<\/a>\n\t\t<\/div>\n\t\t\t\t\t\t\t<\/div> \n\t\t\t\n\t\t\t\t<div id=\"ngg-image-2\" class=\"ngg-gallery-thumbnail-box \n\t\t\t\t\t\t\t\t\t\t\t\" \n\t\t\t>\n\t\t\t\t\t\t<div class=\"ngg-gallery-thumbnail\">\n\t\t\t<a href=\"https:\/\/dom-glina.hr\/wp-content\/gallery\/radovi-na-izgradnji-sjenice\/20181113_120840.jpg\"\n\t\t\t\ttitle=\"\"\n\t\t\t\tdata-src=\"https:\/\/dom-glina.hr\/wp-content\/gallery\/radovi-na-izgradnji-sjenice\/20181113_120840.jpg\"\n\t\t\t\tdata-thumbnail=\"https:\/\/dom-glina.hr\/wp-content\/gallery\/radovi-na-izgradnji-sjenice\/thumbs\/thumbs_20181113_120840.jpg\"\n\t\t\t\tdata-image-id=\"205\"\n\t\t\t\tdata-title=\"20181113_120840\"\n\t\t\t\tdata-description=\"\"\n\t\t\t\tdata-image-slug=\"20181113_120840\"\n\t\t\t\tclass=\"ngg-fancybox\" rel=\"b8e1a32fafdfc0020bcb1dce7acc3eb8\">\n\t\t\t\t<img\n\t\t\t\t\ttitle=\"20181113_120840\"\n\t\t\t\t\talt=\"20181113_120840\"\n\t\t\t\t\tsrc=\"https:\/\/dom-glina.hr\/wp-content\/gallery\/radovi-na-izgradnji-sjenice\/thumbs\/thumbs_20181113_120840.jpg\"\n\t\t\t\t\twidth=\"240\"\n\t\t\t\t\theight=\"160\"\n\t\t\t\t\tstyle=\"max-width:100%;\"\n\t\t\t\t\/>\n\t\t\t<\/a>\n\t\t<\/div>\n\t\t\t\t\t\t\t<\/div> \n\t\t\t\n\t\t\t\t<div id=\"ngg-image-3\" class=\"ngg-gallery-thumbnail-box \n\t\t\t\t\t\t\t\t\t\t\t\" \n\t\t\t>\n\t\t\t\t\t\t<div class=\"ngg-gallery-thumbnail\">\n\t\t\t<a href=\"https:\/\/dom-glina.hr\/wp-content\/gallery\/radovi-na-izgradnji-sjenice\/20181113_120857.jpg\"\n\t\t\t\ttitle=\"\"\n\t\t\t\tdata-src=\"https:\/\/dom-glina.hr\/wp-content\/gallery\/radovi-na-izgradnji-sjenice\/20181113_120857.jpg\"\n\t\t\t\tdata-thumbnail=\"https:\/\/dom-glina.hr\/wp-content\/gallery\/radovi-na-izgradnji-sjenice\/thumbs\/thumbs_20181113_120857.jpg\"\n\t\t\t\tdata-image-id=\"206\"\n\t\t\t\tdata-title=\"20181113_120857\"\n\t\t\t\tdata-description=\"\"\n\t\t\t\tdata-image-slug=\"20181113_120857\"\n\t\t\t\tclass=\"ngg-fancybox\" rel=\"b8e1a32fafdfc0020bcb1dce7acc3eb8\">\n\t\t\t\t<img\n\t\t\t\t\ttitle=\"20181113_120857\"\n\t\t\t\t\talt=\"20181113_120857\"\n\t\t\t\t\tsrc=\"https:\/\/dom-glina.hr\/wp-content\/gallery\/radovi-na-izgradnji-sjenice\/thumbs\/thumbs_20181113_120857.jpg\"\n\t\t\t\t\twidth=\"240\"\n\t\t\t\t\theight=\"160\"\n\t\t\t\t\tstyle=\"max-width:100%;\"\n\t\t\t\t\/>\n\t\t\t<\/a>\n\t\t<\/div>\n\t\t\t\t\t\t\t<\/div> \n\t\t\t\n\t\t\t\t<div id=\"ngg-image-4\" class=\"ngg-gallery-thumbnail-box \n\t\t\t\t\t\t\t\t\t\t\t\" \n\t\t\t>\n\t\t\t\t\t\t<div class=\"ngg-gallery-thumbnail\">\n\t\t\t<a href=\"https:\/\/dom-glina.hr\/wp-content\/gallery\/radovi-na-izgradnji-sjenice\/20181113_125117.jpg\"\n\t\t\t\ttitle=\"\"\n\t\t\t\tdata-src=\"https:\/\/dom-glina.hr\/wp-content\/gallery\/radovi-na-izgradnji-sjenice\/20181113_125117.jpg\"\n\t\t\t\tdata-thumbnail=\"https:\/\/dom-glina.hr\/wp-content\/gallery\/radovi-na-izgradnji-sjenice\/thumbs\/thumbs_20181113_125117.jpg\"\n\t\t\t\tdata-image-id=\"207\"\n\t\t\t\tdata-title=\"20181113_125117\"\n\t\t\t\tdata-description=\"\"\n\t\t\t\tdata-image-slug=\"20181113_125117\"\n\t\t\t\tclass=\"ngg-fancybox\" rel=\"b8e1a32fafdfc0020bcb1dce7acc3eb8\">\n\t\t\t\t<img\n\t\t\t\t\ttitle=\"20181113_125117\"\n\t\t\t\t\talt=\"20181113_125117\"\n\t\t\t\t\tsrc=\"https:\/\/dom-glina.hr\/wp-content\/gallery\/radovi-na-izgradnji-sjenice\/thumbs\/thumbs_20181113_125117.jpg\"\n\t\t\t\t\twidth=\"240\"\n\t\t\t\t\theight=\"160\"\n\t\t\t\t\tstyle=\"max-width:100%;\"\n\t\t\t\t\/>\n\t\t\t<\/a>\n\t\t<\/div>\n\t\t\t\t\t\t\t<\/div> \n\t\t\t\n\t\t\t\t<div id=\"ngg-image-5\" class=\"ngg-gallery-thumbnail-box \n\t\t\t\t\t\t\t\t\t\t\t\" \n\t\t\t>\n\t\t\t\t\t\t<div class=\"ngg-gallery-thumbnail\">\n\t\t\t<a href=\"https:\/\/dom-glina.hr\/wp-content\/gallery\/radovi-na-izgradnji-sjenice\/20181113_125129.jpg\"\n\t\t\t\ttitle=\"\"\n\t\t\t\tdata-src=\"https:\/\/dom-glina.hr\/wp-content\/gallery\/radovi-na-izgradnji-sjenice\/20181113_125129.jpg\"\n\t\t\t\tdata-thumbnail=\"https:\/\/dom-glina.hr\/wp-content\/gallery\/radovi-na-izgradnji-sjenice\/thumbs\/thumbs_20181113_125129.jpg\"\n\t\t\t\tdata-image-id=\"208\"\n\t\t\t\tdata-title=\"20181113_125129\"\n\t\t\t\tdata-description=\"\"\n\t\t\t\tdata-image-slug=\"20181113_125129\"\n\t\t\t\tclass=\"ngg-fancybox\" rel=\"b8e1a32fafdfc0020bcb1dce7acc3eb8\">\n\t\t\t\t<img\n\t\t\t\t\ttitle=\"20181113_125129\"\n\t\t\t\t\talt=\"20181113_125129\"\n\t\t\t\t\tsrc=\"https:\/\/dom-glina.hr\/wp-content\/gallery\/radovi-na-izgradnji-sjenice\/thumbs\/thumbs_20181113_125129.jpg\"\n\t\t\t\t\twidth=\"240\"\n\t\t\t\t\theight=\"160\"\n\t\t\t\t\tstyle=\"max-width:100%;\"\n\t\t\t\t\/>\n\t\t\t<\/a>\n\t\t<\/div>\n\t\t\t\t\t\t\t<\/div> \n\t\t\t\n\t\t\t\t<div id=\"ngg-image-6\" class=\"ngg-gallery-thumbnail-box \n\t\t\t\t\t\t\t\t\t\t\t\" \n\t\t\t>\n\t\t\t\t\t\t<div class=\"ngg-gallery-thumbnail\">\n\t\t\t<a href=\"https:\/\/dom-glina.hr\/wp-content\/gallery\/radovi-na-izgradnji-sjenice\/20181113_125136.jpg\"\n\t\t\t\ttitle=\"\"\n\t\t\t\tdata-src=\"https:\/\/dom-glina.hr\/wp-content\/gallery\/radovi-na-izgradnji-sjenice\/20181113_125136.jpg\"\n\t\t\t\tdata-thumbnail=\"https:\/\/dom-glina.hr\/wp-content\/gallery\/radovi-na-izgradnji-sjenice\/thumbs\/thumbs_20181113_125136.jpg\"\n\t\t\t\tdata-image-id=\"209\"\n\t\t\t\tdata-title=\"20181113_125136\"\n\t\t\t\tdata-description=\"\"\n\t\t\t\tdata-image-slug=\"20181113_125136\"\n\t\t\t\tclass=\"ngg-fancybox\" rel=\"b8e1a32fafdfc0020bcb1dce7acc3eb8\">\n\t\t\t\t<img\n\t\t\t\t\ttitle=\"20181113_125136\"\n\t\t\t\t\talt=\"20181113_125136\"\n\t\t\t\t\tsrc=\"https:\/\/dom-glina.hr\/wp-content\/gallery\/radovi-na-izgradnji-sjenice\/thumbs\/thumbs_20181113_125136.jpg\"\n\t\t\t\t\twidth=\"240\"\n\t\t\t\t\theight=\"160\"\n\t\t\t\t\tstyle=\"max-width:100%;\"\n\t\t\t\t\/>\n\t\t\t<\/a>\n\t\t<\/div>\n\t\t\t\t\t\t\t<\/div> \n\t\t\t\n\t\t\t\t<div id=\"ngg-image-7\" class=\"ngg-gallery-thumbnail-box \n\t\t\t\t\t\t\t\t\t\t\t\" \n\t\t\t>\n\t\t\t\t\t\t<div class=\"ngg-gallery-thumbnail\">\n\t\t\t<a href=\"https:\/\/dom-glina.hr\/wp-content\/gallery\/radovi-na-izgradnji-sjenice\/20181113_125147.jpg\"\n\t\t\t\ttitle=\"\"\n\t\t\t\tdata-src=\"https:\/\/dom-glina.hr\/wp-content\/gallery\/radovi-na-izgradnji-sjenice\/20181113_125147.jpg\"\n\t\t\t\tdata-thumbnail=\"https:\/\/dom-glina.hr\/wp-content\/gallery\/radovi-na-izgradnji-sjenice\/thumbs\/thumbs_20181113_125147.jpg\"\n\t\t\t\tdata-image-id=\"210\"\n\t\t\t\tdata-title=\"20181113_125147\"\n\t\t\t\tdata-description=\"\"\n\t\t\t\tdata-image-slug=\"20181113_125147\"\n\t\t\t\tclass=\"ngg-fancybox\" rel=\"b8e1a32fafdfc0020bcb1dce7acc3eb8\">\n\t\t\t\t<img\n\t\t\t\t\ttitle=\"20181113_125147\"\n\t\t\t\t\talt=\"20181113_125147\"\n\t\t\t\t\tsrc=\"https:\/\/dom-glina.hr\/wp-content\/gallery\/radovi-na-izgradnji-sjenice\/thumbs\/thumbs_20181113_125147.jpg\"\n\t\t\t\t\twidth=\"240\"\n\t\t\t\t\theight=\"160\"\n\t\t\t\t\tstyle=\"max-width:100%;\"\n\t\t\t\t\/>\n\t\t\t<\/a>\n\t\t<\/div>\n\t\t\t\t\t\t\t<\/div> \n\t\t\t\n\t\t\t\t<div id=\"ngg-image-8\" class=\"ngg-gallery-thumbnail-box \n\t\t\t\t\t\t\t\t\t\t\t\" \n\t\t\t>\n\t\t\t\t\t\t<div class=\"ngg-gallery-thumbnail\">\n\t\t\t<a href=\"https:\/\/dom-glina.hr\/wp-content\/gallery\/radovi-na-izgradnji-sjenice\/20181113_125148.jpg\"\n\t\t\t\ttitle=\"\"\n\t\t\t\tdata-src=\"https:\/\/dom-glina.hr\/wp-content\/gallery\/radovi-na-izgradnji-sjenice\/20181113_125148.jpg\"\n\t\t\t\tdata-thumbnail=\"https:\/\/dom-glina.hr\/wp-content\/gallery\/radovi-na-izgradnji-sjenice\/thumbs\/thumbs_20181113_125148.jpg\"\n\t\t\t\tdata-image-id=\"211\"\n\t\t\t\tdata-title=\"20181113_125148\"\n\t\t\t\tdata-description=\"\"\n\t\t\t\tdata-image-slug=\"20181113_125148\"\n\t\t\t\tclass=\"ngg-fancybox\" rel=\"b8e1a32fafdfc0020bcb1dce7acc3eb8\">\n\t\t\t\t<img\n\t\t\t\t\ttitle=\"20181113_125148\"\n\t\t\t\t\talt=\"20181113_125148\"\n\t\t\t\t\tsrc=\"https:\/\/dom-glina.hr\/wp-content\/gallery\/radovi-na-izgradnji-sjenice\/thumbs\/thumbs_20181113_125148.jpg\"\n\t\t\t\t\twidth=\"240\"\n\t\t\t\t\theight=\"160\"\n\t\t\t\t\tstyle=\"max-width:100%;\"\n\t\t\t\t\/>\n\t\t\t<\/a>\n\t\t<\/div>\n\t\t\t\t\t\t\t<\/div> \n\t\t\t\n\t\t\t\t<div id=\"ngg-image-9\" class=\"ngg-gallery-thumbnail-box \n\t\t\t\t\t\t\t\t\t\t\t\" \n\t\t\t>\n\t\t\t\t\t\t<div class=\"ngg-gallery-thumbnail\">\n\t\t\t<a href=\"https:\/\/dom-glina.hr\/wp-content\/gallery\/radovi-na-izgradnji-sjenice\/IMG-1e165c736e83d7d865e1b8a263656ac0-V.jpg\"\n\t\t\t\ttitle=\"\"\n\t\t\t\tdata-src=\"https:\/\/dom-glina.hr\/wp-content\/gallery\/radovi-na-izgradnji-sjenice\/IMG-1e165c736e83d7d865e1b8a263656ac0-V.jpg\"\n\t\t\t\tdata-thumbnail=\"https:\/\/dom-glina.hr\/wp-content\/gallery\/radovi-na-izgradnji-sjenice\/thumbs\/thumbs_IMG-1e165c736e83d7d865e1b8a263656ac0-V.jpg\"\n\t\t\t\tdata-image-id=\"212\"\n\t\t\t\tdata-title=\"IMG-1e165c736e83d7d865e1b8a263656ac0-V\"\n\t\t\t\tdata-description=\"\"\n\t\t\t\tdata-image-slug=\"img-1e165c736e83d7d865e1b8a263656ac0-v\"\n\t\t\t\tclass=\"ngg-fancybox\" rel=\"b8e1a32fafdfc0020bcb1dce7acc3eb8\">\n\t\t\t\t<img\n\t\t\t\t\ttitle=\"IMG-1e165c736e83d7d865e1b8a263656ac0-V\"\n\t\t\t\t\talt=\"IMG-1e165c736e83d7d865e1b8a263656ac0-V\"\n\t\t\t\t\tsrc=\"https:\/\/dom-glina.hr\/wp-content\/gallery\/radovi-na-izgradnji-sjenice\/thumbs\/thumbs_IMG-1e165c736e83d7d865e1b8a263656ac0-V.jpg\"\n\t\t\t\t\twidth=\"240\"\n\t\t\t\t\theight=\"160\"\n\t\t\t\t\tstyle=\"max-width:100%;\"\n\t\t\t\t\/>\n\t\t\t<\/a>\n\t\t<\/div>\n\t\t\t\t\t\t\t<\/div> \n\t\t\t\n\t\t\t\t<div id=\"ngg-image-10\" class=\"ngg-gallery-thumbnail-box \n\t\t\t\t\t\t\t\t\t\t\t\" \n\t\t\t>\n\t\t\t\t\t\t<div class=\"ngg-gallery-thumbnail\">\n\t\t\t<a href=\"https:\/\/dom-glina.hr\/wp-content\/gallery\/radovi-na-izgradnji-sjenice\/IMG-04b049da96017624943fbb23c08aeec0-V.jpg\"\n\t\t\t\ttitle=\"\"\n\t\t\t\tdata-src=\"https:\/\/dom-glina.hr\/wp-content\/gallery\/radovi-na-izgradnji-sjenice\/IMG-04b049da96017624943fbb23c08aeec0-V.jpg\"\n\t\t\t\tdata-thumbnail=\"https:\/\/dom-glina.hr\/wp-content\/gallery\/radovi-na-izgradnji-sjenice\/thumbs\/thumbs_IMG-04b049da96017624943fbb23c08aeec0-V.jpg\"\n\t\t\t\tdata-image-id=\"213\"\n\t\t\t\tdata-title=\"IMG-04b049da96017624943fbb23c08aeec0-V\"\n\t\t\t\tdata-description=\"\"\n\t\t\t\tdata-image-slug=\"img-04b049da96017624943fbb23c08aeec0-v\"\n\t\t\t\tclass=\"ngg-fancybox\" rel=\"b8e1a32fafdfc0020bcb1dce7acc3eb8\">\n\t\t\t\t<img\n\t\t\t\t\ttitle=\"IMG-04b049da96017624943fbb23c08aeec0-V\"\n\t\t\t\t\talt=\"IMG-04b049da96017624943fbb23c08aeec0-V\"\n\t\t\t\t\tsrc=\"https:\/\/dom-glina.hr\/wp-content\/gallery\/radovi-na-izgradnji-sjenice\/thumbs\/thumbs_IMG-04b049da96017624943fbb23c08aeec0-V.jpg\"\n\t\t\t\t\twidth=\"240\"\n\t\t\t\t\theight=\"160\"\n\t\t\t\t\tstyle=\"max-width:100%;\"\n\t\t\t\t\/>\n\t\t\t<\/a>\n\t\t<\/div>\n\t\t\t\t\t\t\t<\/div> \n\t\t\t\n\t\t\t\t<div id=\"ngg-image-11\" class=\"ngg-gallery-thumbnail-box \n\t\t\t\t\t\t\t\t\t\t\t\" \n\t\t\t>\n\t\t\t\t\t\t<div class=\"ngg-gallery-thumbnail\">\n\t\t\t<a href=\"https:\/\/dom-glina.hr\/wp-content\/gallery\/radovi-na-izgradnji-sjenice\/IMG-8bf310dd0fe2286a0704dbc42f0b0e18-V.jpg\"\n\t\t\t\ttitle=\"\"\n\t\t\t\tdata-src=\"https:\/\/dom-glina.hr\/wp-content\/gallery\/radovi-na-izgradnji-sjenice\/IMG-8bf310dd0fe2286a0704dbc42f0b0e18-V.jpg\"\n\t\t\t\tdata-thumbnail=\"https:\/\/dom-glina.hr\/wp-content\/gallery\/radovi-na-izgradnji-sjenice\/thumbs\/thumbs_IMG-8bf310dd0fe2286a0704dbc42f0b0e18-V.jpg\"\n\t\t\t\tdata-image-id=\"214\"\n\t\t\t\tdata-title=\"IMG-8bf310dd0fe2286a0704dbc42f0b0e18-V\"\n\t\t\t\tdata-description=\"\"\n\t\t\t\tdata-image-slug=\"img-8bf310dd0fe2286a0704dbc42f0b0e18-v\"\n\t\t\t\tclass=\"ngg-fancybox\" rel=\"b8e1a32fafdfc0020bcb1dce7acc3eb8\">\n\t\t\t\t<img\n\t\t\t\t\ttitle=\"IMG-8bf310dd0fe2286a0704dbc42f0b0e18-V\"\n\t\t\t\t\talt=\"IMG-8bf310dd0fe2286a0704dbc42f0b0e18-V\"\n\t\t\t\t\tsrc=\"https:\/\/dom-glina.hr\/wp-content\/gallery\/radovi-na-izgradnji-sjenice\/thumbs\/thumbs_IMG-8bf310dd0fe2286a0704dbc42f0b0e18-V.jpg\"\n\t\t\t\t\twidth=\"240\"\n\t\t\t\t\theight=\"160\"\n\t\t\t\t\tstyle=\"max-width:100%;\"\n\t\t\t\t\/>\n\t\t\t<\/a>\n\t\t<\/div>\n\t\t\t\t\t\t\t<\/div> \n\t\t\t\n\t\t\t\t<div id=\"ngg-image-12\" class=\"ngg-gallery-thumbnail-box \n\t\t\t\t\t\t\t\t\t\t\t\" \n\t\t\t>\n\t\t\t\t\t\t<div class=\"ngg-gallery-thumbnail\">\n\t\t\t<a href=\"https:\/\/dom-glina.hr\/wp-content\/gallery\/radovi-na-izgradnji-sjenice\/IMG-34fc3a8d2d54dfbda9079df7cf14d565-V.jpg\"\n\t\t\t\ttitle=\"\"\n\t\t\t\tdata-src=\"https:\/\/dom-glina.hr\/wp-content\/gallery\/radovi-na-izgradnji-sjenice\/IMG-34fc3a8d2d54dfbda9079df7cf14d565-V.jpg\"\n\t\t\t\tdata-thumbnail=\"https:\/\/dom-glina.hr\/wp-content\/gallery\/radovi-na-izgradnji-sjenice\/thumbs\/thumbs_IMG-34fc3a8d2d54dfbda9079df7cf14d565-V.jpg\"\n\t\t\t\tdata-image-id=\"215\"\n\t\t\t\tdata-title=\"IMG-34fc3a8d2d54dfbda9079df7cf14d565-V\"\n\t\t\t\tdata-description=\"\"\n\t\t\t\tdata-image-slug=\"img-34fc3a8d2d54dfbda9079df7cf14d565-v\"\n\t\t\t\tclass=\"ngg-fancybox\" rel=\"b8e1a32fafdfc0020bcb1dce7acc3eb8\">\n\t\t\t\t<img\n\t\t\t\t\ttitle=\"IMG-34fc3a8d2d54dfbda9079df7cf14d565-V\"\n\t\t\t\t\talt=\"IMG-34fc3a8d2d54dfbda9079df7cf14d565-V\"\n\t\t\t\t\tsrc=\"https:\/\/dom-glina.hr\/wp-content\/gallery\/radovi-na-izgradnji-sjenice\/thumbs\/thumbs_IMG-34fc3a8d2d54dfbda9079df7cf14d565-V.jpg\"\n\t\t\t\t\twidth=\"240\"\n\t\t\t\t\theight=\"160\"\n\t\t\t\t\tstyle=\"max-width:100%;\"\n\t\t\t\t\/>\n\t\t\t<\/a>\n\t\t<\/div>\n\t\t\t\t\t\t\t<\/div> \n\t\t\t\n\t\t\t\t<div id=\"ngg-image-13\" class=\"ngg-gallery-thumbnail-box \n\t\t\t\t\t\t\t\t\t\t\t\" \n\t\t\t>\n\t\t\t\t\t\t<div class=\"ngg-gallery-thumbnail\">\n\t\t\t<a href=\"https:\/\/dom-glina.hr\/wp-content\/gallery\/radovi-na-izgradnji-sjenice\/IMG-148d28f32a0b96c82455e73dfcac7830-V.jpg\"\n\t\t\t\ttitle=\"\"\n\t\t\t\tdata-src=\"https:\/\/dom-glina.hr\/wp-content\/gallery\/radovi-na-izgradnji-sjenice\/IMG-148d28f32a0b96c82455e73dfcac7830-V.jpg\"\n\t\t\t\tdata-thumbnail=\"https:\/\/dom-glina.hr\/wp-content\/gallery\/radovi-na-izgradnji-sjenice\/thumbs\/thumbs_IMG-148d28f32a0b96c82455e73dfcac7830-V.jpg\"\n\t\t\t\tdata-image-id=\"216\"\n\t\t\t\tdata-title=\"IMG-148d28f32a0b96c82455e73dfcac7830-V\"\n\t\t\t\tdata-description=\"\"\n\t\t\t\tdata-image-slug=\"img-148d28f32a0b96c82455e73dfcac7830-v\"\n\t\t\t\tclass=\"ngg-fancybox\" rel=\"b8e1a32fafdfc0020bcb1dce7acc3eb8\">\n\t\t\t\t<img\n\t\t\t\t\ttitle=\"IMG-148d28f32a0b96c82455e73dfcac7830-V\"\n\t\t\t\t\talt=\"IMG-148d28f32a0b96c82455e73dfcac7830-V\"\n\t\t\t\t\tsrc=\"https:\/\/dom-glina.hr\/wp-content\/gallery\/radovi-na-izgradnji-sjenice\/thumbs\/thumbs_IMG-148d28f32a0b96c82455e73dfcac7830-V.jpg\"\n\t\t\t\t\twidth=\"240\"\n\t\t\t\t\theight=\"160\"\n\t\t\t\t\tstyle=\"max-width:100%;\"\n\t\t\t\t\/>\n\t\t\t<\/a>\n\t\t<\/div>\n\t\t\t\t\t\t\t<\/div> \n\t\t\t\n\t\t\t\t<div id=\"ngg-image-14\" class=\"ngg-gallery-thumbnail-box \n\t\t\t\t\t\t\t\t\t\t\t\" \n\t\t\t>\n\t\t\t\t\t\t<div class=\"ngg-gallery-thumbnail\">\n\t\t\t<a href=\"https:\/\/dom-glina.hr\/wp-content\/gallery\/radovi-na-izgradnji-sjenice\/IMG-926d1f2825b9f7b0e5ceeb1f39359b6e-V.jpg\"\n\t\t\t\ttitle=\"\"\n\t\t\t\tdata-src=\"https:\/\/dom-glina.hr\/wp-content\/gallery\/radovi-na-izgradnji-sjenice\/IMG-926d1f2825b9f7b0e5ceeb1f39359b6e-V.jpg\"\n\t\t\t\tdata-thumbnail=\"https:\/\/dom-glina.hr\/wp-content\/gallery\/radovi-na-izgradnji-sjenice\/thumbs\/thumbs_IMG-926d1f2825b9f7b0e5ceeb1f39359b6e-V.jpg\"\n\t\t\t\tdata-image-id=\"217\"\n\t\t\t\tdata-title=\"IMG-926d1f2825b9f7b0e5ceeb1f39359b6e-V\"\n\t\t\t\tdata-description=\"\"\n\t\t\t\tdata-image-slug=\"img-926d1f2825b9f7b0e5ceeb1f39359b6e-v\"\n\t\t\t\tclass=\"ngg-fancybox\" rel=\"b8e1a32fafdfc0020bcb1dce7acc3eb8\">\n\t\t\t\t<img\n\t\t\t\t\ttitle=\"IMG-926d1f2825b9f7b0e5ceeb1f39359b6e-V\"\n\t\t\t\t\talt=\"IMG-926d1f2825b9f7b0e5ceeb1f39359b6e-V\"\n\t\t\t\t\tsrc=\"https:\/\/dom-glina.hr\/wp-content\/gallery\/radovi-na-izgradnji-sjenice\/thumbs\/thumbs_IMG-926d1f2825b9f7b0e5ceeb1f39359b6e-V.jpg\"\n\t\t\t\t\twidth=\"240\"\n\t\t\t\t\theight=\"160\"\n\t\t\t\t\tstyle=\"max-width:100%;\"\n\t\t\t\t\/>\n\t\t\t<\/a>\n\t\t<\/div>\n\t\t\t\t\t\t\t<\/div> \n\t\t\t\n\t\t\t\t<div id=\"ngg-image-15\" class=\"ngg-gallery-thumbnail-box \n\t\t\t\t\t\t\t\t\t\t\t\" \n\t\t\t>\n\t\t\t\t\t\t<div class=\"ngg-gallery-thumbnail\">\n\t\t\t<a href=\"https:\/\/dom-glina.hr\/wp-content\/gallery\/radovi-na-izgradnji-sjenice\/IMG-5877ae61da80197760f29100baf2fdf9-V.jpg\"\n\t\t\t\ttitle=\"\"\n\t\t\t\tdata-src=\"https:\/\/dom-glina.hr\/wp-content\/gallery\/radovi-na-izgradnji-sjenice\/IMG-5877ae61da80197760f29100baf2fdf9-V.jpg\"\n\t\t\t\tdata-thumbnail=\"https:\/\/dom-glina.hr\/wp-content\/gallery\/radovi-na-izgradnji-sjenice\/thumbs\/thumbs_IMG-5877ae61da80197760f29100baf2fdf9-V.jpg\"\n\t\t\t\tdata-image-id=\"218\"\n\t\t\t\tdata-title=\"IMG-5877ae61da80197760f29100baf2fdf9-V\"\n\t\t\t\tdata-description=\"\"\n\t\t\t\tdata-image-slug=\"img-5877ae61da80197760f29100baf2fdf9-v\"\n\t\t\t\tclass=\"ngg-fancybox\" rel=\"b8e1a32fafdfc0020bcb1dce7acc3eb8\">\n\t\t\t\t<img\n\t\t\t\t\ttitle=\"IMG-5877ae61da80197760f29100baf2fdf9-V\"\n\t\t\t\t\talt=\"IMG-5877ae61da80197760f29100baf2fdf9-V\"\n\t\t\t\t\tsrc=\"https:\/\/dom-glina.hr\/wp-content\/gallery\/radovi-na-izgradnji-sjenice\/thumbs\/thumbs_IMG-5877ae61da80197760f29100baf2fdf9-V.jpg\"\n\t\t\t\t\twidth=\"240\"\n\t\t\t\t\theight=\"160\"\n\t\t\t\t\tstyle=\"max-width:100%;\"\n\t\t\t\t\/>\n\t\t\t<\/a>\n\t\t<\/div>\n\t\t\t\t\t\t\t<\/div> \n\t\t\t\n\t\t\t\t<div id=\"ngg-image-16\" class=\"ngg-gallery-thumbnail-box \n\t\t\t\t\t\t\t\t\t\t\t\" \n\t\t\t>\n\t\t\t\t\t\t<div class=\"ngg-gallery-thumbnail\">\n\t\t\t<a href=\"https:\/\/dom-glina.hr\/wp-content\/gallery\/radovi-na-izgradnji-sjenice\/IMG-863153a3314f4d26fb6369be653ac6aa-V.jpg\"\n\t\t\t\ttitle=\"\"\n\t\t\t\tdata-src=\"https:\/\/dom-glina.hr\/wp-content\/gallery\/radovi-na-izgradnji-sjenice\/IMG-863153a3314f4d26fb6369be653ac6aa-V.jpg\"\n\t\t\t\tdata-thumbnail=\"https:\/\/dom-glina.hr\/wp-content\/gallery\/radovi-na-izgradnji-sjenice\/thumbs\/thumbs_IMG-863153a3314f4d26fb6369be653ac6aa-V.jpg\"\n\t\t\t\tdata-image-id=\"219\"\n\t\t\t\tdata-title=\"IMG-863153a3314f4d26fb6369be653ac6aa-V\"\n\t\t\t\tdata-description=\"\"\n\t\t\t\tdata-image-slug=\"img-863153a3314f4d26fb6369be653ac6aa-v\"\n\t\t\t\tclass=\"ngg-fancybox\" rel=\"b8e1a32fafdfc0020bcb1dce7acc3eb8\">\n\t\t\t\t<img\n\t\t\t\t\ttitle=\"IMG-863153a3314f4d26fb6369be653ac6aa-V\"\n\t\t\t\t\talt=\"IMG-863153a3314f4d26fb6369be653ac6aa-V\"\n\t\t\t\t\tsrc=\"https:\/\/dom-glina.hr\/wp-content\/gallery\/radovi-na-izgradnji-sjenice\/thumbs\/thumbs_IMG-863153a3314f4d26fb6369be653ac6aa-V.jpg\"\n\t\t\t\t\twidth=\"240\"\n\t\t\t\t\theight=\"160\"\n\t\t\t\t\tstyle=\"max-width:100%;\"\n\t\t\t\t\/>\n\t\t\t<\/a>\n\t\t<\/div>\n\t\t\t\t\t\t\t<\/div> \n\t\t\t\n\t\t\t\t<div id=\"ngg-image-17\" class=\"ngg-gallery-thumbnail-box \n\t\t\t\t\t\t\t\t\t\t\t\" \n\t\t\t>\n\t\t\t\t\t\t<div class=\"ngg-gallery-thumbnail\">\n\t\t\t<a href=\"https:\/\/dom-glina.hr\/wp-content\/gallery\/radovi-na-izgradnji-sjenice\/IMG-c9f27f2173a4d43b82af5a53d548292a-V.jpg\"\n\t\t\t\ttitle=\"\"\n\t\t\t\tdata-src=\"https:\/\/dom-glina.hr\/wp-content\/gallery\/radovi-na-izgradnji-sjenice\/IMG-c9f27f2173a4d43b82af5a53d548292a-V.jpg\"\n\t\t\t\tdata-thumbnail=\"https:\/\/dom-glina.hr\/wp-content\/gallery\/radovi-na-izgradnji-sjenice\/thumbs\/thumbs_IMG-c9f27f2173a4d43b82af5a53d548292a-V.jpg\"\n\t\t\t\tdata-image-id=\"220\"\n\t\t\t\tdata-title=\"IMG-c9f27f2173a4d43b82af5a53d548292a-V\"\n\t\t\t\tdata-description=\"\"\n\t\t\t\tdata-image-slug=\"img-c9f27f2173a4d43b82af5a53d548292a-v\"\n\t\t\t\tclass=\"ngg-fancybox\" rel=\"b8e1a32fafdfc0020bcb1dce7acc3eb8\">\n\t\t\t\t<img\n\t\t\t\t\ttitle=\"IMG-c9f27f2173a4d43b82af5a53d548292a-V\"\n\t\t\t\t\talt=\"IMG-c9f27f2173a4d43b82af5a53d548292a-V\"\n\t\t\t\t\tsrc=\"https:\/\/dom-glina.hr\/wp-content\/gallery\/radovi-na-izgradnji-sjenice\/thumbs\/thumbs_IMG-c9f27f2173a4d43b82af5a53d548292a-V.jpg\"\n\t\t\t\t\twidth=\"240\"\n\t\t\t\t\theight=\"160\"\n\t\t\t\t\tstyle=\"max-width:100%;\"\n\t\t\t\t\/>\n\t\t\t<\/a>\n\t\t<\/div>\n\t\t\t\t\t\t\t<\/div> \n\t\t\t\n\t\t\t\t<div id=\"ngg-image-18\" class=\"ngg-gallery-thumbnail-box \n\t\t\t\t\t\t\t\t\t\t\t\" \n\t\t\t>\n\t\t\t\t\t\t<div class=\"ngg-gallery-thumbnail\">\n\t\t\t<a href=\"https:\/\/dom-glina.hr\/wp-content\/gallery\/radovi-na-izgradnji-sjenice\/IMG-ff7efae896e1f27c5178d5648c712abe-V.jpg\"\n\t\t\t\ttitle=\"\"\n\t\t\t\tdata-src=\"https:\/\/dom-glina.hr\/wp-content\/gallery\/radovi-na-izgradnji-sjenice\/IMG-ff7efae896e1f27c5178d5648c712abe-V.jpg\"\n\t\t\t\tdata-thumbnail=\"https:\/\/dom-glina.hr\/wp-content\/gallery\/radovi-na-izgradnji-sjenice\/thumbs\/thumbs_IMG-ff7efae896e1f27c5178d5648c712abe-V.jpg\"\n\t\t\t\tdata-image-id=\"221\"\n\t\t\t\tdata-title=\"IMG-ff7efae896e1f27c5178d5648c712abe-V\"\n\t\t\t\tdata-description=\"\"\n\t\t\t\tdata-image-slug=\"img-ff7efae896e1f27c5178d5648c712abe-v\"\n\t\t\t\tclass=\"ngg-fancybox\" rel=\"b8e1a32fafdfc0020bcb1dce7acc3eb8\">\n\t\t\t\t<img\n\t\t\t\t\ttitle=\"IMG-ff7efae896e1f27c5178d5648c712abe-V\"\n\t\t\t\t\talt=\"IMG-ff7efae896e1f27c5178d5648c712abe-V\"\n\t\t\t\t\tsrc=\"https:\/\/dom-glina.hr\/wp-content\/gallery\/radovi-na-izgradnji-sjenice\/thumbs\/thumbs_IMG-ff7efae896e1f27c5178d5648c712abe-V.jpg\"\n\t\t\t\t\twidth=\"240\"\n\t\t\t\t\theight=\"160\"\n\t\t\t\t\tstyle=\"max-width:100%;\"\n\t\t\t\t\/>\n\t\t\t<\/a>\n\t\t<\/div>\n\t\t\t\t\t\t\t<\/div> \n\t\t\t\n\t\n\t<br style=\"clear: both\" \/>\n\n\t\n\t\t<!-- Pagination -->\n\t\t<div class='ngg-clear'><\/div>\t<\/div>\n\n","protected":false},"excerpt":{"rendered":"<p>Zahvaljuju\u0107i dobrim ljudima velikog srca krenuli smo u izgradnju vrtne sjenice za na\u0161e korisnike. Kako bi se na\u0161i korisnici mogli dru\u017eiti na svje\u017eem zraku bez obzira na vremenske prilike. Radovi na izgradnji sjenice su u punom jeku i veselimo se \u0161to skorijem zavr\u0161etku radova. &nbsp; &#8221; order_by=&#8221;sortorder&#8221; order_direction=&#8221;ASC&#8221; returns=&#8221;included&#8221; maximum_entity_count=&#8221;500&#8243;]<\/p>\n","protected":false},"author":1,"featured_media":1539,"comment_status":"closed","ping_status":"closed","sticky":false,"template":"","format":"standard","meta":{"_monsterinsights_skip_tracking":false,"_monsterinsights_sitenote_active":false,"_monsterinsights_sitenote_note":"","_monsterinsights_sitenote_category":0,"ngg_post_thumbnail":0,"footnotes":""},"categories":[2],"tags":[],"aioseo_notices":[],"_links":{"self":[{"href":"https:\/\/dom-glina.hr\/index.php?rest_route=\/wp\/v2\/posts\/1506"}],"collection":[{"href":"https:\/\/dom-glina.hr\/index.php?rest_route=\/wp\/v2\/posts"}],"about":[{"href":"https:\/\/dom-glina.hr\/index.php?rest_route=\/wp\/v2\/types\/post"}],"author":[{"embeddable":true,"href":"https:\/\/dom-glina.hr\/index.php?rest_route=\/wp\/v2\/users\/1"}],"replies":[{"embeddable":true,"href":"https:\/\/dom-glina.hr\/index.php?rest_route=%2Fwp%2Fv2%2Fcomments&post=1506"}],"version-history":[{"count":4,"href":"https:\/\/dom-glina.hr\/index.php?rest_route=\/wp\/v2\/posts\/1506\/revisions"}],"predecessor-version":[{"id":1543,"href":"https:\/\/dom-glina.hr\/index.php?rest_route=\/wp\/v2\/posts\/1506\/revisions\/1543"}],"wp:featuredmedia":[{"embeddable":true,"href":"https:\/\/dom-glina.hr\/index.php?rest_route=\/wp\/v2\/media\/1539"}],"wp:attachment":[{"href":"https:\/\/dom-glina.hr\/index.php?rest_route=%2Fwp%2Fv2%2Fmedia&parent=1506"}],"wp:term":[{"taxonomy":"category","embeddable":true,"href":"https:\/\/dom-glina.hr\/index.php?rest_route=%2Fwp%2Fv2%2Fcategories&post=1506"},{"taxonomy":"post_tag","embeddable":true,"href":"https:\/\/dom-glina.hr\/index.php?rest_route=%2Fwp%2Fv2%2Ftags&post=1506"}],"curies":[{"name":"wp","href":"https:\/\/api.w.org\/{rel}","templated":true}]}}