{"id":114,"date":"2018-04-24T15:09:30","date_gmt":"2018-04-24T13:09:30","guid":{"rendered":"http:\/\/dom-glina.hr\/?p=114"},"modified":"2018-04-24T15:09:30","modified_gmt":"2018-04-24T13:09:30","slug":"zupan-zinic-posjetio-dom-za-starije-osobe-glina","status":"publish","type":"post","link":"https:\/\/dom-glina.hr\/?p=114","title":{"rendered":"\u017dupan \u017dini\u0107 posjetio Dom za starije osobe Glina"},"content":{"rendered":"<p style=\"text-align: justify;\">\u017dupan Ivo \u017dini\u0107 obi\u0161ao je u ponedjeljak, 9. travnja 2018. godine, Dom za starije osobe Glina.<\/p>\n<p style=\"text-align: justify;\">Preuzeto sa stranica: <a href=\"http:\/\/www.smz.hr\/site\/index.php\" target=\"_blank\" rel=\"noopener\">Sisa\u010dko &#8211; moslava\u010dka \u017eupanija<\/a><\/p>\n<p style=\"text-align: justify;\">(<a href=\"http:\/\/www.smz.hr\/site\/najob\/arhiva-objava-i-vijesti\/5370-upan-ini-posjetio-dom-za-starije-osobe-glina\" target=\"_blank\" rel=\"noopener\"><span style=\"text-decoration: underline; color: #3366ff;\"><em>http:\/\/www.smz.hr\/site\/najob\/arhiva-objava-i-vijesti\/5370-upan-ini-posjetio-dom-za-starije-osobe-glina<\/em><\/span><\/a>)<\/p>\n<p style=\"text-align: justify;\">\u017dupan Ivo \u017dini\u0107 obi\u0161ao je u ponedjeljak, 9. travnja 2018. godine, Dom za starije osobe Glina. U dru\u0161tvu ravnateljice Renate Tominovi\u0107 Cekovi\u0107 obi\u0161ao je sve prostore ovog Doma, koji je posve spreman na skora\u0161nji dolazak prvih korisnika.<\/p>\n<p style=\"text-align: justify;\">\u017dupan je s ravnateljicom i projektantom obi\u0161ao i vanjske prostore Doma, razgledao objekte kojima bi se mogla, uz sveobuhvatnu rekonstrukciju ili \u010dak novu gradnju, na\u0107i nova namjena u pobolj\u0161anju kvalitete ponude.<\/p>\n<!-- default-view.php -->\n<div\n\tclass=\"ngg-galleryoverview default-view \n\t ngg-ajax-pagination-none\t\"\n\tid=\"ngg-gallery-c5bb695c9c0f9ad9c82518fd25c77e6e-1\">\n\n\t\t<!-- Thumbnails -->\n\t\t\t\t<div id=\"ngg-image-0\" class=\"ngg-gallery-thumbnail-box \n\t\t\t\t\t\t\t\t\t\t\t\" \n\t\t\t>\n\t\t\t\t\t\t<div class=\"ngg-gallery-thumbnail\">\n\t\t\t<a href=\"https:\/\/dom-glina.hr\/wp-content\/gallery\/zupan-zinic-posjetio-dom-za-starije-osobe-glina\/1.jpg\"\n\t\t\t\ttitle=\"\"\n\t\t\t\tdata-src=\"https:\/\/dom-glina.hr\/wp-content\/gallery\/zupan-zinic-posjetio-dom-za-starije-osobe-glina\/1.jpg\"\n\t\t\t\tdata-thumbnail=\"https:\/\/dom-glina.hr\/wp-content\/gallery\/zupan-zinic-posjetio-dom-za-starije-osobe-glina\/thumbs\/thumbs_1.jpg\"\n\t\t\t\tdata-image-id=\"17\"\n\t\t\t\tdata-title=\"1\"\n\t\t\t\tdata-description=\"\"\n\t\t\t\tdata-image-slug=\"1\"\n\t\t\t\tclass=\"ngg-fancybox\" rel=\"c5bb695c9c0f9ad9c82518fd25c77e6e\">\n\t\t\t\t<img\n\t\t\t\t\ttitle=\"1\"\n\t\t\t\t\talt=\"1\"\n\t\t\t\t\tsrc=\"https:\/\/dom-glina.hr\/wp-content\/gallery\/zupan-zinic-posjetio-dom-za-starije-osobe-glina\/thumbs\/thumbs_1.jpg\"\n\t\t\t\t\twidth=\"240\"\n\t\t\t\t\theight=\"160\"\n\t\t\t\t\tstyle=\"max-width:100%;\"\n\t\t\t\t\/>\n\t\t\t<\/a>\n\t\t<\/div>\n\t\t\t\t\t\t\t<\/div> \n\t\t\t\n\t\t\t\t<div id=\"ngg-image-1\" class=\"ngg-gallery-thumbnail-box \n\t\t\t\t\t\t\t\t\t\t\t\" \n\t\t\t>\n\t\t\t\t\t\t<div class=\"ngg-gallery-thumbnail\">\n\t\t\t<a href=\"https:\/\/dom-glina.hr\/wp-content\/gallery\/zupan-zinic-posjetio-dom-za-starije-osobe-glina\/2.jpg\"\n\t\t\t\ttitle=\"\"\n\t\t\t\tdata-src=\"https:\/\/dom-glina.hr\/wp-content\/gallery\/zupan-zinic-posjetio-dom-za-starije-osobe-glina\/2.jpg\"\n\t\t\t\tdata-thumbnail=\"https:\/\/dom-glina.hr\/wp-content\/gallery\/zupan-zinic-posjetio-dom-za-starije-osobe-glina\/thumbs\/thumbs_2.jpg\"\n\t\t\t\tdata-image-id=\"18\"\n\t\t\t\tdata-title=\"2\"\n\t\t\t\tdata-description=\"\"\n\t\t\t\tdata-image-slug=\"2\"\n\t\t\t\tclass=\"ngg-fancybox\" rel=\"c5bb695c9c0f9ad9c82518fd25c77e6e\">\n\t\t\t\t<img\n\t\t\t\t\ttitle=\"2\"\n\t\t\t\t\talt=\"2\"\n\t\t\t\t\tsrc=\"https:\/\/dom-glina.hr\/wp-content\/gallery\/zupan-zinic-posjetio-dom-za-starije-osobe-glina\/thumbs\/thumbs_2.jpg\"\n\t\t\t\t\twidth=\"240\"\n\t\t\t\t\theight=\"160\"\n\t\t\t\t\tstyle=\"max-width:100%;\"\n\t\t\t\t\/>\n\t\t\t<\/a>\n\t\t<\/div>\n\t\t\t\t\t\t\t<\/div> \n\t\t\t\n\t\t\t\t<div id=\"ngg-image-2\" class=\"ngg-gallery-thumbnail-box \n\t\t\t\t\t\t\t\t\t\t\t\" \n\t\t\t>\n\t\t\t\t\t\t<div class=\"ngg-gallery-thumbnail\">\n\t\t\t<a href=\"https:\/\/dom-glina.hr\/wp-content\/gallery\/zupan-zinic-posjetio-dom-za-starije-osobe-glina\/3.jpg\"\n\t\t\t\ttitle=\"\"\n\t\t\t\tdata-src=\"https:\/\/dom-glina.hr\/wp-content\/gallery\/zupan-zinic-posjetio-dom-za-starije-osobe-glina\/3.jpg\"\n\t\t\t\tdata-thumbnail=\"https:\/\/dom-glina.hr\/wp-content\/gallery\/zupan-zinic-posjetio-dom-za-starije-osobe-glina\/thumbs\/thumbs_3.jpg\"\n\t\t\t\tdata-image-id=\"19\"\n\t\t\t\tdata-title=\"3\"\n\t\t\t\tdata-description=\"\"\n\t\t\t\tdata-image-slug=\"3\"\n\t\t\t\tclass=\"ngg-fancybox\" rel=\"c5bb695c9c0f9ad9c82518fd25c77e6e\">\n\t\t\t\t<img\n\t\t\t\t\ttitle=\"3\"\n\t\t\t\t\talt=\"3\"\n\t\t\t\t\tsrc=\"https:\/\/dom-glina.hr\/wp-content\/gallery\/zupan-zinic-posjetio-dom-za-starije-osobe-glina\/thumbs\/thumbs_3.jpg\"\n\t\t\t\t\twidth=\"240\"\n\t\t\t\t\theight=\"160\"\n\t\t\t\t\tstyle=\"max-width:100%;\"\n\t\t\t\t\/>\n\t\t\t<\/a>\n\t\t<\/div>\n\t\t\t\t\t\t\t<\/div> \n\t\t\t\n\t\t\t\t<div id=\"ngg-image-3\" class=\"ngg-gallery-thumbnail-box \n\t\t\t\t\t\t\t\t\t\t\t\" \n\t\t\t>\n\t\t\t\t\t\t<div class=\"ngg-gallery-thumbnail\">\n\t\t\t<a href=\"https:\/\/dom-glina.hr\/wp-content\/gallery\/zupan-zinic-posjetio-dom-za-starije-osobe-glina\/4.jpg\"\n\t\t\t\ttitle=\"\"\n\t\t\t\tdata-src=\"https:\/\/dom-glina.hr\/wp-content\/gallery\/zupan-zinic-posjetio-dom-za-starije-osobe-glina\/4.jpg\"\n\t\t\t\tdata-thumbnail=\"https:\/\/dom-glina.hr\/wp-content\/gallery\/zupan-zinic-posjetio-dom-za-starije-osobe-glina\/thumbs\/thumbs_4.jpg\"\n\t\t\t\tdata-image-id=\"20\"\n\t\t\t\tdata-title=\"4\"\n\t\t\t\tdata-description=\"\"\n\t\t\t\tdata-image-slug=\"4\"\n\t\t\t\tclass=\"ngg-fancybox\" rel=\"c5bb695c9c0f9ad9c82518fd25c77e6e\">\n\t\t\t\t<img\n\t\t\t\t\ttitle=\"4\"\n\t\t\t\t\talt=\"4\"\n\t\t\t\t\tsrc=\"https:\/\/dom-glina.hr\/wp-content\/gallery\/zupan-zinic-posjetio-dom-za-starije-osobe-glina\/thumbs\/thumbs_4.jpg\"\n\t\t\t\t\twidth=\"240\"\n\t\t\t\t\theight=\"160\"\n\t\t\t\t\tstyle=\"max-width:100%;\"\n\t\t\t\t\/>\n\t\t\t<\/a>\n\t\t<\/div>\n\t\t\t\t\t\t\t<\/div> \n\t\t\t\n\t\t\t\t<div id=\"ngg-image-4\" class=\"ngg-gallery-thumbnail-box \n\t\t\t\t\t\t\t\t\t\t\t\" \n\t\t\t>\n\t\t\t\t\t\t<div class=\"ngg-gallery-thumbnail\">\n\t\t\t<a href=\"https:\/\/dom-glina.hr\/wp-content\/gallery\/zupan-zinic-posjetio-dom-za-starije-osobe-glina\/5.jpg\"\n\t\t\t\ttitle=\"\"\n\t\t\t\tdata-src=\"https:\/\/dom-glina.hr\/wp-content\/gallery\/zupan-zinic-posjetio-dom-za-starije-osobe-glina\/5.jpg\"\n\t\t\t\tdata-thumbnail=\"https:\/\/dom-glina.hr\/wp-content\/gallery\/zupan-zinic-posjetio-dom-za-starije-osobe-glina\/thumbs\/thumbs_5.jpg\"\n\t\t\t\tdata-image-id=\"21\"\n\t\t\t\tdata-title=\"5\"\n\t\t\t\tdata-description=\"\"\n\t\t\t\tdata-image-slug=\"5\"\n\t\t\t\tclass=\"ngg-fancybox\" rel=\"c5bb695c9c0f9ad9c82518fd25c77e6e\">\n\t\t\t\t<img\n\t\t\t\t\ttitle=\"5\"\n\t\t\t\t\talt=\"5\"\n\t\t\t\t\tsrc=\"https:\/\/dom-glina.hr\/wp-content\/gallery\/zupan-zinic-posjetio-dom-za-starije-osobe-glina\/thumbs\/thumbs_5.jpg\"\n\t\t\t\t\twidth=\"240\"\n\t\t\t\t\theight=\"160\"\n\t\t\t\t\tstyle=\"max-width:100%;\"\n\t\t\t\t\/>\n\t\t\t<\/a>\n\t\t<\/div>\n\t\t\t\t\t\t\t<\/div> \n\t\t\t\n\t\t\t\t<div id=\"ngg-image-5\" class=\"ngg-gallery-thumbnail-box \n\t\t\t\t\t\t\t\t\t\t\t\" \n\t\t\t>\n\t\t\t\t\t\t<div class=\"ngg-gallery-thumbnail\">\n\t\t\t<a href=\"https:\/\/dom-glina.hr\/wp-content\/gallery\/zupan-zinic-posjetio-dom-za-starije-osobe-glina\/6.jpg\"\n\t\t\t\ttitle=\"\"\n\t\t\t\tdata-src=\"https:\/\/dom-glina.hr\/wp-content\/gallery\/zupan-zinic-posjetio-dom-za-starije-osobe-glina\/6.jpg\"\n\t\t\t\tdata-thumbnail=\"https:\/\/dom-glina.hr\/wp-content\/gallery\/zupan-zinic-posjetio-dom-za-starije-osobe-glina\/thumbs\/thumbs_6.jpg\"\n\t\t\t\tdata-image-id=\"22\"\n\t\t\t\tdata-title=\"6\"\n\t\t\t\tdata-description=\"\"\n\t\t\t\tdata-image-slug=\"6\"\n\t\t\t\tclass=\"ngg-fancybox\" rel=\"c5bb695c9c0f9ad9c82518fd25c77e6e\">\n\t\t\t\t<img\n\t\t\t\t\ttitle=\"6\"\n\t\t\t\t\talt=\"6\"\n\t\t\t\t\tsrc=\"https:\/\/dom-glina.hr\/wp-content\/gallery\/zupan-zinic-posjetio-dom-za-starije-osobe-glina\/thumbs\/thumbs_6.jpg\"\n\t\t\t\t\twidth=\"240\"\n\t\t\t\t\theight=\"160\"\n\t\t\t\t\tstyle=\"max-width:100%;\"\n\t\t\t\t\/>\n\t\t\t<\/a>\n\t\t<\/div>\n\t\t\t\t\t\t\t<\/div> \n\t\t\t\n\t\t\t\t<div id=\"ngg-image-6\" class=\"ngg-gallery-thumbnail-box \n\t\t\t\t\t\t\t\t\t\t\t\" \n\t\t\t>\n\t\t\t\t\t\t<div class=\"ngg-gallery-thumbnail\">\n\t\t\t<a href=\"https:\/\/dom-glina.hr\/wp-content\/gallery\/zupan-zinic-posjetio-dom-za-starije-osobe-glina\/7.jpg\"\n\t\t\t\ttitle=\"\"\n\t\t\t\tdata-src=\"https:\/\/dom-glina.hr\/wp-content\/gallery\/zupan-zinic-posjetio-dom-za-starije-osobe-glina\/7.jpg\"\n\t\t\t\tdata-thumbnail=\"https:\/\/dom-glina.hr\/wp-content\/gallery\/zupan-zinic-posjetio-dom-za-starije-osobe-glina\/thumbs\/thumbs_7.jpg\"\n\t\t\t\tdata-image-id=\"23\"\n\t\t\t\tdata-title=\"7\"\n\t\t\t\tdata-description=\"\"\n\t\t\t\tdata-image-slug=\"7\"\n\t\t\t\tclass=\"ngg-fancybox\" rel=\"c5bb695c9c0f9ad9c82518fd25c77e6e\">\n\t\t\t\t<img\n\t\t\t\t\ttitle=\"7\"\n\t\t\t\t\talt=\"7\"\n\t\t\t\t\tsrc=\"https:\/\/dom-glina.hr\/wp-content\/gallery\/zupan-zinic-posjetio-dom-za-starije-osobe-glina\/thumbs\/thumbs_7.jpg\"\n\t\t\t\t\twidth=\"240\"\n\t\t\t\t\theight=\"160\"\n\t\t\t\t\tstyle=\"max-width:100%;\"\n\t\t\t\t\/>\n\t\t\t<\/a>\n\t\t<\/div>\n\t\t\t\t\t\t\t<\/div> \n\t\t\t\n\t\n\t<br style=\"clear: both\" \/>\n\n\t\n\t\t<!-- Pagination -->\n\t\t<div class='ngg-clear'><\/div>\t<\/div>\n\n","protected":false},"excerpt":{"rendered":"<p>\u017dupan Ivo \u017dini\u0107 obi\u0161ao je u ponedjeljak, 9. travnja 2018. godine, Dom za starije osobe Glina. Preuzeto sa stranica: Sisa\u010dko &#8211; moslava\u010dka \u017eupanija (http:\/\/www.smz.hr\/site\/najob\/arhiva-objava-i-vijesti\/5370-upan-ini-posjetio-dom-za-starije-osobe-glina) \u017dupan Ivo \u017dini\u0107 obi\u0161ao je u ponedjeljak, 9. travnja 2018. godine, Dom za starije osobe Glina. U dru\u0161tvu ravnateljice Renate Tominovi\u0107 Cekovi\u0107 obi\u0161ao je sve prostore ovog Doma, koji je posve&hellip;<\/p>\n","protected":false},"author":1,"featured_media":131,"comment_status":"closed","ping_status":"closed","sticky":false,"template":"","format":"standard","meta":{"_monsterinsights_skip_tracking":false,"_monsterinsights_sitenote_active":false,"_monsterinsights_sitenote_note":"","_monsterinsights_sitenote_category":0,"ngg_post_thumbnail":0,"footnotes":""},"categories":[2],"tags":[],"aioseo_notices":[],"_links":{"self":[{"href":"https:\/\/dom-glina.hr\/index.php?rest_route=\/wp\/v2\/posts\/114"}],"collection":[{"href":"https:\/\/dom-glina.hr\/index.php?rest_route=\/wp\/v2\/posts"}],"about":[{"href":"https:\/\/dom-glina.hr\/index.php?rest_route=\/wp\/v2\/types\/post"}],"author":[{"embeddable":true,"href":"https:\/\/dom-glina.hr\/index.php?rest_route=\/wp\/v2\/users\/1"}],"replies":[{"embeddable":true,"href":"https:\/\/dom-glina.hr\/index.php?rest_route=%2Fwp%2Fv2%2Fcomments&post=114"}],"version-history":[{"count":1,"href":"https:\/\/dom-glina.hr\/index.php?rest_route=\/wp\/v2\/posts\/114\/revisions"}],"predecessor-version":[{"id":132,"href":"https:\/\/dom-glina.hr\/index.php?rest_route=\/wp\/v2\/posts\/114\/revisions\/132"}],"wp:featuredmedia":[{"embeddable":true,"href":"https:\/\/dom-glina.hr\/index.php?rest_route=\/wp\/v2\/media\/131"}],"wp:attachment":[{"href":"https:\/\/dom-glina.hr\/index.php?rest_route=%2Fwp%2Fv2%2Fmedia&parent=114"}],"wp:term":[{"taxonomy":"category","embeddable":true,"href":"https:\/\/dom-glina.hr\/index.php?rest_route=%2Fwp%2Fv2%2Fcategories&post=114"},{"taxonomy":"post_tag","embeddable":true,"href":"https:\/\/dom-glina.hr\/index.php?rest_route=%2Fwp%2Fv2%2Ftags&post=114"}],"curies":[{"name":"wp","href":"https:\/\/api.w.org\/{rel}","templated":true}]}}