{"id":1101,"date":"2018-07-30T11:44:49","date_gmt":"2018-07-30T09:44:49","guid":{"rendered":"http:\/\/dom-glina.hr\/?p=1101"},"modified":"2018-07-30T11:47:02","modified_gmt":"2018-07-30T09:47:02","slug":"proslava-rodendana-korisnika-doma-za-starije-osobe-glina","status":"publish","type":"post","link":"https:\/\/dom-glina.hr\/?p=1101","title":{"rendered":"Proslava ro\u0111endana korisnika Doma za starije osobe Glina"},"content":{"rendered":"<p style=\"text-align: justify;\">Svim slavljenicima koji imaju ro\u0111endan u razdoblju od svibnja do kolovoza djelatnici Doma su pripremili ugodno iznena\u0111enje uz glazbu, ro\u0111endansku tortu, kola\u010de i prigodne poklone. To je prvo ro\u0111endansko slavlje u Domu, koje planiramo i u budu\u0107nosti obilje\u017eavati. \u017deljeli smo slavljenicima omogu\u0107iti dru\u017eenje uz svira\u010de i skromni domjenak, da se osje\u0107aju ugodno i budu sretni. U suradnji s Gradskim dru\u0161tvom Crvenog kri\u017ea grada Gline koji su korisnicima izradili ro\u0111endanske \u010destitke, ravnateljica je uru\u010dila i skromne poklone.<\/p>\n<p style=\"text-align: justify;\">No ni to nije bilo sve! Slavljenici su zaplesali uz glazbu koju im je svirao band Volonterskog centra Lutum . Kako su se na\u0161li u pravo vrijeme na pravom mjestu, otkrio je Matija \u0160antek: \u201cRavnateljica Doma nas je nazvala i tra\u017eila tambura\u0161e i do\u0161li smo im svirati narodne pjesme ovog podru\u010dja. Lijepo je korisnike Doma podsjetiti na staru glazbu i tu u\u017eivamo svirati.\u201d<\/p>\n<p style=\"text-align: justify;\">Gradsko dru\u0161tvo Crvenog kri\u017ea Glina radi na projektu aktivnosti za starije osobe koji obuhva\u0107a lokalno stanovni\u0161tvo, ali i korisnike Doma, otkrila je djelatnica Gradskog dru\u0161tva Crvenog kri\u017ea Glina Slavica Zagorac: \u201cU projektu se radi o dru\u0161tvenim aktivnostima za starije osobe koje one mogu provoditi i uklju\u010divanje u cjelokupnu zajednicu. Radimo na tome da im svakodnevicu ispunimo aktivnostima koje njima odgovaraju. Osmislili smo ro\u0111endanske \u010destitke s osmi\u0161ljenim porukama koja \u0107e im biti njihova najbolja ro\u0111endanska \u017eelja.<\/p>\n<p style=\"text-align: justify;\">Korisnici Doma tako su uz brojne aktivnosti kojima se imaju prilike baviti dobili i svojevrsni slavljeni\u010dki dan, za koji se u Domu nadamo da \u0107e postati tradicionalni.<\/p>\n<p><span style=\"text-decoration: underline; color: #3366ff;\"><em><a style=\"color: #3366ff; text-decoration: underline;\" href=\"http:\/\/dom-glina.hr\/wp-content\/uploads\/2018\/07\/Proslava-rodjendana-korisnika-Doma.pdf\" target=\"_blank\" rel=\"noopener\">Proslava rodjendana korisnika Doma<\/a><\/em><\/span>&nbsp;(pdf)<\/p>\n<p>&nbsp;<\/p>\n<!-- default-view.php -->\n<div\n\tclass=\"ngg-galleryoverview default-view \n\t ngg-ajax-pagination-none\t\"\n\tid=\"ngg-gallery-70ec5d341a596e4dd1f4470d69633ec6-1\">\n\n\t\t<!-- Thumbnails -->\n\t\t\t\t<div id=\"ngg-image-0\" class=\"ngg-gallery-thumbnail-box \n\t\t\t\t\t\t\t\t\t\t\t\" \n\t\t\t>\n\t\t\t\t\t\t<div class=\"ngg-gallery-thumbnail\">\n\t\t\t<a href=\"https:\/\/dom-glina.hr\/wp-content\/gallery\/proslava-rodendana-korisnika-doma-za-starije-osobe-glina\/20180726_144116.jpg\"\n\t\t\t\ttitle=\"\"\n\t\t\t\tdata-src=\"https:\/\/dom-glina.hr\/wp-content\/gallery\/proslava-rodendana-korisnika-doma-za-starije-osobe-glina\/20180726_144116.jpg\"\n\t\t\t\tdata-thumbnail=\"https:\/\/dom-glina.hr\/wp-content\/gallery\/proslava-rodendana-korisnika-doma-za-starije-osobe-glina\/thumbs\/thumbs_20180726_144116.jpg\"\n\t\t\t\tdata-image-id=\"63\"\n\t\t\t\tdata-title=\"20180726_144116\"\n\t\t\t\tdata-description=\"\"\n\t\t\t\tdata-image-slug=\"20180726_144116\"\n\t\t\t\tclass=\"ngg-fancybox\" rel=\"70ec5d341a596e4dd1f4470d69633ec6\">\n\t\t\t\t<img\n\t\t\t\t\ttitle=\"20180726_144116\"\n\t\t\t\t\talt=\"20180726_144116\"\n\t\t\t\t\tsrc=\"https:\/\/dom-glina.hr\/wp-content\/gallery\/proslava-rodendana-korisnika-doma-za-starije-osobe-glina\/thumbs\/thumbs_20180726_144116.jpg\"\n\t\t\t\t\twidth=\"240\"\n\t\t\t\t\theight=\"160\"\n\t\t\t\t\tstyle=\"max-width:100%;\"\n\t\t\t\t\/>\n\t\t\t<\/a>\n\t\t<\/div>\n\t\t\t\t\t\t\t<\/div> \n\t\t\t\n\t\t\t\t<div id=\"ngg-image-1\" class=\"ngg-gallery-thumbnail-box \n\t\t\t\t\t\t\t\t\t\t\t\" \n\t\t\t>\n\t\t\t\t\t\t<div class=\"ngg-gallery-thumbnail\">\n\t\t\t<a href=\"https:\/\/dom-glina.hr\/wp-content\/gallery\/proslava-rodendana-korisnika-doma-za-starije-osobe-glina\/20180726_144124.jpg\"\n\t\t\t\ttitle=\"\"\n\t\t\t\tdata-src=\"https:\/\/dom-glina.hr\/wp-content\/gallery\/proslava-rodendana-korisnika-doma-za-starije-osobe-glina\/20180726_144124.jpg\"\n\t\t\t\tdata-thumbnail=\"https:\/\/dom-glina.hr\/wp-content\/gallery\/proslava-rodendana-korisnika-doma-za-starije-osobe-glina\/thumbs\/thumbs_20180726_144124.jpg\"\n\t\t\t\tdata-image-id=\"64\"\n\t\t\t\tdata-title=\"20180726_144124\"\n\t\t\t\tdata-description=\"\"\n\t\t\t\tdata-image-slug=\"20180726_144124\"\n\t\t\t\tclass=\"ngg-fancybox\" rel=\"70ec5d341a596e4dd1f4470d69633ec6\">\n\t\t\t\t<img\n\t\t\t\t\ttitle=\"20180726_144124\"\n\t\t\t\t\talt=\"20180726_144124\"\n\t\t\t\t\tsrc=\"https:\/\/dom-glina.hr\/wp-content\/gallery\/proslava-rodendana-korisnika-doma-za-starije-osobe-glina\/thumbs\/thumbs_20180726_144124.jpg\"\n\t\t\t\t\twidth=\"240\"\n\t\t\t\t\theight=\"160\"\n\t\t\t\t\tstyle=\"max-width:100%;\"\n\t\t\t\t\/>\n\t\t\t<\/a>\n\t\t<\/div>\n\t\t\t\t\t\t\t<\/div> \n\t\t\t\n\t\t\t\t<div id=\"ngg-image-2\" class=\"ngg-gallery-thumbnail-box \n\t\t\t\t\t\t\t\t\t\t\t\" \n\t\t\t>\n\t\t\t\t\t\t<div class=\"ngg-gallery-thumbnail\">\n\t\t\t<a href=\"https:\/\/dom-glina.hr\/wp-content\/gallery\/proslava-rodendana-korisnika-doma-za-starije-osobe-glina\/20180726_144437.jpg\"\n\t\t\t\ttitle=\"\"\n\t\t\t\tdata-src=\"https:\/\/dom-glina.hr\/wp-content\/gallery\/proslava-rodendana-korisnika-doma-za-starije-osobe-glina\/20180726_144437.jpg\"\n\t\t\t\tdata-thumbnail=\"https:\/\/dom-glina.hr\/wp-content\/gallery\/proslava-rodendana-korisnika-doma-za-starije-osobe-glina\/thumbs\/thumbs_20180726_144437.jpg\"\n\t\t\t\tdata-image-id=\"65\"\n\t\t\t\tdata-title=\"20180726_144437\"\n\t\t\t\tdata-description=\"\"\n\t\t\t\tdata-image-slug=\"20180726_144437\"\n\t\t\t\tclass=\"ngg-fancybox\" rel=\"70ec5d341a596e4dd1f4470d69633ec6\">\n\t\t\t\t<img\n\t\t\t\t\ttitle=\"20180726_144437\"\n\t\t\t\t\talt=\"20180726_144437\"\n\t\t\t\t\tsrc=\"https:\/\/dom-glina.hr\/wp-content\/gallery\/proslava-rodendana-korisnika-doma-za-starije-osobe-glina\/thumbs\/thumbs_20180726_144437.jpg\"\n\t\t\t\t\twidth=\"240\"\n\t\t\t\t\theight=\"160\"\n\t\t\t\t\tstyle=\"max-width:100%;\"\n\t\t\t\t\/>\n\t\t\t<\/a>\n\t\t<\/div>\n\t\t\t\t\t\t\t<\/div> \n\t\t\t\n\t\t\t\t<div id=\"ngg-image-3\" class=\"ngg-gallery-thumbnail-box \n\t\t\t\t\t\t\t\t\t\t\t\" \n\t\t\t>\n\t\t\t\t\t\t<div class=\"ngg-gallery-thumbnail\">\n\t\t\t<a href=\"https:\/\/dom-glina.hr\/wp-content\/gallery\/proslava-rodendana-korisnika-doma-za-starije-osobe-glina\/20180726_144657.jpg\"\n\t\t\t\ttitle=\"\"\n\t\t\t\tdata-src=\"https:\/\/dom-glina.hr\/wp-content\/gallery\/proslava-rodendana-korisnika-doma-za-starije-osobe-glina\/20180726_144657.jpg\"\n\t\t\t\tdata-thumbnail=\"https:\/\/dom-glina.hr\/wp-content\/gallery\/proslava-rodendana-korisnika-doma-za-starije-osobe-glina\/thumbs\/thumbs_20180726_144657.jpg\"\n\t\t\t\tdata-image-id=\"66\"\n\t\t\t\tdata-title=\"20180726_144657\"\n\t\t\t\tdata-description=\"\"\n\t\t\t\tdata-image-slug=\"20180726_144657\"\n\t\t\t\tclass=\"ngg-fancybox\" rel=\"70ec5d341a596e4dd1f4470d69633ec6\">\n\t\t\t\t<img\n\t\t\t\t\ttitle=\"20180726_144657\"\n\t\t\t\t\talt=\"20180726_144657\"\n\t\t\t\t\tsrc=\"https:\/\/dom-glina.hr\/wp-content\/gallery\/proslava-rodendana-korisnika-doma-za-starije-osobe-glina\/thumbs\/thumbs_20180726_144657.jpg\"\n\t\t\t\t\twidth=\"240\"\n\t\t\t\t\theight=\"160\"\n\t\t\t\t\tstyle=\"max-width:100%;\"\n\t\t\t\t\/>\n\t\t\t<\/a>\n\t\t<\/div>\n\t\t\t\t\t\t\t<\/div> \n\t\t\t\n\t\t\t\t<div id=\"ngg-image-4\" class=\"ngg-gallery-thumbnail-box \n\t\t\t\t\t\t\t\t\t\t\t\" \n\t\t\t>\n\t\t\t\t\t\t<div class=\"ngg-gallery-thumbnail\">\n\t\t\t<a href=\"https:\/\/dom-glina.hr\/wp-content\/gallery\/proslava-rodendana-korisnika-doma-za-starije-osobe-glina\/20180726_145839.jpg\"\n\t\t\t\ttitle=\"\"\n\t\t\t\tdata-src=\"https:\/\/dom-glina.hr\/wp-content\/gallery\/proslava-rodendana-korisnika-doma-za-starije-osobe-glina\/20180726_145839.jpg\"\n\t\t\t\tdata-thumbnail=\"https:\/\/dom-glina.hr\/wp-content\/gallery\/proslava-rodendana-korisnika-doma-za-starije-osobe-glina\/thumbs\/thumbs_20180726_145839.jpg\"\n\t\t\t\tdata-image-id=\"67\"\n\t\t\t\tdata-title=\"20180726_145839\"\n\t\t\t\tdata-description=\"\"\n\t\t\t\tdata-image-slug=\"20180726_145839\"\n\t\t\t\tclass=\"ngg-fancybox\" rel=\"70ec5d341a596e4dd1f4470d69633ec6\">\n\t\t\t\t<img\n\t\t\t\t\ttitle=\"20180726_145839\"\n\t\t\t\t\talt=\"20180726_145839\"\n\t\t\t\t\tsrc=\"https:\/\/dom-glina.hr\/wp-content\/gallery\/proslava-rodendana-korisnika-doma-za-starije-osobe-glina\/thumbs\/thumbs_20180726_145839.jpg\"\n\t\t\t\t\twidth=\"240\"\n\t\t\t\t\theight=\"160\"\n\t\t\t\t\tstyle=\"max-width:100%;\"\n\t\t\t\t\/>\n\t\t\t<\/a>\n\t\t<\/div>\n\t\t\t\t\t\t\t<\/div> \n\t\t\t\n\t\t\t\t<div id=\"ngg-image-5\" class=\"ngg-gallery-thumbnail-box \n\t\t\t\t\t\t\t\t\t\t\t\" \n\t\t\t>\n\t\t\t\t\t\t<div class=\"ngg-gallery-thumbnail\">\n\t\t\t<a href=\"https:\/\/dom-glina.hr\/wp-content\/gallery\/proslava-rodendana-korisnika-doma-za-starije-osobe-glina\/20180726_151230.jpg\"\n\t\t\t\ttitle=\"\"\n\t\t\t\tdata-src=\"https:\/\/dom-glina.hr\/wp-content\/gallery\/proslava-rodendana-korisnika-doma-za-starije-osobe-glina\/20180726_151230.jpg\"\n\t\t\t\tdata-thumbnail=\"https:\/\/dom-glina.hr\/wp-content\/gallery\/proslava-rodendana-korisnika-doma-za-starije-osobe-glina\/thumbs\/thumbs_20180726_151230.jpg\"\n\t\t\t\tdata-image-id=\"68\"\n\t\t\t\tdata-title=\"20180726_151230\"\n\t\t\t\tdata-description=\"\"\n\t\t\t\tdata-image-slug=\"20180726_151230\"\n\t\t\t\tclass=\"ngg-fancybox\" rel=\"70ec5d341a596e4dd1f4470d69633ec6\">\n\t\t\t\t<img\n\t\t\t\t\ttitle=\"20180726_151230\"\n\t\t\t\t\talt=\"20180726_151230\"\n\t\t\t\t\tsrc=\"https:\/\/dom-glina.hr\/wp-content\/gallery\/proslava-rodendana-korisnika-doma-za-starije-osobe-glina\/thumbs\/thumbs_20180726_151230.jpg\"\n\t\t\t\t\twidth=\"240\"\n\t\t\t\t\theight=\"160\"\n\t\t\t\t\tstyle=\"max-width:100%;\"\n\t\t\t\t\/>\n\t\t\t<\/a>\n\t\t<\/div>\n\t\t\t\t\t\t\t<\/div> \n\t\t\t\n\t\t\t\t<div id=\"ngg-image-6\" class=\"ngg-gallery-thumbnail-box \n\t\t\t\t\t\t\t\t\t\t\t\" \n\t\t\t>\n\t\t\t\t\t\t<div class=\"ngg-gallery-thumbnail\">\n\t\t\t<a href=\"https:\/\/dom-glina.hr\/wp-content\/gallery\/proslava-rodendana-korisnika-doma-za-starije-osobe-glina\/20180726_151935.jpg\"\n\t\t\t\ttitle=\"\"\n\t\t\t\tdata-src=\"https:\/\/dom-glina.hr\/wp-content\/gallery\/proslava-rodendana-korisnika-doma-za-starije-osobe-glina\/20180726_151935.jpg\"\n\t\t\t\tdata-thumbnail=\"https:\/\/dom-glina.hr\/wp-content\/gallery\/proslava-rodendana-korisnika-doma-za-starije-osobe-glina\/thumbs\/thumbs_20180726_151935.jpg\"\n\t\t\t\tdata-image-id=\"69\"\n\t\t\t\tdata-title=\"20180726_151935\"\n\t\t\t\tdata-description=\"\"\n\t\t\t\tdata-image-slug=\"20180726_151935\"\n\t\t\t\tclass=\"ngg-fancybox\" rel=\"70ec5d341a596e4dd1f4470d69633ec6\">\n\t\t\t\t<img\n\t\t\t\t\ttitle=\"20180726_151935\"\n\t\t\t\t\talt=\"20180726_151935\"\n\t\t\t\t\tsrc=\"https:\/\/dom-glina.hr\/wp-content\/gallery\/proslava-rodendana-korisnika-doma-za-starije-osobe-glina\/thumbs\/thumbs_20180726_151935.jpg\"\n\t\t\t\t\twidth=\"240\"\n\t\t\t\t\theight=\"160\"\n\t\t\t\t\tstyle=\"max-width:100%;\"\n\t\t\t\t\/>\n\t\t\t<\/a>\n\t\t<\/div>\n\t\t\t\t\t\t\t<\/div> \n\t\t\t\n\t\t\t\t<div id=\"ngg-image-7\" class=\"ngg-gallery-thumbnail-box \n\t\t\t\t\t\t\t\t\t\t\t\" \n\t\t\t>\n\t\t\t\t\t\t<div class=\"ngg-gallery-thumbnail\">\n\t\t\t<a href=\"https:\/\/dom-glina.hr\/wp-content\/gallery\/proslava-rodendana-korisnika-doma-za-starije-osobe-glina\/20180726_152652.jpg\"\n\t\t\t\ttitle=\"\"\n\t\t\t\tdata-src=\"https:\/\/dom-glina.hr\/wp-content\/gallery\/proslava-rodendana-korisnika-doma-za-starije-osobe-glina\/20180726_152652.jpg\"\n\t\t\t\tdata-thumbnail=\"https:\/\/dom-glina.hr\/wp-content\/gallery\/proslava-rodendana-korisnika-doma-za-starije-osobe-glina\/thumbs\/thumbs_20180726_152652.jpg\"\n\t\t\t\tdata-image-id=\"70\"\n\t\t\t\tdata-title=\"20180726_152652\"\n\t\t\t\tdata-description=\"\"\n\t\t\t\tdata-image-slug=\"20180726_152652\"\n\t\t\t\tclass=\"ngg-fancybox\" rel=\"70ec5d341a596e4dd1f4470d69633ec6\">\n\t\t\t\t<img\n\t\t\t\t\ttitle=\"20180726_152652\"\n\t\t\t\t\talt=\"20180726_152652\"\n\t\t\t\t\tsrc=\"https:\/\/dom-glina.hr\/wp-content\/gallery\/proslava-rodendana-korisnika-doma-za-starije-osobe-glina\/thumbs\/thumbs_20180726_152652.jpg\"\n\t\t\t\t\twidth=\"240\"\n\t\t\t\t\theight=\"160\"\n\t\t\t\t\tstyle=\"max-width:100%;\"\n\t\t\t\t\/>\n\t\t\t<\/a>\n\t\t<\/div>\n\t\t\t\t\t\t\t<\/div> \n\t\t\t\n\t\t\t\t<div id=\"ngg-image-8\" class=\"ngg-gallery-thumbnail-box \n\t\t\t\t\t\t\t\t\t\t\t\" \n\t\t\t>\n\t\t\t\t\t\t<div class=\"ngg-gallery-thumbnail\">\n\t\t\t<a href=\"https:\/\/dom-glina.hr\/wp-content\/gallery\/proslava-rodendana-korisnika-doma-za-starije-osobe-glina\/37817170_234468720514803_6041397317490180096_o1.jpg\"\n\t\t\t\ttitle=\"\"\n\t\t\t\tdata-src=\"https:\/\/dom-glina.hr\/wp-content\/gallery\/proslava-rodendana-korisnika-doma-za-starije-osobe-glina\/37817170_234468720514803_6041397317490180096_o1.jpg\"\n\t\t\t\tdata-thumbnail=\"https:\/\/dom-glina.hr\/wp-content\/gallery\/proslava-rodendana-korisnika-doma-za-starije-osobe-glina\/thumbs\/thumbs_37817170_234468720514803_6041397317490180096_o1.jpg\"\n\t\t\t\tdata-image-id=\"71\"\n\t\t\t\tdata-title=\"37817170_234468720514803_6041397317490180096_o[1]\"\n\t\t\t\tdata-description=\"\"\n\t\t\t\tdata-image-slug=\"37817170_234468720514803_6041397317490180096_o1\"\n\t\t\t\tclass=\"ngg-fancybox\" rel=\"70ec5d341a596e4dd1f4470d69633ec6\">\n\t\t\t\t<img\n\t\t\t\t\ttitle=\"37817170_234468720514803_6041397317490180096_o[1]\"\n\t\t\t\t\talt=\"37817170_234468720514803_6041397317490180096_o[1]\"\n\t\t\t\t\tsrc=\"https:\/\/dom-glina.hr\/wp-content\/gallery\/proslava-rodendana-korisnika-doma-za-starije-osobe-glina\/thumbs\/thumbs_37817170_234468720514803_6041397317490180096_o1.jpg\"\n\t\t\t\t\twidth=\"240\"\n\t\t\t\t\theight=\"160\"\n\t\t\t\t\tstyle=\"max-width:100%;\"\n\t\t\t\t\/>\n\t\t\t<\/a>\n\t\t<\/div>\n\t\t\t\t\t\t\t<\/div> \n\t\t\t\n\t\t\t\t<div id=\"ngg-image-9\" class=\"ngg-gallery-thumbnail-box \n\t\t\t\t\t\t\t\t\t\t\t\" \n\t\t\t>\n\t\t\t\t\t\t<div class=\"ngg-gallery-thumbnail\">\n\t\t\t<a href=\"https:\/\/dom-glina.hr\/wp-content\/gallery\/proslava-rodendana-korisnika-doma-za-starije-osobe-glina\/37835226_234468767181465_4719300564377141248_o1.jpg\"\n\t\t\t\ttitle=\"\"\n\t\t\t\tdata-src=\"https:\/\/dom-glina.hr\/wp-content\/gallery\/proslava-rodendana-korisnika-doma-za-starije-osobe-glina\/37835226_234468767181465_4719300564377141248_o1.jpg\"\n\t\t\t\tdata-thumbnail=\"https:\/\/dom-glina.hr\/wp-content\/gallery\/proslava-rodendana-korisnika-doma-za-starije-osobe-glina\/thumbs\/thumbs_37835226_234468767181465_4719300564377141248_o1.jpg\"\n\t\t\t\tdata-image-id=\"72\"\n\t\t\t\tdata-title=\"37835226_234468767181465_4719300564377141248_o[1]\"\n\t\t\t\tdata-description=\"\"\n\t\t\t\tdata-image-slug=\"37835226_234468767181465_4719300564377141248_o1\"\n\t\t\t\tclass=\"ngg-fancybox\" rel=\"70ec5d341a596e4dd1f4470d69633ec6\">\n\t\t\t\t<img\n\t\t\t\t\ttitle=\"37835226_234468767181465_4719300564377141248_o[1]\"\n\t\t\t\t\talt=\"37835226_234468767181465_4719300564377141248_o[1]\"\n\t\t\t\t\tsrc=\"https:\/\/dom-glina.hr\/wp-content\/gallery\/proslava-rodendana-korisnika-doma-za-starije-osobe-glina\/thumbs\/thumbs_37835226_234468767181465_4719300564377141248_o1.jpg\"\n\t\t\t\t\twidth=\"240\"\n\t\t\t\t\theight=\"160\"\n\t\t\t\t\tstyle=\"max-width:100%;\"\n\t\t\t\t\/>\n\t\t\t<\/a>\n\t\t<\/div>\n\t\t\t\t\t\t\t<\/div> \n\t\t\t\n\t\t\t\t<div id=\"ngg-image-10\" class=\"ngg-gallery-thumbnail-box \n\t\t\t\t\t\t\t\t\t\t\t\" \n\t\t\t>\n\t\t\t\t\t\t<div class=\"ngg-gallery-thumbnail\">\n\t\t\t<a href=\"https:\/\/dom-glina.hr\/wp-content\/gallery\/proslava-rodendana-korisnika-doma-za-starije-osobe-glina\/37839815_234468353848173_8663978891880169472_o1.jpg\"\n\t\t\t\ttitle=\"\"\n\t\t\t\tdata-src=\"https:\/\/dom-glina.hr\/wp-content\/gallery\/proslava-rodendana-korisnika-doma-za-starije-osobe-glina\/37839815_234468353848173_8663978891880169472_o1.jpg\"\n\t\t\t\tdata-thumbnail=\"https:\/\/dom-glina.hr\/wp-content\/gallery\/proslava-rodendana-korisnika-doma-za-starije-osobe-glina\/thumbs\/thumbs_37839815_234468353848173_8663978891880169472_o1.jpg\"\n\t\t\t\tdata-image-id=\"73\"\n\t\t\t\tdata-title=\"37839815_234468353848173_8663978891880169472_o[1]\"\n\t\t\t\tdata-description=\"\"\n\t\t\t\tdata-image-slug=\"37839815_234468353848173_8663978891880169472_o1\"\n\t\t\t\tclass=\"ngg-fancybox\" rel=\"70ec5d341a596e4dd1f4470d69633ec6\">\n\t\t\t\t<img\n\t\t\t\t\ttitle=\"37839815_234468353848173_8663978891880169472_o[1]\"\n\t\t\t\t\talt=\"37839815_234468353848173_8663978891880169472_o[1]\"\n\t\t\t\t\tsrc=\"https:\/\/dom-glina.hr\/wp-content\/gallery\/proslava-rodendana-korisnika-doma-za-starije-osobe-glina\/thumbs\/thumbs_37839815_234468353848173_8663978891880169472_o1.jpg\"\n\t\t\t\t\twidth=\"240\"\n\t\t\t\t\theight=\"160\"\n\t\t\t\t\tstyle=\"max-width:100%;\"\n\t\t\t\t\/>\n\t\t\t<\/a>\n\t\t<\/div>\n\t\t\t\t\t\t\t<\/div> \n\t\t\t\n\t\t\t\t<div id=\"ngg-image-11\" class=\"ngg-gallery-thumbnail-box \n\t\t\t\t\t\t\t\t\t\t\t\" \n\t\t\t>\n\t\t\t\t\t\t<div class=\"ngg-gallery-thumbnail\">\n\t\t\t<a href=\"https:\/\/dom-glina.hr\/wp-content\/gallery\/proslava-rodendana-korisnika-doma-za-starije-osobe-glina\/37881975_234468133848195_9042093012162707456_o1.jpg\"\n\t\t\t\ttitle=\"\"\n\t\t\t\tdata-src=\"https:\/\/dom-glina.hr\/wp-content\/gallery\/proslava-rodendana-korisnika-doma-za-starije-osobe-glina\/37881975_234468133848195_9042093012162707456_o1.jpg\"\n\t\t\t\tdata-thumbnail=\"https:\/\/dom-glina.hr\/wp-content\/gallery\/proslava-rodendana-korisnika-doma-za-starije-osobe-glina\/thumbs\/thumbs_37881975_234468133848195_9042093012162707456_o1.jpg\"\n\t\t\t\tdata-image-id=\"74\"\n\t\t\t\tdata-title=\"37881975_234468133848195_9042093012162707456_o[1]\"\n\t\t\t\tdata-description=\"\"\n\t\t\t\tdata-image-slug=\"37881975_234468133848195_9042093012162707456_o1\"\n\t\t\t\tclass=\"ngg-fancybox\" rel=\"70ec5d341a596e4dd1f4470d69633ec6\">\n\t\t\t\t<img\n\t\t\t\t\ttitle=\"37881975_234468133848195_9042093012162707456_o[1]\"\n\t\t\t\t\talt=\"37881975_234468133848195_9042093012162707456_o[1]\"\n\t\t\t\t\tsrc=\"https:\/\/dom-glina.hr\/wp-content\/gallery\/proslava-rodendana-korisnika-doma-za-starije-osobe-glina\/thumbs\/thumbs_37881975_234468133848195_9042093012162707456_o1.jpg\"\n\t\t\t\t\twidth=\"240\"\n\t\t\t\t\theight=\"160\"\n\t\t\t\t\tstyle=\"max-width:100%;\"\n\t\t\t\t\/>\n\t\t\t<\/a>\n\t\t<\/div>\n\t\t\t\t\t\t\t<\/div> \n\t\t\t\n\t\t\t\t<div id=\"ngg-image-12\" class=\"ngg-gallery-thumbnail-box \n\t\t\t\t\t\t\t\t\t\t\t\" \n\t\t\t>\n\t\t\t\t\t\t<div class=\"ngg-gallery-thumbnail\">\n\t\t\t<a href=\"https:\/\/dom-glina.hr\/wp-content\/gallery\/proslava-rodendana-korisnika-doma-za-starije-osobe-glina\/20180726_140550.jpg\"\n\t\t\t\ttitle=\"\"\n\t\t\t\tdata-src=\"https:\/\/dom-glina.hr\/wp-content\/gallery\/proslava-rodendana-korisnika-doma-za-starije-osobe-glina\/20180726_140550.jpg\"\n\t\t\t\tdata-thumbnail=\"https:\/\/dom-glina.hr\/wp-content\/gallery\/proslava-rodendana-korisnika-doma-za-starije-osobe-glina\/thumbs\/thumbs_20180726_140550.jpg\"\n\t\t\t\tdata-image-id=\"75\"\n\t\t\t\tdata-title=\"20180726_140550\"\n\t\t\t\tdata-description=\"\"\n\t\t\t\tdata-image-slug=\"20180726_140550\"\n\t\t\t\tclass=\"ngg-fancybox\" rel=\"70ec5d341a596e4dd1f4470d69633ec6\">\n\t\t\t\t<img\n\t\t\t\t\ttitle=\"20180726_140550\"\n\t\t\t\t\talt=\"20180726_140550\"\n\t\t\t\t\tsrc=\"https:\/\/dom-glina.hr\/wp-content\/gallery\/proslava-rodendana-korisnika-doma-za-starije-osobe-glina\/thumbs\/thumbs_20180726_140550.jpg\"\n\t\t\t\t\twidth=\"240\"\n\t\t\t\t\theight=\"160\"\n\t\t\t\t\tstyle=\"max-width:100%;\"\n\t\t\t\t\/>\n\t\t\t<\/a>\n\t\t<\/div>\n\t\t\t\t\t\t\t<\/div> \n\t\t\t\n\t\t\t\t<div id=\"ngg-image-13\" class=\"ngg-gallery-thumbnail-box \n\t\t\t\t\t\t\t\t\t\t\t\" \n\t\t\t>\n\t\t\t\t\t\t<div class=\"ngg-gallery-thumbnail\">\n\t\t\t<a href=\"https:\/\/dom-glina.hr\/wp-content\/gallery\/proslava-rodendana-korisnika-doma-za-starije-osobe-glina\/20180726_140604.jpg\"\n\t\t\t\ttitle=\"\"\n\t\t\t\tdata-src=\"https:\/\/dom-glina.hr\/wp-content\/gallery\/proslava-rodendana-korisnika-doma-za-starije-osobe-glina\/20180726_140604.jpg\"\n\t\t\t\tdata-thumbnail=\"https:\/\/dom-glina.hr\/wp-content\/gallery\/proslava-rodendana-korisnika-doma-za-starije-osobe-glina\/thumbs\/thumbs_20180726_140604.jpg\"\n\t\t\t\tdata-image-id=\"76\"\n\t\t\t\tdata-title=\"20180726_140604\"\n\t\t\t\tdata-description=\"\"\n\t\t\t\tdata-image-slug=\"20180726_140604\"\n\t\t\t\tclass=\"ngg-fancybox\" rel=\"70ec5d341a596e4dd1f4470d69633ec6\">\n\t\t\t\t<img\n\t\t\t\t\ttitle=\"20180726_140604\"\n\t\t\t\t\talt=\"20180726_140604\"\n\t\t\t\t\tsrc=\"https:\/\/dom-glina.hr\/wp-content\/gallery\/proslava-rodendana-korisnika-doma-za-starije-osobe-glina\/thumbs\/thumbs_20180726_140604.jpg\"\n\t\t\t\t\twidth=\"240\"\n\t\t\t\t\theight=\"160\"\n\t\t\t\t\tstyle=\"max-width:100%;\"\n\t\t\t\t\/>\n\t\t\t<\/a>\n\t\t<\/div>\n\t\t\t\t\t\t\t<\/div> \n\t\t\t\n\t\t\t\t<div id=\"ngg-image-14\" class=\"ngg-gallery-thumbnail-box \n\t\t\t\t\t\t\t\t\t\t\t\" \n\t\t\t>\n\t\t\t\t\t\t<div class=\"ngg-gallery-thumbnail\">\n\t\t\t<a href=\"https:\/\/dom-glina.hr\/wp-content\/gallery\/proslava-rodendana-korisnika-doma-za-starije-osobe-glina\/20180726_141548.jpg\"\n\t\t\t\ttitle=\"\"\n\t\t\t\tdata-src=\"https:\/\/dom-glina.hr\/wp-content\/gallery\/proslava-rodendana-korisnika-doma-za-starije-osobe-glina\/20180726_141548.jpg\"\n\t\t\t\tdata-thumbnail=\"https:\/\/dom-glina.hr\/wp-content\/gallery\/proslava-rodendana-korisnika-doma-za-starije-osobe-glina\/thumbs\/thumbs_20180726_141548.jpg\"\n\t\t\t\tdata-image-id=\"77\"\n\t\t\t\tdata-title=\"20180726_141548\"\n\t\t\t\tdata-description=\"\"\n\t\t\t\tdata-image-slug=\"20180726_141548\"\n\t\t\t\tclass=\"ngg-fancybox\" rel=\"70ec5d341a596e4dd1f4470d69633ec6\">\n\t\t\t\t<img\n\t\t\t\t\ttitle=\"20180726_141548\"\n\t\t\t\t\talt=\"20180726_141548\"\n\t\t\t\t\tsrc=\"https:\/\/dom-glina.hr\/wp-content\/gallery\/proslava-rodendana-korisnika-doma-za-starije-osobe-glina\/thumbs\/thumbs_20180726_141548.jpg\"\n\t\t\t\t\twidth=\"240\"\n\t\t\t\t\theight=\"160\"\n\t\t\t\t\tstyle=\"max-width:100%;\"\n\t\t\t\t\/>\n\t\t\t<\/a>\n\t\t<\/div>\n\t\t\t\t\t\t\t<\/div> \n\t\t\t\n\t\n\t<br style=\"clear: both\" \/>\n\n\t\n\t\t<!-- Pagination -->\n\t\t<div class='ngg-clear'><\/div>\t<\/div>\n\n","protected":false},"excerpt":{"rendered":"<p>Svim slavljenicima koji imaju ro\u0111endan u razdoblju od svibnja do kolovoza djelatnici Doma su pripremili ugodno iznena\u0111enje uz glazbu, ro\u0111endansku tortu, kola\u010de i prigodne poklone. To je prvo ro\u0111endansko slavlje u Domu, koje planiramo i u budu\u0107nosti obilje\u017eavati. \u017deljeli smo slavljenicima omogu\u0107iti dru\u017eenje uz svira\u010de i skromni domjenak, da se osje\u0107aju ugodno i budu sretni.&hellip;<\/p>\n","protected":false},"author":1,"featured_media":1128,"comment_status":"closed","ping_status":"closed","sticky":false,"template":"","format":"standard","meta":{"_monsterinsights_skip_tracking":false,"_monsterinsights_sitenote_active":false,"_monsterinsights_sitenote_note":"","_monsterinsights_sitenote_category":0,"ngg_post_thumbnail":0,"footnotes":""},"categories":[2],"tags":[],"aioseo_notices":[],"_links":{"self":[{"href":"https:\/\/dom-glina.hr\/index.php?rest_route=\/wp\/v2\/posts\/1101"}],"collection":[{"href":"https:\/\/dom-glina.hr\/index.php?rest_route=\/wp\/v2\/posts"}],"about":[{"href":"https:\/\/dom-glina.hr\/index.php?rest_route=\/wp\/v2\/types\/post"}],"author":[{"embeddable":true,"href":"https:\/\/dom-glina.hr\/index.php?rest_route=\/wp\/v2\/users\/1"}],"replies":[{"embeddable":true,"href":"https:\/\/dom-glina.hr\/index.php?rest_route=%2Fwp%2Fv2%2Fcomments&post=1101"}],"version-history":[{"count":2,"href":"https:\/\/dom-glina.hr\/index.php?rest_route=\/wp\/v2\/posts\/1101\/revisions"}],"predecessor-version":[{"id":1131,"href":"https:\/\/dom-glina.hr\/index.php?rest_route=\/wp\/v2\/posts\/1101\/revisions\/1131"}],"wp:featuredmedia":[{"embeddable":true,"href":"https:\/\/dom-glina.hr\/index.php?rest_route=\/wp\/v2\/media\/1128"}],"wp:attachment":[{"href":"https:\/\/dom-glina.hr\/index.php?rest_route=%2Fwp%2Fv2%2Fmedia&parent=1101"}],"wp:term":[{"taxonomy":"category","embeddable":true,"href":"https:\/\/dom-glina.hr\/index.php?rest_route=%2Fwp%2Fv2%2Fcategories&post=1101"},{"taxonomy":"post_tag","embeddable":true,"href":"https:\/\/dom-glina.hr\/index.php?rest_route=%2Fwp%2Fv2%2Ftags&post=1101"}],"curies":[{"name":"wp","href":"https:\/\/api.w.org\/{rel}","templated":true}]}}