{"id":1080,"date":"2018-07-25T15:58:20","date_gmt":"2018-07-25T13:58:20","guid":{"rendered":"http:\/\/dom-glina.hr\/?p=1080"},"modified":"2018-07-25T15:58:20","modified_gmt":"2018-07-25T13:58:20","slug":"zastita-osoba-starije-zivotne-dobi","status":"publish","type":"post","link":"https:\/\/dom-glina.hr\/?p=1080","title":{"rendered":"Za\u0161tita osoba starije \u017eivotne dobi"},"content":{"rendered":"<p style=\"text-align: justify;\">Informativno &#8211; edukacijski susret Za\u0161tita osoba starije \u017eivotne dobi<\/p>\n<p style=\"text-align: justify;\">U Domu za starije osobe Glina u Glini dana 24.7.2018.g. u 9.30 sati odr\u017eana je informativna radionica u okviru Projekta: Informirana zajednica \u2013 primarna prevencija nasilja nad starijim osobama.<br \/>\nVoditeljica iste bila je dr. sc. Da\u0161a Poredo\u0161 Lavor.<\/p>\n<p style=\"text-align: justify;\">Projekt koji provodi Gra\u0111anska inicijativa \u201eMoj grad Sisak\u201c, financiran je sredstvima Ministarstva za demografiju, obitelj, mlade i socijalnu politiku, a sufinanciran sredstvima Grada Siska. Partneri na projektu su Op\u0107ina Hrvatska Dubica i Op\u0107ina Lekenik. Projekt se provodi uz podr\u0161ku suradnika u lokalnoj zajednice kao \u0161to su PU SM\u017d, Projekt gra\u0111anskih Prava Sisak te Ina.<\/p>\n<p style=\"text-align: justify;\">Radilo se o dru\u017eenju u neformalnoj atmosferi u Domu za starije osobe Glina uz prisustvo ravnateljice Renate Tominovi\u0107 Cekovi\u0107, ve\u0107eg broja korisnika Doma, predstavnika PP Glina \/zamjenik na\u010delnika Trdina \u017deljko\/ , Crvenog kri\u017ea Glina te udruge Projekt gra\u0111anskih prava Sisak. Na po\u010detku nazo\u010dne je pozdravila ravnateljica Doma, Renata Tominovi\u0107 Cekovi\u0107 uz rije\u010di zahvale te kontakt policajac Alfred Jecl PP Glina koja provodi postupke prevencije nasilja nad starijim osobama.<\/p>\n<p style=\"text-align: justify;\">Na susretu je bila rije\u010d o osobitostima \u017eivota osoba starije \u017eivotne dobi, mogu\u0107im pojavnim oblicima zapu\u0161tanja, zanemarivanja i zlostavljanja \u2013 kao i na\u010dinima za\u0161tite od iskori\u0161tavanja i prijevara. Na susretu se mogao pogledati i kratak film koji je na ovu temu snimljen u na\u0161oj \u017eupaniji.<\/p>\n<p style=\"text-align: justify;\">Tijekom radionice voditeljica projekta Informirana zajednica \u2013 primarna prevencija nasilja nad starijim osobama dr. sc. Da\u0161a Poredo\u0161 Lavor predstavila je dosada\u0161nja postignu\u0107a projekta, opisala provedene preventivne aktivnosti u zajednici kao i pokazatelje koji mogu ukazivati na postojanje zapu\u0161tanja, zanemarivanja i zlostavljanja starijih osoba u obitelji i dru\u0161tvu.<\/p>\n<p><span style=\"text-decoration: underline; color: #3366ff;\"><em><a style=\"color: #3366ff; text-decoration: underline;\" href=\"http:\/\/dom-glina.hr\/wp-content\/uploads\/2018\/07\/Zastita-osoba-starije-\u017eivotne-dobi.pdf\" target=\"_blank\" rel=\"noopener\">Zastita osoba starije \u017eivotne dobi<\/a>&nbsp;<\/em><\/span>(pdf)<\/p>\n<p>&nbsp;<\/p>\n<!-- default-view.php -->\n<div\n\tclass=\"ngg-galleryoverview default-view \n\t ngg-ajax-pagination-none\t\"\n\tid=\"ngg-gallery-8b10ddddf23c293a0bf1189fbc718fc4-1\">\n\n\t\t<!-- Thumbnails -->\n\t\t\t\t<div id=\"ngg-image-0\" class=\"ngg-gallery-thumbnail-box \n\t\t\t\t\t\t\t\t\t\t\t\" \n\t\t\t>\n\t\t\t\t\t\t<div class=\"ngg-gallery-thumbnail\">\n\t\t\t<a href=\"https:\/\/dom-glina.hr\/wp-content\/gallery\/zastita-osoba-starije-zivotne-dobi\/susret_1.jpg\"\n\t\t\t\ttitle=\"\"\n\t\t\t\tdata-src=\"https:\/\/dom-glina.hr\/wp-content\/gallery\/zastita-osoba-starije-zivotne-dobi\/susret_1.jpg\"\n\t\t\t\tdata-thumbnail=\"https:\/\/dom-glina.hr\/wp-content\/gallery\/zastita-osoba-starije-zivotne-dobi\/thumbs\/thumbs_susret_1.jpg\"\n\t\t\t\tdata-image-id=\"61\"\n\t\t\t\tdata-title=\"susret_1\"\n\t\t\t\tdata-description=\"\"\n\t\t\t\tdata-image-slug=\"susret_1\"\n\t\t\t\tclass=\"ngg-fancybox\" rel=\"8b10ddddf23c293a0bf1189fbc718fc4\">\n\t\t\t\t<img\n\t\t\t\t\ttitle=\"susret_1\"\n\t\t\t\t\talt=\"susret_1\"\n\t\t\t\t\tsrc=\"https:\/\/dom-glina.hr\/wp-content\/gallery\/zastita-osoba-starije-zivotne-dobi\/thumbs\/thumbs_susret_1.jpg\"\n\t\t\t\t\twidth=\"240\"\n\t\t\t\t\theight=\"160\"\n\t\t\t\t\tstyle=\"max-width:100%;\"\n\t\t\t\t\/>\n\t\t\t<\/a>\n\t\t<\/div>\n\t\t\t\t\t\t\t<\/div> \n\t\t\t\n\t\t\t\t<div id=\"ngg-image-1\" class=\"ngg-gallery-thumbnail-box \n\t\t\t\t\t\t\t\t\t\t\t\" \n\t\t\t>\n\t\t\t\t\t\t<div class=\"ngg-gallery-thumbnail\">\n\t\t\t<a href=\"https:\/\/dom-glina.hr\/wp-content\/gallery\/zastita-osoba-starije-zivotne-dobi\/susret_2.jpg\"\n\t\t\t\ttitle=\"\"\n\t\t\t\tdata-src=\"https:\/\/dom-glina.hr\/wp-content\/gallery\/zastita-osoba-starije-zivotne-dobi\/susret_2.jpg\"\n\t\t\t\tdata-thumbnail=\"https:\/\/dom-glina.hr\/wp-content\/gallery\/zastita-osoba-starije-zivotne-dobi\/thumbs\/thumbs_susret_2.jpg\"\n\t\t\t\tdata-image-id=\"62\"\n\t\t\t\tdata-title=\"susret_2\"\n\t\t\t\tdata-description=\"\"\n\t\t\t\tdata-image-slug=\"susret_2\"\n\t\t\t\tclass=\"ngg-fancybox\" rel=\"8b10ddddf23c293a0bf1189fbc718fc4\">\n\t\t\t\t<img\n\t\t\t\t\ttitle=\"susret_2\"\n\t\t\t\t\talt=\"susret_2\"\n\t\t\t\t\tsrc=\"https:\/\/dom-glina.hr\/wp-content\/gallery\/zastita-osoba-starije-zivotne-dobi\/thumbs\/thumbs_susret_2.jpg\"\n\t\t\t\t\twidth=\"240\"\n\t\t\t\t\theight=\"160\"\n\t\t\t\t\tstyle=\"max-width:100%;\"\n\t\t\t\t\/>\n\t\t\t<\/a>\n\t\t<\/div>\n\t\t\t\t\t\t\t<\/div> \n\t\t\t\n\t\n\t<br style=\"clear: both\" \/>\n\n\t\n\t\t<!-- Pagination -->\n\t\t<div class='ngg-clear'><\/div>\t<\/div>\n\n","protected":false},"excerpt":{"rendered":"<p>Informativno &#8211; edukacijski susret Za\u0161tita osoba starije \u017eivotne dobi U Domu za starije osobe Glina u Glini dana 24.7.2018.g. u 9.30 sati odr\u017eana je informativna radionica u okviru Projekta: Informirana zajednica \u2013 primarna prevencija nasilja nad starijim osobama. Voditeljica iste bila je dr. sc. Da\u0161a Poredo\u0161 Lavor. Projekt koji provodi Gra\u0111anska inicijativa \u201eMoj grad Sisak\u201c,&hellip;<\/p>\n","protected":false},"author":1,"featured_media":1088,"comment_status":"closed","ping_status":"closed","sticky":false,"template":"","format":"standard","meta":{"_monsterinsights_skip_tracking":false,"_monsterinsights_sitenote_active":false,"_monsterinsights_sitenote_note":"","_monsterinsights_sitenote_category":0,"ngg_post_thumbnail":0,"footnotes":""},"categories":[2],"tags":[],"aioseo_notices":[],"_links":{"self":[{"href":"https:\/\/dom-glina.hr\/index.php?rest_route=\/wp\/v2\/posts\/1080"}],"collection":[{"href":"https:\/\/dom-glina.hr\/index.php?rest_route=\/wp\/v2\/posts"}],"about":[{"href":"https:\/\/dom-glina.hr\/index.php?rest_route=\/wp\/v2\/types\/post"}],"author":[{"embeddable":true,"href":"https:\/\/dom-glina.hr\/index.php?rest_route=\/wp\/v2\/users\/1"}],"replies":[{"embeddable":true,"href":"https:\/\/dom-glina.hr\/index.php?rest_route=%2Fwp%2Fv2%2Fcomments&post=1080"}],"version-history":[{"count":1,"href":"https:\/\/dom-glina.hr\/index.php?rest_route=\/wp\/v2\/posts\/1080\/revisions"}],"predecessor-version":[{"id":1089,"href":"https:\/\/dom-glina.hr\/index.php?rest_route=\/wp\/v2\/posts\/1080\/revisions\/1089"}],"wp:featuredmedia":[{"embeddable":true,"href":"https:\/\/dom-glina.hr\/index.php?rest_route=\/wp\/v2\/media\/1088"}],"wp:attachment":[{"href":"https:\/\/dom-glina.hr\/index.php?rest_route=%2Fwp%2Fv2%2Fmedia&parent=1080"}],"wp:term":[{"taxonomy":"category","embeddable":true,"href":"https:\/\/dom-glina.hr\/index.php?rest_route=%2Fwp%2Fv2%2Fcategories&post=1080"},{"taxonomy":"post_tag","embeddable":true,"href":"https:\/\/dom-glina.hr\/index.php?rest_route=%2Fwp%2Fv2%2Ftags&post=1080"}],"curies":[{"name":"wp","href":"https:\/\/api.w.org\/{rel}","templated":true}]}}